{"id":78924,"date":"2026-03-14T20:08:00","date_gmt":"2026-03-14T23:08:00","guid":{"rendered":"https:\/\/www.portalalerta.com.br\/?p=78924"},"modified":"2026-03-14T20:47:59","modified_gmt":"2026-03-14T23:47:59","slug":"criminoso-morre-em-confronto-com-a-policia-durante-tentativa-de-cumprimento-de-mandado-de-prisao-em-ribeira-do-pombal-ba","status":"publish","type":"post","link":"https:\/\/www.portalalerta.com.br\/index.php\/2026\/03\/14\/criminoso-morre-em-confronto-com-a-policia-durante-tentativa-de-cumprimento-de-mandado-de-prisao-em-ribeira-do-pombal-ba\/","title":{"rendered":"Criminoso morre em confronto com a pol\u00edcia durante tentativa de cumprimento de mandado de pris\u00e3o, em Ribeira do Pombal-BA"},"content":{"rendered":"\n<p>Na manh\u00e3 deste s\u00e1bado (14), uma a\u00e7\u00e3o policial realizada no munic\u00edpio de Ribeira do Pombal-BA, cujo objetivo seria o cumprimento de um mandado de pris\u00e3o oriundo da Comarca de Cip\u00f3-BA, terminou com um criminoso morto.<\/p>\n\n\n\n<!--more-->\n\n\n<div class=\"wp-block-image\">\n<figure class=\"alignleft size-large is-resized\"><img fetchpriority=\"high\" decoding=\"async\" width=\"819\" height=\"1024\" src=\"https:\/\/www.portalalerta.com.br\/wp-content\/uploads\/2026\/03\/Marco-Lilas-Real-2026-819x1024.jpg\" alt=\"\" class=\"wp-image-78794\" style=\"width:370px;height:auto\" srcset=\"https:\/\/www.portalalerta.com.br\/wp-content\/uploads\/2026\/03\/Marco-Lilas-Real-2026-819x1024.jpg 819w, https:\/\/www.portalalerta.com.br\/wp-content\/uploads\/2026\/03\/Marco-Lilas-Real-2026-192x240.jpg 192w, https:\/\/www.portalalerta.com.br\/wp-content\/uploads\/2026\/03\/Marco-Lilas-Real-2026-768x960.jpg 768w, https:\/\/www.portalalerta.com.br\/wp-content\/uploads\/2026\/03\/Marco-Lilas-Real-2026.jpg 1024w\" sizes=\"(max-width: 819px) 100vw, 819px\" \/><\/figure><\/div>\n\n\n<p>A a\u00e7\u00e3o foi realizada por policiais militares da Rondesp Nordeste e tinha como objetivo prender <strong>Gustavo Guilherme Santana Ferreira (Gu)<\/strong>, em cumprimento \u00e0 referida ordem judicial onde ele era acusado da pr\u00e1tica de roubo majorado, e que na ocasi\u00e3o, durante a fuga, havia confrontado com policiais. Diante do risco ofertado pelo criminoso, a ju\u00edza Ana Laura Bezerra Santos, decretou a pris\u00e3o preventiva do mesmo.<\/p>\n\n\n\n<p>J\u00e1 na manh\u00e3 deste s\u00e1bado, Gustavo foi encontrado pelos policiais na Travessa da Rua Padre Mendon\u00e7a, centro de Ribeira do Pombal, e mais uma vez teria efetuado disparos de arma de fogo em dire\u00e7\u00e3o as guarni\u00e7\u00f5es, gerando assim um novo confronto, por\u00e9m desta vez, o Gustavo foi alvejado, e gravemente ferido foi socorrido para o Hospital Geral Santa Tereza, na cidade, onde foi constatado o seu \u00f3bito.<\/p>\n\n\n\n<p>Al\u00e9m da arma de fogo utilizada para atirar nos policiais, um rev\u00f3lver cal. 32, foram apreendidos em posse do rapaz: <strong>01 balan\u00e7a de precis\u00e3o, e por\u00e7\u00f5es de maconha (quantidade n\u00e3o divulgada)<\/strong>.<\/p>\n\n\n\n<p>O material apreendido foi apresentado na Delegacia de Pol\u00edcia Civil onde o caso foi registrado.<\/p>\n\n\n\n<p><em>Reda\u00e7\u00e3o: Portal Alerta<\/em><\/p>\n","protected":false},"excerpt":{"rendered":"<p>Na manh\u00e3 deste s\u00e1bado (14), uma a\u00e7\u00e3o policial realizada no munic\u00edpio de Ribeira do Pombal-BA, cujo objetivo seria o cumprimento de um mandado de pris\u00e3o oriundo da Comarca de Cip\u00f3-BA, terminou com um criminoso morto.<\/p>\n","protected":false},"author":2,"featured_media":78925,"comment_status":"open","ping_status":"open","sticky":false,"template":"","format":"standard","meta":{"om_disable_all_campaigns":false,"_monsterinsights_skip_tracking":false,"_monsterinsights_sitenote_active":false,"_monsterinsights_sitenote_note":"","_monsterinsights_sitenote_category":0,"footnotes":""},"categories":[8473,69,32,3,22],"tags":[100,71,48,75,4178,178,4180,129,107,4181,132,230,488,169,106,203,120,51,79,109,88,47,6717,111,190],"class_list":["post-78924","post","type-post","status-publish","format-standard","has-post-thumbnail","hentry","category-destaque","category-noticias2","category-regiao","category-ribeira-do-pombal","category-seguranca","tag-adustina","tag-antas","tag-araci","tag-cicero-dantas","tag-cipo-2","tag-confronto","tag-crisopolis-2","tag-euclides-da-cunha","tag-fatima","tag-heliopolis-2","tag-itapicuru","tag-jeremoabo","tag-mandado-de-prisao","tag-morte","tag-nova-soure","tag-novo-triunfo","tag-olindina","tag-paripiranga","tag-policia-militar","tag-quijingue","tag-ribeira-do-amparo","tag-ribeira-do-pombal","tag-rondesp-nordeste","tag-sitio-do-quinto","tag-tucano"],"aioseo_notices":[],"_links":{"self":[{"href":"https:\/\/www.portalalerta.com.br\/index.php\/wp-json\/wp\/v2\/posts\/78924","targetHints":{"allow":["GET"]}}],"collection":[{"href":"https:\/\/www.portalalerta.com.br\/index.php\/wp-json\/wp\/v2\/posts"}],"about":[{"href":"https:\/\/www.portalalerta.com.br\/index.php\/wp-json\/wp\/v2\/types\/post"}],"author":[{"embeddable":true,"href":"https:\/\/www.portalalerta.com.br\/index.php\/wp-json\/wp\/v2\/users\/2"}],"replies":[{"embeddable":true,"href":"https:\/\/www.portalalerta.com.br\/index.php\/wp-json\/wp\/v2\/comments?post=78924"}],"version-history":[{"count":1,"href":"https:\/\/www.portalalerta.com.br\/index.php\/wp-json\/wp\/v2\/posts\/78924\/revisions"}],"predecessor-version":[{"id":78926,"href":"https:\/\/www.portalalerta.com.br\/index.php\/wp-json\/wp\/v2\/posts\/78924\/revisions\/78926"}],"wp:featuredmedia":[{"embeddable":true,"href":"https:\/\/www.portalalerta.com.br\/index.php\/wp-json\/wp\/v2\/media\/78925"}],"wp:attachment":[{"href":"https:\/\/www.portalalerta.com.br\/index.php\/wp-json\/wp\/v2\/media?parent=78924"}],"wp:term":[{"taxonomy":"category","embeddable":true,"href":"https:\/\/www.portalalerta.com.br\/index.php\/wp-json\/wp\/v2\/categories?post=78924"},{"taxonomy":"post_tag","embeddable":true,"href":"https:\/\/www.portalalerta.com.br\/index.php\/wp-json\/wp\/v2\/tags?post=78924"}],"curies":[{"name":"wp","href":"https:\/\/api.w.org\/{rel}","templated":true}]}}