{"id":78931,"date":"2026-03-15T21:20:17","date_gmt":"2026-03-16T00:20:17","guid":{"rendered":"https:\/\/www.portalalerta.com.br\/?p=78931"},"modified":"2026-03-15T21:20:18","modified_gmt":"2026-03-16T00:20:18","slug":"ribeira-do-pombal-recebe-selo-alianca-pela-cidadania-digital-2025","status":"publish","type":"post","link":"https:\/\/www.portalalerta.com.br\/index.php\/2026\/03\/15\/ribeira-do-pombal-recebe-selo-alianca-pela-cidadania-digital-2025\/","title":{"rendered":"Ribeira do Pombal recebe Selo Alian\u00e7a pela Cidadania Digital 2025"},"content":{"rendered":"\n<p>A Secretaria Municipal de Educa\u00e7\u00e3o de Ribeira do Pombal foi agraciada com o Selo Alian\u00e7a pela Cidadania Digital 2025, em uma a\u00e7\u00e3o de reconhecimento promovida pela SaferNet Brasil em parceria com o Governo do Reino Unido. Esta certifica\u00e7\u00e3o destaca o compromisso da rede municipal em fomentar pr\u00e1ticas que incentivam o uso seguro e respons\u00e1vel das tecnologias digitais.<\/p>\n\n\n\n<!--more-->\n\n\n<div class=\"wp-block-image\">\n<figure class=\"alignleft size-large is-resized\"><img fetchpriority=\"high\" decoding=\"async\" width=\"819\" height=\"1024\" src=\"https:\/\/www.portalalerta.com.br\/wp-content\/uploads\/2026\/03\/Marco-Lilas-Real-2026-819x1024.jpg\" alt=\"\" class=\"wp-image-78794\" style=\"width:385px;height:auto\" srcset=\"https:\/\/www.portalalerta.com.br\/wp-content\/uploads\/2026\/03\/Marco-Lilas-Real-2026-819x1024.jpg 819w, https:\/\/www.portalalerta.com.br\/wp-content\/uploads\/2026\/03\/Marco-Lilas-Real-2026-192x240.jpg 192w, https:\/\/www.portalalerta.com.br\/wp-content\/uploads\/2026\/03\/Marco-Lilas-Real-2026-768x960.jpg 768w, https:\/\/www.portalalerta.com.br\/wp-content\/uploads\/2026\/03\/Marco-Lilas-Real-2026.jpg 1024w\" sizes=\"(max-width: 819px) 100vw, 819px\" \/><\/figure><\/div>\n\n\n<p>O selo \u00e9 oferecido a institui\u00e7\u00f5es que implementam a\u00e7\u00f5es educativas para conscientizar sobre seguran\u00e7a digital, combate \u00e0 desinforma\u00e7\u00e3o e respeito nas intera\u00e7\u00f5es online. Dessa forma, Ribeira do Pombal se posiciona entre as redes de ensino que buscam preparar os alunos para os desafios apresentados pelo mundo conectado.<\/p>\n\n\n\n<p>O recebimento do Selo refor\u00e7a a determina\u00e7\u00e3o da cidade em proporcionar uma educa\u00e7\u00e3o alinhada \u00e0s transforma\u00e7\u00f5es da sociedade atual, incorporando tecnologia e forma\u00e7\u00e3o cidad\u00e3 em sua proposta pedag\u00f3gica. Al\u00e9m disso, a certifica\u00e7\u00e3o simboliza o esfor\u00e7o conjunto de educadores, gestores e estudantes na constru\u00e7\u00e3o de um ensino que valoriza a consci\u00eancia digital.<\/p>\n\n\n\n<p>A iniciativa demonstra que a educa\u00e7\u00e3o em Ribeira do Pombal visa n\u00e3o apenas o aprendizado acad\u00eamico, mas tamb\u00e9m a forma\u00e7\u00e3o de cidad\u00e3os informados e respons\u00e1veis no ambiente virtual.<\/p>\n\n\n\n<p><em>Fonte: Dia a Dia Nordeste<\/em><\/p>\n","protected":false},"excerpt":{"rendered":"<p>A Secretaria Municipal de Educa\u00e7\u00e3o de Ribeira do Pombal foi agraciada com o Selo Alian\u00e7a pela Cidadania Digital 2025, em uma a\u00e7\u00e3o de reconhecimento promovida pela SaferNet Brasil em parceria com o Governo do Reino Unido. Esta certifica\u00e7\u00e3o destaca o compromisso da rede municipal em fomentar pr\u00e1ticas que incentivam o uso seguro e respons\u00e1vel das &hellip;<\/p>\n","protected":false},"author":2,"featured_media":78932,"comment_status":"open","ping_status":"open","sticky":false,"template":"","format":"standard","meta":{"om_disable_all_campaigns":false,"_monsterinsights_skip_tracking":false,"_monsterinsights_sitenote_active":false,"_monsterinsights_sitenote_note":"","_monsterinsights_sitenote_category":0,"footnotes":""},"categories":[8473,20,69,32,3],"tags":[100,71,48,75,4178,4180,140,129,107,4181,132,230,106,203,120,51,109,88,47,8712,111,190],"class_list":["post-78931","post","type-post","status-publish","format-standard","has-post-thumbnail","hentry","category-destaque","category-educacao","category-noticias2","category-regiao","category-ribeira-do-pombal","tag-adustina","tag-antas","tag-araci","tag-cicero-dantas","tag-cipo-2","tag-crisopolis-2","tag-educacao","tag-euclides-da-cunha","tag-fatima","tag-heliopolis-2","tag-itapicuru","tag-jeremoabo","tag-nova-soure","tag-novo-triunfo","tag-olindina","tag-paripiranga","tag-quijingue","tag-ribeira-do-amparo","tag-ribeira-do-pombal","tag-selo-alianca-pela-cidadania-digital-2025","tag-sitio-do-quinto","tag-tucano"],"aioseo_notices":[],"_links":{"self":[{"href":"https:\/\/www.portalalerta.com.br\/index.php\/wp-json\/wp\/v2\/posts\/78931","targetHints":{"allow":["GET"]}}],"collection":[{"href":"https:\/\/www.portalalerta.com.br\/index.php\/wp-json\/wp\/v2\/posts"}],"about":[{"href":"https:\/\/www.portalalerta.com.br\/index.php\/wp-json\/wp\/v2\/types\/post"}],"author":[{"embeddable":true,"href":"https:\/\/www.portalalerta.com.br\/index.php\/wp-json\/wp\/v2\/users\/2"}],"replies":[{"embeddable":true,"href":"https:\/\/www.portalalerta.com.br\/index.php\/wp-json\/wp\/v2\/comments?post=78931"}],"version-history":[{"count":1,"href":"https:\/\/www.portalalerta.com.br\/index.php\/wp-json\/wp\/v2\/posts\/78931\/revisions"}],"predecessor-version":[{"id":78933,"href":"https:\/\/www.portalalerta.com.br\/index.php\/wp-json\/wp\/v2\/posts\/78931\/revisions\/78933"}],"wp:featuredmedia":[{"embeddable":true,"href":"https:\/\/www.portalalerta.com.br\/index.php\/wp-json\/wp\/v2\/media\/78932"}],"wp:attachment":[{"href":"https:\/\/www.portalalerta.com.br\/index.php\/wp-json\/wp\/v2\/media?parent=78931"}],"wp:term":[{"taxonomy":"category","embeddable":true,"href":"https:\/\/www.portalalerta.com.br\/index.php\/wp-json\/wp\/v2\/categories?post=78931"},{"taxonomy":"post_tag","embeddable":true,"href":"https:\/\/www.portalalerta.com.br\/index.php\/wp-json\/wp\/v2\/tags?post=78931"}],"curies":[{"name":"wp","href":"https:\/\/api.w.org\/{rel}","templated":true}]}}