{"id":78942,"date":"2026-03-16T06:00:00","date_gmt":"2026-03-16T09:00:00","guid":{"rendered":"https:\/\/www.portalalerta.com.br\/?p=78942"},"modified":"2026-03-15T22:11:04","modified_gmt":"2026-03-16T01:11:04","slug":"homem-e-preso-apos-tentar-agredir-policial-com-facao-em-itapicuru-ba","status":"publish","type":"post","link":"https:\/\/www.portalalerta.com.br\/index.php\/2026\/03\/16\/homem-e-preso-apos-tentar-agredir-policial-com-facao-em-itapicuru-ba\/","title":{"rendered":"Homem \u00e9 preso ap\u00f3s tentar agredir policial com fac\u00e3o, em Itapicuru-BA"},"content":{"rendered":"\n<p>Na noite da \u00faltima quinta-feira (12), policiais militares da 6\u00aa CIPM que realizavam rondas de rotina no Distrito de Samba\u00edba, em Itapicuru-BA, foram informados de que um homem estaria amea\u00e7ando populares com um fac\u00e3o, na referida localidade.<\/p>\n\n\n\n<!--more-->\n\n\n<div class=\"wp-block-image\">\n<figure class=\"alignleft size-large is-resized\"><img fetchpriority=\"high\" decoding=\"async\" width=\"819\" height=\"1024\" src=\"https:\/\/www.portalalerta.com.br\/wp-content\/uploads\/2026\/03\/Marco-Lilas-Real-2026-819x1024.jpg\" alt=\"\" class=\"wp-image-78794\" style=\"width:409px;height:auto\" srcset=\"https:\/\/www.portalalerta.com.br\/wp-content\/uploads\/2026\/03\/Marco-Lilas-Real-2026-819x1024.jpg 819w, https:\/\/www.portalalerta.com.br\/wp-content\/uploads\/2026\/03\/Marco-Lilas-Real-2026-192x240.jpg 192w, https:\/\/www.portalalerta.com.br\/wp-content\/uploads\/2026\/03\/Marco-Lilas-Real-2026-768x960.jpg 768w, https:\/\/www.portalalerta.com.br\/wp-content\/uploads\/2026\/03\/Marco-Lilas-Real-2026.jpg 1024w\" sizes=\"(max-width: 819px) 100vw, 819px\" \/><\/figure><\/div>\n\n\n<p>no local indicado, o suspeito foi localizado em frente a uma resid\u00eancia, apresentando comportamento agressivo e bastante alterado. Ao ser dada voz de abordagem, o indiv\u00edduo passou a proferir palavras de baixo cal\u00e3o contra uma policial militar, e na sequ\u00eancia investiu contra ela portando um fac\u00e3o, tentando atingi-la.<br><br>Diante da iminente agress\u00e3o e visando resguardar a integridade da guarni\u00e7\u00e3o, foi necess\u00e1ria a conten\u00e7\u00e3o do indiv\u00edduo.<br><br>Por conseguinte, ele foi conduzido \u00e0 Delegacia Territorial de Alagoinhas para ado\u00e7\u00e3o das medidas cab\u00edveis.<br><br>Fonte: 6\u00aa CIPM<\/p>\n","protected":false},"excerpt":{"rendered":"<p>Na noite da \u00faltima quinta-feira (12), policiais militares da 6\u00aa CIPM que realizavam rondas de rotina no Distrito de Samba\u00edba, em Itapicuru-BA, foram informados de que um homem estaria amea\u00e7ando populares com um fac\u00e3o, na referida localidade.<\/p>\n","protected":false},"author":2,"featured_media":78939,"comment_status":"open","ping_status":"open","sticky":false,"template":"","format":"standard","meta":{"om_disable_all_campaigns":false,"_monsterinsights_skip_tracking":false,"_monsterinsights_sitenote_active":false,"_monsterinsights_sitenote_note":"","_monsterinsights_sitenote_category":0,"footnotes":""},"categories":[8473,18,69,32,22],"tags":[],"class_list":["post-78942","post","type-post","status-publish","format-standard","has-post-thumbnail","hentry","category-destaque","category-itapicuru","category-noticias2","category-regiao","category-seguranca"],"aioseo_notices":[],"_links":{"self":[{"href":"https:\/\/www.portalalerta.com.br\/index.php\/wp-json\/wp\/v2\/posts\/78942","targetHints":{"allow":["GET"]}}],"collection":[{"href":"https:\/\/www.portalalerta.com.br\/index.php\/wp-json\/wp\/v2\/posts"}],"about":[{"href":"https:\/\/www.portalalerta.com.br\/index.php\/wp-json\/wp\/v2\/types\/post"}],"author":[{"embeddable":true,"href":"https:\/\/www.portalalerta.com.br\/index.php\/wp-json\/wp\/v2\/users\/2"}],"replies":[{"embeddable":true,"href":"https:\/\/www.portalalerta.com.br\/index.php\/wp-json\/wp\/v2\/comments?post=78942"}],"version-history":[{"count":1,"href":"https:\/\/www.portalalerta.com.br\/index.php\/wp-json\/wp\/v2\/posts\/78942\/revisions"}],"predecessor-version":[{"id":78943,"href":"https:\/\/www.portalalerta.com.br\/index.php\/wp-json\/wp\/v2\/posts\/78942\/revisions\/78943"}],"wp:featuredmedia":[{"embeddable":true,"href":"https:\/\/www.portalalerta.com.br\/index.php\/wp-json\/wp\/v2\/media\/78939"}],"wp:attachment":[{"href":"https:\/\/www.portalalerta.com.br\/index.php\/wp-json\/wp\/v2\/media?parent=78942"}],"wp:term":[{"taxonomy":"category","embeddable":true,"href":"https:\/\/www.portalalerta.com.br\/index.php\/wp-json\/wp\/v2\/categories?post=78942"},{"taxonomy":"post_tag","embeddable":true,"href":"https:\/\/www.portalalerta.com.br\/index.php\/wp-json\/wp\/v2\/tags?post=78942"}],"curies":[{"name":"wp","href":"https:\/\/api.w.org\/{rel}","templated":true}]}}