{"id":78945,"date":"2026-03-16T06:01:00","date_gmt":"2026-03-16T09:01:00","guid":{"rendered":"https:\/\/www.portalalerta.com.br\/?p=78945"},"modified":"2026-03-15T22:13:27","modified_gmt":"2026-03-16T01:13:27","slug":"quem-era-napoleon-becerra-candidato-a-presidencia-do-peru-que-morreu-em-acidente-de-carro","status":"publish","type":"post","link":"https:\/\/www.portalalerta.com.br\/index.php\/2026\/03\/16\/quem-era-napoleon-becerra-candidato-a-presidencia-do-peru-que-morreu-em-acidente-de-carro\/","title":{"rendered":"Quem era Napole\u00f3n Becerra, candidato \u00e0 presid\u00eancia do Peru que morreu em acidente de carro"},"content":{"rendered":"\n<p>Pol\u00edtico de 61 anos dedicou mais de 40 anos \u00e0 vida p\u00fablica e seguia para evento de campanha quando o ve\u00edculo em que estava capotou<\/p>\n\n\n\n<!--more-->\n\n\n\n<p>Napole\u00f3n Becerra, candidato \u00e0 presid\u00eancia do&nbsp;<a href=\"https:\/\/www.r7.com\/tudo-sobre\/peru\/\"><strong>Peru&nbsp;<\/strong><\/a>pelo Partido dos Trabalhadores e Empreendedores (PTE),&nbsp;<a href=\"https:\/\/noticias.r7.com\/internacional\/candidato-a-presidencia-do-peru-morre-em-acidente-de-transito-15032026\/\"><strong>morreu neste domingo (15)&nbsp;<\/strong><\/a>ap\u00f3s um&nbsp;<a href=\"https:\/\/www.r7.com\/tudo-sobre\/acidente-de-transito\/\"><strong>acidente de tr\u00e2nsito<\/strong><\/a>&nbsp;no sul do pa\u00eds. Ele viajava de carro para um evento de campanha quando o ve\u00edculo capotou nas proximidades da cidade de Ayacucho, segundo autoridades locais.<\/p>\n\n\n\n<p>Becerra participava da disputa presidencial marcada para abril e estava entre os mais de 30 candidatos registrados para a elei\u00e7\u00e3o. De acordo com pesquisas recentes, ele aparecia nas \u00faltimas posi\u00e7\u00f5es nas inten\u00e7\u00f5es de voto.<\/p>\n\n\n<div class=\"wp-block-image\">\n<figure class=\"alignleft size-large is-resized\"><img fetchpriority=\"high\" decoding=\"async\" width=\"819\" height=\"1024\" src=\"https:\/\/www.portalalerta.com.br\/wp-content\/uploads\/2026\/03\/Marco-Lilas-Real-2026-819x1024.jpg\" alt=\"\" class=\"wp-image-78794\" style=\"width:398px;height:auto\" srcset=\"https:\/\/www.portalalerta.com.br\/wp-content\/uploads\/2026\/03\/Marco-Lilas-Real-2026-819x1024.jpg 819w, https:\/\/www.portalalerta.com.br\/wp-content\/uploads\/2026\/03\/Marco-Lilas-Real-2026-192x240.jpg 192w, https:\/\/www.portalalerta.com.br\/wp-content\/uploads\/2026\/03\/Marco-Lilas-Real-2026-768x960.jpg 768w, https:\/\/www.portalalerta.com.br\/wp-content\/uploads\/2026\/03\/Marco-Lilas-Real-2026.jpg 1024w\" sizes=\"(max-width: 819px) 100vw, 819px\" \/><\/figure><\/div>\n\n\n<p>O acidente ocorreu na estrada que liga Lima \u00e0 regi\u00e3o de Ayacucho. O pol\u00edtico chegou a ser levado a um posto de sa\u00fade ap\u00f3s o capotamento, mas n\u00e3o resistiu aos ferimentos. O Jurado Nacional de Elecciones lamentou a morte do candidato e desejou pronta recupera\u00e7\u00e3o \u00e0s outras tr\u00eas pessoas que estavam no ve\u00edculo e ficaram feridas.<\/p>\n\n\n\n<p><strong>Quem era Napole\u00f3n Becerra<\/strong><\/p>\n\n\n\n<p>Nascido em 11 de abril de 1964 na regi\u00e3o de Cajamarca, no norte do Peru, Becerra construiu a maior parte de sua trajet\u00f3ria profissional no setor p\u00fablico. Ele se formou em Ci\u00eancias Administrativas pela Universidad Inca Garcilaso de la Vega, onde tamb\u00e9m obteve o t\u00edtulo de licenciado em Administra\u00e7\u00e3o em 2009.<\/p>\n\n\n\n<p>Antes de entrar na corrida presidencial, trabalhou por mais de quatro d\u00e9cadas na Municipalidad Metropolitana de Lima, onde atuou entre 1984 e 2025 em fun\u00e7\u00f5es administrativas e t\u00e9cnicas. Ao longo desse per\u00edodo, consolidou carreira ligada \u00e0 gest\u00e3o p\u00fablica e \u00e0 administra\u00e7\u00e3o municipal.<\/p>\n\n\n\n<p>Na elei\u00e7\u00e3o de 2026, Becerra integrava a lista de mais de 30 candidatos registrados para disputar o comando do pa\u00eds. Al\u00e9m da candidatura ao Pal\u00e1cio do Governo, tamb\u00e9m concorria a uma vaga no Senado na pr\u00f3xima legislatura.<\/p>\n\n\n\n<p>Antes de fundar o PTE, o pol\u00edtico teve passagens por outras siglas peruanas, como o Juntos por el Per\u00fa, do qual se desligou em 2017, e a Fuerza Democr\u00e1tica, que deixou em 2006. Em sua declara\u00e7\u00e3o patrimonial mais recente apresentada ao Jurado Nacional de Elecciones, informou renda anual de cerca de 72 mil soles (cerca de R$ 111,2 mil) e bens avaliados em aproximadamente 20 mil soles (aproximadamente R$ 31 mil).<\/p>\n\n\n\n<p><em>Fonte: Not\u00edcias r7<\/em><\/p>\n","protected":false},"excerpt":{"rendered":"<p>Pol\u00edtico de 61 anos dedicou mais de 40 anos \u00e0 vida p\u00fablica e seguia para evento de campanha quando o ve\u00edculo em que estava capotou<\/p>\n","protected":false},"author":2,"featured_media":78940,"comment_status":"open","ping_status":"open","sticky":false,"template":"","format":"standard","meta":{"om_disable_all_campaigns":false,"_monsterinsights_skip_tracking":false,"_monsterinsights_sitenote_active":false,"_monsterinsights_sitenote_note":"","_monsterinsights_sitenote_category":0,"footnotes":""},"categories":[8473,35,69,21],"tags":[166,100,71,48,1607,75,4178,4180,129,107,4181,132,230,169,339,8713,106,203,120,51,8714,94,109,88,47,111,190],"class_list":["post-78945","post","type-post","status-publish","format-standard","has-post-thumbnail","hentry","category-destaque","category-mundo","category-noticias2","category-politica","tag-acidente","tag-adustina","tag-antas","tag-araci","tag-candidato","tag-cicero-dantas","tag-cipo-2","tag-crisopolis-2","tag-euclides-da-cunha","tag-fatima","tag-heliopolis-2","tag-itapicuru","tag-jeremoabo","tag-morte","tag-mundo","tag-napoleon-becerra","tag-nova-soure","tag-novo-triunfo","tag-olindina","tag-paripiranga","tag-peru-2","tag-presidente","tag-quijingue","tag-ribeira-do-amparo","tag-ribeira-do-pombal","tag-sitio-do-quinto","tag-tucano"],"aioseo_notices":[],"_links":{"self":[{"href":"https:\/\/www.portalalerta.com.br\/index.php\/wp-json\/wp\/v2\/posts\/78945","targetHints":{"allow":["GET"]}}],"collection":[{"href":"https:\/\/www.portalalerta.com.br\/index.php\/wp-json\/wp\/v2\/posts"}],"about":[{"href":"https:\/\/www.portalalerta.com.br\/index.php\/wp-json\/wp\/v2\/types\/post"}],"author":[{"embeddable":true,"href":"https:\/\/www.portalalerta.com.br\/index.php\/wp-json\/wp\/v2\/users\/2"}],"replies":[{"embeddable":true,"href":"https:\/\/www.portalalerta.com.br\/index.php\/wp-json\/wp\/v2\/comments?post=78945"}],"version-history":[{"count":1,"href":"https:\/\/www.portalalerta.com.br\/index.php\/wp-json\/wp\/v2\/posts\/78945\/revisions"}],"predecessor-version":[{"id":78946,"href":"https:\/\/www.portalalerta.com.br\/index.php\/wp-json\/wp\/v2\/posts\/78945\/revisions\/78946"}],"wp:featuredmedia":[{"embeddable":true,"href":"https:\/\/www.portalalerta.com.br\/index.php\/wp-json\/wp\/v2\/media\/78940"}],"wp:attachment":[{"href":"https:\/\/www.portalalerta.com.br\/index.php\/wp-json\/wp\/v2\/media?parent=78945"}],"wp:term":[{"taxonomy":"category","embeddable":true,"href":"https:\/\/www.portalalerta.com.br\/index.php\/wp-json\/wp\/v2\/categories?post=78945"},{"taxonomy":"post_tag","embeddable":true,"href":"https:\/\/www.portalalerta.com.br\/index.php\/wp-json\/wp\/v2\/tags?post=78945"}],"curies":[{"name":"wp","href":"https:\/\/api.w.org\/{rel}","templated":true}]}}