{"id":78951,"date":"2026-03-16T06:03:00","date_gmt":"2026-03-16T09:03:00","guid":{"rendered":"https:\/\/www.portalalerta.com.br\/?p=78951"},"modified":"2026-03-15T22:19:14","modified_gmt":"2026-03-16T01:19:14","slug":"advogado-que-deixou-defesa-de-vorcaro-tem-clientes-que-podem-ser-delatados","status":"publish","type":"post","link":"https:\/\/www.portalalerta.com.br\/index.php\/2026\/03\/16\/advogado-que-deixou-defesa-de-vorcaro-tem-clientes-que-podem-ser-delatados\/","title":{"rendered":"Advogado que deixou defesa de Vorcaro tem clientes que podem ser delatados"},"content":{"rendered":"\n<p>Pierpaolo Bottini, substitu\u00eddo nesta sexta-feira (13), deixou a defesa do dono do Banco Master devido a poss\u00edvel conflito de interesses com outros clientes do seu escrit\u00f3rio; apura\u00e7\u00e3o \u00e9 de Caio Junqueira no CNN Prime Time<\/p>\n\n\n\n<!--more-->\n\n\n\n<p>O ex-banqueiro Daniel Vorcaro, dono do Banco Master, trocou seu advogado de defesa nesta sexta-feira (13), em movimenta\u00e7\u00e3o que sinaliza uma poss\u00edvel dela\u00e7\u00e3o premiada. De acordo com apura\u00e7\u00e3o do analista Caio Junqueira, no&nbsp;CNN Prime Time, Pierpaolo Bottini foi substitu\u00eddo por Jos\u00e9 Lu\u00eds Oliveira Lima, criminalista com hist\u00f3rico de atua\u00e7\u00e3o em casos que envolveram colabora\u00e7\u00e3o premiada.<\/p>\n\n\n\n<p>Um fator determinante para a sa\u00edda de Bottini seria o potencial conflito de interesses, j\u00e1 que o advogado possui entre seus clientes figuras do Centr\u00e3o que poderiam ser citadas em eventual dela\u00e7\u00e3o de Vorcaro. O criminalista tamb\u00e9m teria restri\u00e7\u00f5es ao pr\u00f3prio instrumento da colabora\u00e7\u00e3o premiada.<\/p>\n\n\n<div class=\"wp-block-image\">\n<figure class=\"alignleft size-large is-resized\"><img fetchpriority=\"high\" decoding=\"async\" width=\"819\" height=\"1024\" src=\"https:\/\/www.portalalerta.com.br\/wp-content\/uploads\/2026\/03\/Marco-Lilas-Real-2026-819x1024.jpg\" alt=\"\" class=\"wp-image-78794\" style=\"width:393px;height:auto\" srcset=\"https:\/\/www.portalalerta.com.br\/wp-content\/uploads\/2026\/03\/Marco-Lilas-Real-2026-819x1024.jpg 819w, https:\/\/www.portalalerta.com.br\/wp-content\/uploads\/2026\/03\/Marco-Lilas-Real-2026-192x240.jpg 192w, https:\/\/www.portalalerta.com.br\/wp-content\/uploads\/2026\/03\/Marco-Lilas-Real-2026-768x960.jpg 768w, https:\/\/www.portalalerta.com.br\/wp-content\/uploads\/2026\/03\/Marco-Lilas-Real-2026.jpg 1024w\" sizes=\"(max-width: 819px) 100vw, 819px\" \/><\/figure><\/div>\n\n\n<p>Outro advogado do caso, Roberto Podval, tamb\u00e9m pode vir a deixar a defesa. Segundo apura\u00e7\u00e3o de Junqueira,&nbsp;Podval mant\u00e9m rela\u00e7\u00e3o de amizade com o&nbsp;<a href=\"https:\/\/www.cnnbrasil.com.br\/blogs\/taina-falcao\/politica\/defesa-comemora-suspeicao-de-toffoli-para-julgar-prisao-vorcaro\/\" target=\"_blank\" rel=\"noreferrer noopener\">ministro Dias Toffoli<\/a>, do STF (Supremo Tribunal Federal), que seria outro potencial nome a ser mencionado caso uma dela\u00e7\u00e3o se concretize.<\/p>\n\n\n\n<p>A troca de advogados ocorre em um momento estrat\u00e9gico, logo ap\u00f3s a decis\u00e3o judicial que manteve Vorcaro em pres\u00eddio de seguran\u00e7a m\u00e1xima. Segundo Junqueira, essa mudan\u00e7a reflete uma tend\u00eancia de poss\u00edvel acordo de dela\u00e7\u00e3o, embora o novo defensor tenha informado a interlocutores que ainda n\u00e3o h\u00e1 decis\u00e3o tomada sobre uma&nbsp;<a href=\"https:\/\/www.cnnbrasil.com.br\/politica\/pgr-e-pf-sao-sondadas-sobre-disposicao-para-delacao-de-vorcaro\/\" target=\"_blank\" rel=\"noreferrer noopener\">colabora\u00e7\u00e3o premiada<\/a>.<\/p>\n\n\n\n<p>A manuten\u00e7\u00e3o da pris\u00e3o de Vorcaro em&nbsp;<a href=\"https:\/\/www.cnnbrasil.com.br\/politica\/vorcaro-chega-a-brasilia-e-ficara-preso-em-penitenciaria-federal\/\" target=\"_blank\" rel=\"noreferrer noopener\">pres\u00eddio de seguran\u00e7a m\u00e1xima<\/a>&nbsp;aumenta consideravelmente as chances de uma colabora\u00e7\u00e3o premiada. &#8220;Se o Vorcaro sa\u00edsse da pris\u00e3o ou voltasse para domiciliar, j\u00e1 haveria uma tend\u00eancia de uma colabora\u00e7\u00e3o premiada, ainda que uma colabora\u00e7\u00e3o meia boca. Agora, no est\u00e1gio que ele est\u00e1, ele vai fazer uma dela\u00e7\u00e3o para entregar todo mundo&#8221;, avaliou uma fonte pr\u00f3xima ao ex-banqueiro em conversa com o analista da&nbsp;CNN.<\/p>\n\n\n\n<p><strong>Impacto pol\u00edtico<\/strong><\/p>\n\n\n\n<p>O caso gera tens\u00e3o em Bras\u00edlia devido \u00e0 magnitude dos poss\u00edveis envolvidos. Segundo Junqueira, a eventual dela\u00e7\u00e3o de Vorcaro poderia alcan\u00e7ar figuras dos tr\u00eas poderes, incluindo dirigentes partid\u00e1rios e ministros de Estado, o que o analista classifica como &#8220;talvez a Dela\u00e7\u00e3o do Fim do Mundo&#8221;.<\/p>\n\n\n\n<p>O analista pondera que a pr\u00f3pria dimens\u00e3o do caso poderia dificultar sua concretiza\u00e7\u00e3o: &#8220;Quando \u00e9 uma colabora\u00e7\u00e3o que vai pegar estabelecimento pol\u00edtico, os tr\u00eas poderes, pode ser que isso gere uma contra-rea\u00e7\u00e3o muito forte, semelhante \u00e0 que a gente viu na contra-rea\u00e7\u00e3o que teve a pr\u00f3pria Opera\u00e7\u00e3o Lava Jato&#8221;.<\/p>\n\n\n\n<p><em>Fonte: CNN<\/em><\/p>\n","protected":false},"excerpt":{"rendered":"<p>Pierpaolo Bottini, substitu\u00eddo nesta sexta-feira (13), deixou a defesa do dono do Banco Master devido a poss\u00edvel conflito de interesses com outros clientes do seu escrit\u00f3rio; apura\u00e7\u00e3o \u00e9 de Caio Junqueira no CNN Prime Time<\/p>\n","protected":false},"author":2,"featured_media":78304,"comment_status":"open","ping_status":"open","sticky":false,"template":"","format":"standard","meta":{"om_disable_all_campaigns":false,"_monsterinsights_skip_tracking":false,"_monsterinsights_sitenote_active":false,"_monsterinsights_sitenote_note":"","_monsterinsights_sitenote_category":0,"footnotes":""},"categories":[34,8473,69],"tags":[100,71,48,93,75,4178,4180,8477,217,129,107,4181,132,230,106,203,120,51,109,88,47,111,190],"class_list":["post-78951","post","type-post","status-publish","format-standard","has-post-thumbnail","hentry","category-brasil","category-destaque","category-noticias2","tag-adustina","tag-antas","tag-araci","tag-brasil","tag-cicero-dantas","tag-cipo-2","tag-crisopolis-2","tag-daniel-vorcaro","tag-delacao-premiada","tag-euclides-da-cunha","tag-fatima","tag-heliopolis-2","tag-itapicuru","tag-jeremoabo","tag-nova-soure","tag-novo-triunfo","tag-olindina","tag-paripiranga","tag-quijingue","tag-ribeira-do-amparo","tag-ribeira-do-pombal","tag-sitio-do-quinto","tag-tucano"],"aioseo_notices":[],"_links":{"self":[{"href":"https:\/\/www.portalalerta.com.br\/index.php\/wp-json\/wp\/v2\/posts\/78951","targetHints":{"allow":["GET"]}}],"collection":[{"href":"https:\/\/www.portalalerta.com.br\/index.php\/wp-json\/wp\/v2\/posts"}],"about":[{"href":"https:\/\/www.portalalerta.com.br\/index.php\/wp-json\/wp\/v2\/types\/post"}],"author":[{"embeddable":true,"href":"https:\/\/www.portalalerta.com.br\/index.php\/wp-json\/wp\/v2\/users\/2"}],"replies":[{"embeddable":true,"href":"https:\/\/www.portalalerta.com.br\/index.php\/wp-json\/wp\/v2\/comments?post=78951"}],"version-history":[{"count":1,"href":"https:\/\/www.portalalerta.com.br\/index.php\/wp-json\/wp\/v2\/posts\/78951\/revisions"}],"predecessor-version":[{"id":78954,"href":"https:\/\/www.portalalerta.com.br\/index.php\/wp-json\/wp\/v2\/posts\/78951\/revisions\/78954"}],"wp:featuredmedia":[{"embeddable":true,"href":"https:\/\/www.portalalerta.com.br\/index.php\/wp-json\/wp\/v2\/media\/78304"}],"wp:attachment":[{"href":"https:\/\/www.portalalerta.com.br\/index.php\/wp-json\/wp\/v2\/media?parent=78951"}],"wp:term":[{"taxonomy":"category","embeddable":true,"href":"https:\/\/www.portalalerta.com.br\/index.php\/wp-json\/wp\/v2\/categories?post=78951"},{"taxonomy":"post_tag","embeddable":true,"href":"https:\/\/www.portalalerta.com.br\/index.php\/wp-json\/wp\/v2\/tags?post=78951"}],"curies":[{"name":"wp","href":"https:\/\/api.w.org\/{rel}","templated":true}]}}