{"id":78956,"date":"2026-03-16T14:50:01","date_gmt":"2026-03-16T17:50:01","guid":{"rendered":"https:\/\/www.portalalerta.com.br\/?p=78956"},"modified":"2026-03-16T14:50:03","modified_gmt":"2026-03-16T17:50:03","slug":"dino-proibe-aposentadoria-compulsoria-como-maior-punicao-a-magistrados","status":"publish","type":"post","link":"https:\/\/www.portalalerta.com.br\/index.php\/2026\/03\/16\/dino-proibe-aposentadoria-compulsoria-como-maior-punicao-a-magistrados\/","title":{"rendered":"Dino pro\u00edbe aposentadoria compuls\u00f3ria como maior puni\u00e7\u00e3o a magistrados"},"content":{"rendered":"\n<p>Ministro refor\u00e7ou que o texto da Constitui\u00e7\u00e3o foi alterado em 2019 para definir que a puni\u00e7\u00e3o mais severa em caso de viola\u00e7\u00f5es disciplinares deve ser a perda do cargo<\/p>\n\n\n\n<!--more-->\n\n\n\n<p>O ministro Fl\u00e1vio Dino, do STF (Supremo Tribunal Federal), refor\u00e7ou nesta segunda-feira (16) que a aposentadoria compuls\u00f3ria de magistrados n\u00e3o \u00e9 mais permitida como pena m\u00e1xima por viola\u00e7\u00f5es disciplinares.<\/p>\n\n\n\n<p>O texto da Constitui\u00e7\u00e3o foi alterado em 2019 para definir que a puni\u00e7\u00e3o mais severa a magistrados deve ser a perda de cargo, e n\u00e3o um afastamento remunerado. No entanto, institui\u00e7\u00f5es de justi\u00e7a continuaram concedendo a aposentadoria compuls\u00f3ria como pena para condutas graves.<\/p>\n\n\n<div class=\"wp-block-image\">\n<figure class=\"alignleft size-large is-resized\"><img fetchpriority=\"high\" decoding=\"async\" width=\"819\" height=\"1024\" src=\"https:\/\/www.portalalerta.com.br\/wp-content\/uploads\/2026\/03\/Marco-Lilas-Real-2026-819x1024.jpg\" alt=\"\" class=\"wp-image-78794\" style=\"width:435px\" srcset=\"https:\/\/www.portalalerta.com.br\/wp-content\/uploads\/2026\/03\/Marco-Lilas-Real-2026-819x1024.jpg 819w, https:\/\/www.portalalerta.com.br\/wp-content\/uploads\/2026\/03\/Marco-Lilas-Real-2026-192x240.jpg 192w, https:\/\/www.portalalerta.com.br\/wp-content\/uploads\/2026\/03\/Marco-Lilas-Real-2026-768x960.jpg 768w, https:\/\/www.portalalerta.com.br\/wp-content\/uploads\/2026\/03\/Marco-Lilas-Real-2026.jpg 1024w\" sizes=\"(max-width: 819px) 100vw, 819px\" \/><\/figure><\/div>\n\n\n<p>&#8220;A Emenda Constitucional n\u00ba 103\/2019, ao promover modifica\u00e7\u00f5es no sistema previdenci\u00e1rio brasileiro, tamb\u00e9m alcan\u00e7ou expressamente o regime jur\u00eddico aplic\u00e1vel aos magistrados e as compet\u00eancias do Conselho Nacional de Justi\u00e7a, revogando a san\u00e7\u00e3o de &#8216;aposentadoria compuls\u00f3ria\u201d, ao eliminar o seu fundamento constitucional&#8217;, diz o ministro na decis\u00e3o.<\/p>\n\n\n\n<p>Nesta segunda, ao analisar um recurso que discute san\u00e7\u00f5es aplicadas a um magistrado do Tribunal de Justi\u00e7a do Rio de Janeiro, Dino anulou uma decis\u00e3o do CNJ que havia afastado um magistrado mantendo sua remunera\u00e7\u00e3o e ordenou que o caso seja reavaliado pelo \u00f3rg\u00e3o.<\/p>\n\n\n\n<p>&#8220;Casos graves, \u00e0 luz da Constitui\u00e7\u00e3o, devem ser punidos com a perda do cargo, que, por conta da vitaliciedade, depende de a\u00e7\u00e3o judicial. Assim, se a perda do cargo for aprovada pelo CNJ, a a\u00e7\u00e3o deve ser ajuizada diretamente no Supremo Tribunal Federal, pelo \u00f3rg\u00e3o de representa\u00e7\u00e3o judicial do CNJ, isto \u00e9, a Advocacia Geral da Uni\u00e3o&#8221;, afirmou Dino.<\/p>\n\n\n\n<p>Na decis\u00e3o, o ministro tamb\u00e9m mandou que o presidente do CNJ, Edson Fachin, seja oficiado para que, caso considere necess\u00e1rio, regulamente o sistema de responsabilidade disciplinar do Poder Judici\u00e1rio para adequ\u00e1-lo ao novo texto da Constitui\u00e7\u00e3o e esclarecer que a perda do cargo ser\u00e1 a puni\u00e7\u00e3o mais severa a ser aplicada.<\/p>\n\n\n\n<p><strong>Casos recentes<\/strong><\/p>\n\n\n\n<p>O CNJ decide com frequ\u00eancia aposentar magistrados compuls\u00f3riamente. Entre casos recentes e de maior repecuss\u00e3o est\u00e3o os afastamentos de ju\u00edzes condenados por venda de senten\u00e7as.<\/p>\n\n\n\n<p>H\u00e1 ainda o caso do ministro do STJ (Superior Tribunal de Justi\u00e7a) Marco Buzzi, que \u00e9 acusado de importuna\u00e7\u00e3o sexual contra uma jovem de 18 anos.&nbsp;<a href=\"https:\/\/www.cnnbrasil.com.br\/politica\/analise-marco-buzzi-pode-ter-aposentadoria-compulsoria-apos-afastamento\/\">Conforme mostrou a CNN<\/a>, em caso de condena\u00e7\u00e3o, a puni\u00e7\u00e3o administrativa mais prov\u00e1vel para o ministro era a aposentadoria compuls\u00f3ria, o que permitiria que ele continuasse recebendo o valor integral do teto previdenci\u00e1rio mesmo afastado de suas fun\u00e7\u00f5es por conduta grave.<\/p>\n\n\n\n<p>Agora, com a decis\u00e3o de Dino, a perda do cargo deve ser o cen\u00e1rio mais prov\u00e1vel ao ministro em caso de condena\u00e7\u00e3o.<\/p>\n\n\n\n<p><em>Fonte: CNN<\/em><\/p>\n","protected":false},"excerpt":{"rendered":"<p>Ministro refor\u00e7ou que o texto da Constitui\u00e7\u00e3o foi alterado em 2019 para definir que a puni\u00e7\u00e3o mais severa em caso de viola\u00e7\u00f5es disciplinares deve ser a perda do cargo<\/p>\n","protected":false},"author":2,"featured_media":48554,"comment_status":"open","ping_status":"open","sticky":false,"template":"","format":"standard","meta":{"om_disable_all_campaigns":false,"_monsterinsights_skip_tracking":false,"_monsterinsights_sitenote_active":false,"_monsterinsights_sitenote_note":"","_monsterinsights_sitenote_category":0,"footnotes":""},"categories":[34,70,69,21],"tags":[100,71,708,5119,48,93,75,4178,4180,129,107,5769,4181,132,230,462,106,203,120,51,109,88,47,111,216,190],"class_list":["post-78956","post","type-post","status-publish","format-standard","has-post-thumbnail","hentry","category-brasil","category-destaques","category-noticias2","category-politica","tag-adustina","tag-antas","tag-aposentadoria","tag-aposentadoria-compulsoria","tag-araci","tag-brasil","tag-cicero-dantas","tag-cipo-2","tag-crisopolis-2","tag-euclides-da-cunha","tag-fatima","tag-flavio-dino","tag-heliopolis-2","tag-itapicuru","tag-jeremoabo","tag-juiz","tag-nova-soure","tag-novo-triunfo","tag-olindina","tag-paripiranga","tag-quijingue","tag-ribeira-do-amparo","tag-ribeira-do-pombal","tag-sitio-do-quinto","tag-stf","tag-tucano"],"aioseo_notices":[],"_links":{"self":[{"href":"https:\/\/www.portalalerta.com.br\/index.php\/wp-json\/wp\/v2\/posts\/78956","targetHints":{"allow":["GET"]}}],"collection":[{"href":"https:\/\/www.portalalerta.com.br\/index.php\/wp-json\/wp\/v2\/posts"}],"about":[{"href":"https:\/\/www.portalalerta.com.br\/index.php\/wp-json\/wp\/v2\/types\/post"}],"author":[{"embeddable":true,"href":"https:\/\/www.portalalerta.com.br\/index.php\/wp-json\/wp\/v2\/users\/2"}],"replies":[{"embeddable":true,"href":"https:\/\/www.portalalerta.com.br\/index.php\/wp-json\/wp\/v2\/comments?post=78956"}],"version-history":[{"count":1,"href":"https:\/\/www.portalalerta.com.br\/index.php\/wp-json\/wp\/v2\/posts\/78956\/revisions"}],"predecessor-version":[{"id":78957,"href":"https:\/\/www.portalalerta.com.br\/index.php\/wp-json\/wp\/v2\/posts\/78956\/revisions\/78957"}],"wp:featuredmedia":[{"embeddable":true,"href":"https:\/\/www.portalalerta.com.br\/index.php\/wp-json\/wp\/v2\/media\/48554"}],"wp:attachment":[{"href":"https:\/\/www.portalalerta.com.br\/index.php\/wp-json\/wp\/v2\/media?parent=78956"}],"wp:term":[{"taxonomy":"category","embeddable":true,"href":"https:\/\/www.portalalerta.com.br\/index.php\/wp-json\/wp\/v2\/categories?post=78956"},{"taxonomy":"post_tag","embeddable":true,"href":"https:\/\/www.portalalerta.com.br\/index.php\/wp-json\/wp\/v2\/tags?post=78956"}],"curies":[{"name":"wp","href":"https:\/\/api.w.org\/{rel}","templated":true}]}}