{"id":78958,"date":"2026-03-16T15:27:48","date_gmt":"2026-03-16T18:27:48","guid":{"rendered":"https:\/\/www.portalalerta.com.br\/?p=78958"},"modified":"2026-03-16T15:27:49","modified_gmt":"2026-03-16T18:27:49","slug":"homem-e-preso-apos-ferir-companheira-a-facadas-em-fatima-ba","status":"publish","type":"post","link":"https:\/\/www.portalalerta.com.br\/index.php\/2026\/03\/16\/homem-e-preso-apos-ferir-companheira-a-facadas-em-fatima-ba\/","title":{"rendered":"Homem \u00e9 preso ap\u00f3s ferir companheira \u00e0 facadas, em F\u00e1tima-BA"},"content":{"rendered":"\n<p>Na noite deste s\u00e1bado (14), por volta das 18h30, quando a Guarda Municipal de F\u00e1tima-BA realizava um patrulhamento preventivo foi acionada para atender uma ocorr\u00eancia de viol\u00eancia dom\u00e9stica. Segundo informa\u00e7\u00f5es preliminares, um homem teria esfaqueado a companheira.<\/p>\n\n\n\n<!--more-->\n\n\n<div class=\"wp-block-image\">\n<figure class=\"alignleft size-large is-resized\"><img fetchpriority=\"high\" decoding=\"async\" width=\"819\" height=\"1024\" src=\"https:\/\/www.portalalerta.com.br\/wp-content\/uploads\/2026\/03\/Marco-Lilas-Real-2026-819x1024.jpg\" alt=\"\" class=\"wp-image-78794\" style=\"width:435px\" srcset=\"https:\/\/www.portalalerta.com.br\/wp-content\/uploads\/2026\/03\/Marco-Lilas-Real-2026-819x1024.jpg 819w, https:\/\/www.portalalerta.com.br\/wp-content\/uploads\/2026\/03\/Marco-Lilas-Real-2026-192x240.jpg 192w, https:\/\/www.portalalerta.com.br\/wp-content\/uploads\/2026\/03\/Marco-Lilas-Real-2026-768x960.jpg 768w, https:\/\/www.portalalerta.com.br\/wp-content\/uploads\/2026\/03\/Marco-Lilas-Real-2026.jpg 1024w\" sizes=\"(max-width: 819px) 100vw, 819px\" \/><\/figure><\/div>\n\n\n<p><br><br>\u200bAo chegar ao local, a guarni\u00e7\u00e3o confirmou a gravidade da situa\u00e7\u00e3o: a v\u00edtima foi encontrada sentada na cal\u00e7ada, com ferimentos de arma branca e perda consider\u00e1vel de sangue. Enquanto os agentes prestavam socorro, o agressor apareceu em frente \u00e0 resid\u00eancia, momento em que recebeu voz de pris\u00e3o em flagrante.<br><br>\u200bA mulher foi socorrida pela GCM e levada \u00e0 Unidade de Urg\u00eancia e Emerg\u00eancia 24h Maria Jovita do Nascimento. O suspeito foi conduzido \u00e0 Delegacia Territorial de Ribeira do Pombal, onde foi apresentado em flagrante para ado\u00e7\u00e3o das medidas cab\u00edveis.<br><br><em>Fonte: GCM<\/em><\/p>\n","protected":false},"excerpt":{"rendered":"<p>Na noite deste s\u00e1bado (14), por volta das 18h30, quando a Guarda Municipal de F\u00e1tima-BA realizava um patrulhamento preventivo foi acionada para atender uma ocorr\u00eancia de viol\u00eancia dom\u00e9stica. Segundo informa\u00e7\u00f5es preliminares, um homem teria esfaqueado a companheira.<\/p>\n","protected":false},"author":2,"featured_media":17908,"comment_status":"open","ping_status":"open","sticky":false,"template":"","format":"standard","meta":{"om_disable_all_campaigns":false,"_monsterinsights_skip_tracking":false,"_monsterinsights_sitenote_active":false,"_monsterinsights_sitenote_note":"","_monsterinsights_sitenote_category":0,"footnotes":""},"categories":[70,10,69,32,22],"tags":[100,71,48,75,4178,4180,129,492,107,4181,132,230,106,203,120,51,77,109,88,47,111,190,1532,523],"class_list":["post-78958","post","type-post","status-publish","format-standard","has-post-thumbnail","hentry","category-destaques","category-fatima","category-noticias2","category-regiao","category-seguranca","tag-adustina","tag-antas","tag-araci","tag-cicero-dantas","tag-cipo-2","tag-crisopolis-2","tag-euclides-da-cunha","tag-facada","tag-fatima","tag-heliopolis-2","tag-itapicuru","tag-jeremoabo","tag-nova-soure","tag-novo-triunfo","tag-olindina","tag-paripiranga","tag-preso","tag-quijingue","tag-ribeira-do-amparo","tag-ribeira-do-pombal","tag-sitio-do-quinto","tag-tucano","tag-violencia-contra-a-mulher","tag-violencia-domestica"],"aioseo_notices":[],"_links":{"self":[{"href":"https:\/\/www.portalalerta.com.br\/index.php\/wp-json\/wp\/v2\/posts\/78958","targetHints":{"allow":["GET"]}}],"collection":[{"href":"https:\/\/www.portalalerta.com.br\/index.php\/wp-json\/wp\/v2\/posts"}],"about":[{"href":"https:\/\/www.portalalerta.com.br\/index.php\/wp-json\/wp\/v2\/types\/post"}],"author":[{"embeddable":true,"href":"https:\/\/www.portalalerta.com.br\/index.php\/wp-json\/wp\/v2\/users\/2"}],"replies":[{"embeddable":true,"href":"https:\/\/www.portalalerta.com.br\/index.php\/wp-json\/wp\/v2\/comments?post=78958"}],"version-history":[{"count":1,"href":"https:\/\/www.portalalerta.com.br\/index.php\/wp-json\/wp\/v2\/posts\/78958\/revisions"}],"predecessor-version":[{"id":78959,"href":"https:\/\/www.portalalerta.com.br\/index.php\/wp-json\/wp\/v2\/posts\/78958\/revisions\/78959"}],"wp:featuredmedia":[{"embeddable":true,"href":"https:\/\/www.portalalerta.com.br\/index.php\/wp-json\/wp\/v2\/media\/17908"}],"wp:attachment":[{"href":"https:\/\/www.portalalerta.com.br\/index.php\/wp-json\/wp\/v2\/media?parent=78958"}],"wp:term":[{"taxonomy":"category","embeddable":true,"href":"https:\/\/www.portalalerta.com.br\/index.php\/wp-json\/wp\/v2\/categories?post=78958"},{"taxonomy":"post_tag","embeddable":true,"href":"https:\/\/www.portalalerta.com.br\/index.php\/wp-json\/wp\/v2\/tags?post=78958"}],"curies":[{"name":"wp","href":"https:\/\/api.w.org\/{rel}","templated":true}]}}