{"id":78960,"date":"2026-03-16T15:32:55","date_gmt":"2026-03-16T18:32:55","guid":{"rendered":"https:\/\/www.portalalerta.com.br\/?p=78960"},"modified":"2026-03-16T15:32:57","modified_gmt":"2026-03-16T18:32:57","slug":"defesa-cogita-focar-eventual-delacao-de-daniel-vorcaro-em-politicos","status":"publish","type":"post","link":"https:\/\/www.portalalerta.com.br\/index.php\/2026\/03\/16\/defesa-cogita-focar-eventual-delacao-de-daniel-vorcaro-em-politicos\/","title":{"rendered":"Defesa cogita focar eventual dela\u00e7\u00e3o de Daniel Vorcaro em pol\u00edticos"},"content":{"rendered":"\n<p><strong>Como o acordo precisa passar pela PGR e ser homologado pelo STF, rela\u00e7\u00f5es do banqueiro com ministros n\u00e3o ser\u00e3o mencionadas no momento<\/strong><\/p>\n\n\n\n<!--more-->\n\n\n<div class=\"wp-block-image\">\n<figure class=\"alignleft size-large is-resized\"><img fetchpriority=\"high\" decoding=\"async\" width=\"819\" height=\"1024\" src=\"https:\/\/www.portalalerta.com.br\/wp-content\/uploads\/2026\/03\/Marco-Lilas-Real-2026-819x1024.jpg\" alt=\"\" class=\"wp-image-78794\" style=\"width:435px\" srcset=\"https:\/\/www.portalalerta.com.br\/wp-content\/uploads\/2026\/03\/Marco-Lilas-Real-2026-819x1024.jpg 819w, https:\/\/www.portalalerta.com.br\/wp-content\/uploads\/2026\/03\/Marco-Lilas-Real-2026-192x240.jpg 192w, https:\/\/www.portalalerta.com.br\/wp-content\/uploads\/2026\/03\/Marco-Lilas-Real-2026-768x960.jpg 768w, https:\/\/www.portalalerta.com.br\/wp-content\/uploads\/2026\/03\/Marco-Lilas-Real-2026.jpg 1024w\" sizes=\"(max-width: 819px) 100vw, 819px\" \/><\/figure><\/div>\n\n\n<p><strong>A&nbsp;<a href=\"https:\/\/www.band.com.br\/bandnews-fm\/noticias\/monica-bergamo-troca-na-defesa-de-vorcaro-aumenta-expectativa-por-delacao-202603160833\" target=\"_blank\" rel=\"noreferrer noopener\">eventual dela\u00e7\u00e3o premiada de Daniel Vorcaro,<\/a>&nbsp;<a href=\"https:\/\/www.band.com.br\/bandnews-fm\/noticias\/orengo-delacao-de-vorcaro-gera-tensao-em-brasilia-202603160907\" target=\"_blank\" rel=\"noreferrer noopener\">dono do Banco Master,<\/a>&nbsp;por enquanto, segundo o que est\u00e1 sendo cogitado pela defesa do banqueiro,&nbsp;planeja focar em pol\u00edticos.&nbsp;<\/strong><\/p>\n\n\n\n<p><strong><a href=\"https:\/\/api.whatsapp.com\/send?text=defesa%20cogita%20focar%20eventual%20delacao%20de%20daniel%20vorcaro%20em%20politicos%20https:\/\/www.band.com.br\/politica\/noticias\/defesa-cogita-focar-eventual-delacao-de-daniel-vorcaro-em-politicos-202603161224\" target=\"_blank\" rel=\"noreferrer noopener\"><\/a><\/strong><\/p>\n\n\n\n<p><strong><a href=\"https:\/\/telegram.me\/share\/url?url=https:\/\/www.band.com.br\/politica\/noticias\/defesa-cogita-focar-eventual-delacao-de-daniel-vorcaro-em-politicos-202603161224&amp;text=defesa%20cogita%20focar%20eventual%20delacao%20de%20daniel%20vorcaro%20em%20politicos\" target=\"_blank\" rel=\"noreferrer noopener\"><\/a><\/strong><\/p>\n\n\n\n<p><strong>Como o acordo precisa passar pela Procuradoria-Geral da Rep\u00fablica (PGR) e ser homologado pelo Supremo Tribunal Federal (STF), rela\u00e7\u00f5es do banqueiro com ministros n\u00e3o ser\u00e3o mencionadas no momento.<\/strong><\/p>\n\n\n\n<p><strong>Conforme interlocutores do dono do Banco Master, Daniel Vorcaro s\u00f3 vai \u201cfalar do Supremo se for instado a isso\u201d. Ele n\u00e3o pretende, espontaneamente,&nbsp;<a href=\"https:\/\/www.band.com.br\/noticias\/jornal-da-band\/ultimas\/vorcaro-trocou-mensagens-com-moraes-antes-de-prisao-conseguiu-bloquear-202603051933\" target=\"_blank\" rel=\"noreferrer noopener\">mencionar as mensagens atribuidas ao ministro Alexandre de Moraes<\/a>&nbsp;e a&nbsp;<a href=\"https:\/\/www.band.com.br\/noticias\/apos-cpi-toffoli-se-declara-suspeito-tambem-em-caso-de-prisao-de-vorcaro-202603112105\" target=\"_blank\" rel=\"noreferrer noopener\">rela\u00e7\u00e3o de fundos ligados ao banco com Dias Toffoli.<\/a>&nbsp;<\/strong><\/p>\n\n\n\n<p><strong>A reportagem apurou que tudo depende ainda do que os advogados definem \u201ccomo uma engenharia complexa\u201d, mas a ideia inicial \u00e9 essa.&nbsp;<\/strong><\/p>\n\n\n\n<p><em>Fonte: Band<\/em><\/p>\n","protected":false},"excerpt":{"rendered":"<p>Como o acordo precisa passar pela PGR e ser homologado pelo STF, rela\u00e7\u00f5es do banqueiro com ministros n\u00e3o ser\u00e3o mencionadas no momento<\/p>\n","protected":false},"author":2,"featured_media":77287,"comment_status":"open","ping_status":"open","sticky":false,"template":"","format":"standard","meta":{"om_disable_all_campaigns":false,"_monsterinsights_skip_tracking":false,"_monsterinsights_sitenote_active":false,"_monsterinsights_sitenote_note":"","_monsterinsights_sitenote_category":0,"footnotes":""},"categories":[34,70,69,21],"tags":[100,71,48,75,4178,4180,8477,217,129,107,4181,132,230,106,203,120,51,133,109,88,47,111,190],"class_list":["post-78960","post","type-post","status-publish","format-standard","has-post-thumbnail","hentry","category-brasil","category-destaques","category-noticias2","category-politica","tag-adustina","tag-antas","tag-araci","tag-cicero-dantas","tag-cipo-2","tag-crisopolis-2","tag-daniel-vorcaro","tag-delacao-premiada","tag-euclides-da-cunha","tag-fatima","tag-heliopolis-2","tag-itapicuru","tag-jeremoabo","tag-nova-soure","tag-novo-triunfo","tag-olindina","tag-paripiranga","tag-politicos","tag-quijingue","tag-ribeira-do-amparo","tag-ribeira-do-pombal","tag-sitio-do-quinto","tag-tucano"],"aioseo_notices":[],"_links":{"self":[{"href":"https:\/\/www.portalalerta.com.br\/index.php\/wp-json\/wp\/v2\/posts\/78960","targetHints":{"allow":["GET"]}}],"collection":[{"href":"https:\/\/www.portalalerta.com.br\/index.php\/wp-json\/wp\/v2\/posts"}],"about":[{"href":"https:\/\/www.portalalerta.com.br\/index.php\/wp-json\/wp\/v2\/types\/post"}],"author":[{"embeddable":true,"href":"https:\/\/www.portalalerta.com.br\/index.php\/wp-json\/wp\/v2\/users\/2"}],"replies":[{"embeddable":true,"href":"https:\/\/www.portalalerta.com.br\/index.php\/wp-json\/wp\/v2\/comments?post=78960"}],"version-history":[{"count":1,"href":"https:\/\/www.portalalerta.com.br\/index.php\/wp-json\/wp\/v2\/posts\/78960\/revisions"}],"predecessor-version":[{"id":78961,"href":"https:\/\/www.portalalerta.com.br\/index.php\/wp-json\/wp\/v2\/posts\/78960\/revisions\/78961"}],"wp:featuredmedia":[{"embeddable":true,"href":"https:\/\/www.portalalerta.com.br\/index.php\/wp-json\/wp\/v2\/media\/77287"}],"wp:attachment":[{"href":"https:\/\/www.portalalerta.com.br\/index.php\/wp-json\/wp\/v2\/media?parent=78960"}],"wp:term":[{"taxonomy":"category","embeddable":true,"href":"https:\/\/www.portalalerta.com.br\/index.php\/wp-json\/wp\/v2\/categories?post=78960"},{"taxonomy":"post_tag","embeddable":true,"href":"https:\/\/www.portalalerta.com.br\/index.php\/wp-json\/wp\/v2\/tags?post=78960"}],"curies":[{"name":"wp","href":"https:\/\/api.w.org\/{rel}","templated":true}]}}