{"id":78963,"date":"2026-03-16T15:39:22","date_gmt":"2026-03-16T18:39:22","guid":{"rendered":"https:\/\/www.portalalerta.com.br\/?p=78963"},"modified":"2026-03-16T15:39:24","modified_gmt":"2026-03-16T18:39:24","slug":"homem-e-preso-acusado-da-pratica-de-trafico-de-drogas-em-estabelecimento-comercial-em-banzae-ba","status":"publish","type":"post","link":"https:\/\/www.portalalerta.com.br\/index.php\/2026\/03\/16\/homem-e-preso-acusado-da-pratica-de-trafico-de-drogas-em-estabelecimento-comercial-em-banzae-ba\/","title":{"rendered":"Homem \u00e9 preso acusado da pr\u00e1tica de tr\u00e1fico de drogas em estabelecimento comercial, em Banza\u00ea-BA"},"content":{"rendered":"\n<p>A Pol\u00edcia Civil da Bahia, por meio da delegacia territorial de Euclides da Cunha e do Grupo de Apoio T\u00e1tico \u00e0 Investiga\u00e7\u00e3o (GATTI\/CONSELHEIRO) da 25\u00aa COORPIN, e uma equipe do 5\u00ba Batalh\u00e3o de Pol\u00edcia Militar realizaram, na tarde deste domingo (15), a pris\u00e3o em flagrante de um homem pelo crime de tr\u00e1fico de drogas.<\/p>\n\n\n\n<!--more-->\n\n\n<div class=\"wp-block-image\">\n<figure class=\"alignleft size-large is-resized\"><img fetchpriority=\"high\" decoding=\"async\" width=\"819\" height=\"1024\" src=\"https:\/\/www.portalalerta.com.br\/wp-content\/uploads\/2026\/03\/Marco-Lilas-Real-2026-819x1024.jpg\" alt=\"\" class=\"wp-image-78794\" style=\"width:435px\" srcset=\"https:\/\/www.portalalerta.com.br\/wp-content\/uploads\/2026\/03\/Marco-Lilas-Real-2026-819x1024.jpg 819w, https:\/\/www.portalalerta.com.br\/wp-content\/uploads\/2026\/03\/Marco-Lilas-Real-2026-192x240.jpg 192w, https:\/\/www.portalalerta.com.br\/wp-content\/uploads\/2026\/03\/Marco-Lilas-Real-2026-768x960.jpg 768w, https:\/\/www.portalalerta.com.br\/wp-content\/uploads\/2026\/03\/Marco-Lilas-Real-2026.jpg 1024w\" sizes=\"(max-width: 819px) 100vw, 819px\" \/><\/figure><\/div>\n\n\n<p>A a\u00e7\u00e3o policial ocorreu em um bar localizado no povoado Terra da Lua pertencente ao munic\u00edpio de Banza\u00ea-BA, onde as equipes davam cumprimento a averigua\u00e7\u00e3o de uma den\u00fancia an\u00f4nima a qual informava um suposto ponto de tr\u00e1fico de drogas no referido estabelecimento.<\/p>\n\n\n\n<p>No local, os policiais encontraram J.O. de E., 52 anos, que se identificou como dono do estabelecimento. Durante as dilig\u00eancias, foram apreendidos: 09 por\u00e7\u00f5es de subst\u00e2ncia an\u00e1loga \u00e0 coca\u00edna, prontas e embaladas para comercializa\u00e7\u00e3o; 02 balan\u00e7as de precis\u00e3o; R$ 220,00 (duzentos e vinte reais) em esp\u00e9cie; e 01 aparelho celular de marca Samsung.&nbsp; Ap\u00f3s encontrar o material foi dada a voz de pris\u00e3o ao respons\u00e1vel sendo mesmo conduzido e apresentado na delegacia territorial de Euclides da Cunha, onde ficar\u00e1 \u00e0 disposi\u00e7\u00e3o da justi\u00e7a.<\/p>\n\n\n\n<p>As investiga\u00e7\u00f5es prosseguem com o objetivo de identificar outros poss\u00edveis envolvidos, bem como aprofundar a apura\u00e7\u00e3o acerca da origem, log\u00edstica e destina\u00e7\u00e3o dos entorpecentes.<\/p>\n\n\n\n<p>A Pol\u00edcia Civil da Bahia, conjuntamente com a Policia Militar reafirmam seu compromisso com a repress\u00e3o qualificada ao tr\u00e1fico de drogas, o enfrentamento ao crime organizado e a promo\u00e7\u00e3o da seguran\u00e7a p\u00fablica em todo o estado.<\/p>\n\n\n\n<p><em>Fonte: Pol\u00edcia Civil da Bahia.<\/em><\/p>\n","protected":false},"excerpt":{"rendered":"<p>A Pol\u00edcia Civil da Bahia, por meio da delegacia territorial de Euclides da Cunha e do Grupo de Apoio T\u00e1tico \u00e0 Investiga\u00e7\u00e3o (GATTI\/CONSELHEIRO) da 25\u00aa COORPIN, e uma equipe do 5\u00ba Batalh\u00e3o de Pol\u00edcia Militar realizaram, na tarde deste domingo (15), a pris\u00e3o em flagrante de um homem pelo crime de tr\u00e1fico de drogas.<\/p>\n","protected":false},"author":2,"featured_media":78962,"comment_status":"open","ping_status":"open","sticky":false,"template":"","format":"standard","meta":{"om_disable_all_campaigns":false,"_monsterinsights_skip_tracking":false,"_monsterinsights_sitenote_active":false,"_monsterinsights_sitenote_note":"","_monsterinsights_sitenote_category":0,"footnotes":""},"categories":[39,70,69,32,22],"tags":[557,387,100,71,48,75,4178,4180,129,107,4181,132,230,106,203,120,51,122,79,109,88,47,111,76,190],"class_list":["post-78963","post","type-post","status-publish","format-standard","has-post-thumbnail","hentry","category-banzae","category-destaques","category-noticias2","category-regiao","category-seguranca","tag-25a-coorpin","tag-5o-bpm","tag-adustina","tag-antas","tag-araci","tag-cicero-dantas","tag-cipo-2","tag-crisopolis-2","tag-euclides-da-cunha","tag-fatima","tag-heliopolis-2","tag-itapicuru","tag-jeremoabo","tag-nova-soure","tag-novo-triunfo","tag-olindina","tag-paripiranga","tag-policia-civil","tag-policia-militar","tag-quijingue","tag-ribeira-do-amparo","tag-ribeira-do-pombal","tag-sitio-do-quinto","tag-trafico-de-drogas","tag-tucano"],"aioseo_notices":[],"_links":{"self":[{"href":"https:\/\/www.portalalerta.com.br\/index.php\/wp-json\/wp\/v2\/posts\/78963","targetHints":{"allow":["GET"]}}],"collection":[{"href":"https:\/\/www.portalalerta.com.br\/index.php\/wp-json\/wp\/v2\/posts"}],"about":[{"href":"https:\/\/www.portalalerta.com.br\/index.php\/wp-json\/wp\/v2\/types\/post"}],"author":[{"embeddable":true,"href":"https:\/\/www.portalalerta.com.br\/index.php\/wp-json\/wp\/v2\/users\/2"}],"replies":[{"embeddable":true,"href":"https:\/\/www.portalalerta.com.br\/index.php\/wp-json\/wp\/v2\/comments?post=78963"}],"version-history":[{"count":1,"href":"https:\/\/www.portalalerta.com.br\/index.php\/wp-json\/wp\/v2\/posts\/78963\/revisions"}],"predecessor-version":[{"id":78964,"href":"https:\/\/www.portalalerta.com.br\/index.php\/wp-json\/wp\/v2\/posts\/78963\/revisions\/78964"}],"wp:featuredmedia":[{"embeddable":true,"href":"https:\/\/www.portalalerta.com.br\/index.php\/wp-json\/wp\/v2\/media\/78962"}],"wp:attachment":[{"href":"https:\/\/www.portalalerta.com.br\/index.php\/wp-json\/wp\/v2\/media?parent=78963"}],"wp:term":[{"taxonomy":"category","embeddable":true,"href":"https:\/\/www.portalalerta.com.br\/index.php\/wp-json\/wp\/v2\/categories?post=78963"},{"taxonomy":"post_tag","embeddable":true,"href":"https:\/\/www.portalalerta.com.br\/index.php\/wp-json\/wp\/v2\/tags?post=78963"}],"curies":[{"name":"wp","href":"https:\/\/api.w.org\/{rel}","templated":true}]}}