{"id":78966,"date":"2026-03-17T16:24:59","date_gmt":"2026-03-17T19:24:59","guid":{"rendered":"https:\/\/www.portalalerta.com.br\/?p=78966"},"modified":"2026-03-17T16:25:01","modified_gmt":"2026-03-17T19:25:01","slug":"marco-lilas-a-importancia-da-conscientizacao-e-prevencao-contra-o-cancer-do-colo-de-utero","status":"publish","type":"post","link":"https:\/\/www.portalalerta.com.br\/index.php\/2026\/03\/17\/marco-lilas-a-importancia-da-conscientizacao-e-prevencao-contra-o-cancer-do-colo-de-utero\/","title":{"rendered":"Mar\u00e7o Lil\u00e1s: A import\u00e2ncia da conscientiza\u00e7\u00e3o e preven\u00e7\u00e3o contra o C\u00e2ncer do Colo de \u00datero"},"content":{"rendered":"\n<p>O m\u00eas de mar\u00e7o, conhecido como o m\u00eas da mulher, tamb\u00e9m \u00e9 o m\u00eas reservado \u00e0 sa\u00fade feminina. Nesse per\u00edodo acontecem campanhas, como o <strong>\u201cmar\u00e7o Lil\u00e1s\u201d<\/strong>, cujo objetivo \u00e9 promover a conscientiza\u00e7\u00e3o sobre o c\u00e2ncer de colo de \u00fatero.<\/p>\n\n\n\n<!--more-->\n\n\n\n<p><strong>O que \u00e9 o C\u00e2ncer de Colo de \u00datero?<\/strong><\/p>\n\n\n\n<p>O c\u00e2ncer de colo de \u00fatero se origina nas c\u00e9lulas do colo do \u00fatero, a parte inferior do \u00fatero que se conecta \u00e0 vagina. A maioria dos casos est\u00e1 associada \u00e0 infec\u00e7\u00e3o persistente pelo Papilomav\u00edrus Humano (HPV), um v\u00edrus comum que pode ser transmitido sexualmente. A detec\u00e7\u00e3o precoce \u00e9 fundamental, pois, quando diagnosticado em est\u00e1gios iniciais, as chances de tratamento eficaz e cura s\u00e3o significativamente maiores.<\/p>\n\n\n\n<p><strong>Preven\u00e7\u00e3o<\/strong><\/p>\n\n\n\n<p>Al\u00e9m da vacina\u00e7\u00e3o contra o HPV, considerada crucial na preven\u00e7\u00e3o do c\u00e2ncer do colo de \u00fatero, est\u00e3o exames que auxilia na detec\u00e7\u00e3o do v\u00edrus de forma precoe. A vacina est\u00e1 dispon\u00edvel na rede p\u00fablica de sa\u00fade, sendo recomendada para meninas e meninos a partir dos nove anos de idade.<\/p>\n\n\n\n<figure class=\"wp-block-image alignleft size-full is-resized\"><img fetchpriority=\"high\" decoding=\"async\" width=\"587\" height=\"545\" src=\"https:\/\/www.portalalerta.com.br\/wp-content\/uploads\/2026\/03\/Fernanda-Bruna-2026.jpg\" alt=\"\" class=\"wp-image-78968\" style=\"width:380px;height:auto\" srcset=\"https:\/\/www.portalalerta.com.br\/wp-content\/uploads\/2026\/03\/Fernanda-Bruna-2026.jpg 587w, https:\/\/www.portalalerta.com.br\/wp-content\/uploads\/2026\/03\/Fernanda-Bruna-2026-258x240.jpg 258w\" sizes=\"(max-width: 587px) 100vw, 587px\" \/><figcaption class=\"wp-element-caption\">Fernanda Bruna\nEnfermeira Obstetra<\/figcaption><\/figure>\n\n\n\n<p>O exame mais conhecido \u00e9 o Papanicolau, que pode ser feito em mulheres anualmente, principalmente em por aquelas que tenham de 25 anos ou mais. Ao Portal Alerta a enfermeira obstetra, Fernanda Bruna revelou que j\u00e1 existe outro exame, no caso, a captura h\u00edbrida para HPV, que \u00e9 feito a cada cinco anos, possibilitando a identifica\u00e7\u00e3o do v\u00edrus HPV na mulher. Quando este exame tem resultado negativo, significa que o risco da mulher ter c\u00e2ncer do colo de \u00fatero \u00e9 considerado baix\u00edssimo.<\/p>\n\n\n\n<p>Profissional no munic\u00edpio de Nova Soure-BA, Fernanda realiza a coleta na cl\u00ednica <strong><a href=\"https:\/\/www.instagram.com\/espaco.nurse\/\" title=\"\">@espaco.nurse<\/a><\/strong> , com an\u00e1lise realizada pelo regionalmente conhecido <strong><a href=\"https:\/\/www.instagram.com\/laboratorioelab\/\" title=\"\">Laborat\u00f3rios ELAB<\/a><\/strong>, laborat\u00f3rio que tamb\u00e9m aderiu \u00e0 campanha, com o objetivo de conscientizar as mulheres pela import\u00e2ncia da preven\u00e7\u00e3o.<\/p>\n\n\n\n<p><em>Reda\u00e7\u00e3o: Portal Alerta<\/em><\/p>\n\n\n\n<p><\/p>\n","protected":false},"excerpt":{"rendered":"<p>O m\u00eas de mar\u00e7o, conhecido como o m\u00eas da mulher, tamb\u00e9m \u00e9 o m\u00eas reservado \u00e0 sa\u00fade feminina. Nesse per\u00edodo acontecem campanhas, como o \u201cmar\u00e7o Lil\u00e1s\u201d, cujo objetivo \u00e9 promover a conscientiza\u00e7\u00e3o sobre o c\u00e2ncer de colo de \u00fatero.<\/p>\n","protected":false},"author":2,"featured_media":78967,"comment_status":"open","ping_status":"open","sticky":false,"template":"","format":"standard","meta":{"om_disable_all_campaigns":false,"_monsterinsights_skip_tracking":false,"_monsterinsights_sitenote_active":false,"_monsterinsights_sitenote_note":"","_monsterinsights_sitenote_category":0,"footnotes":""},"categories":[40,5,41,33,39,34,4,13,42,8473,70,17,10,6,18,9,69,14,8,15,11,43,32,16,3,19,7,12],"tags":[100,71,48,1184,5301,75,4178,4180,129,107,4181,132,230,8715,106,203,120,51,109,88,47,111,190],"class_list":["post-78966","post","type-post","status-publish","format-standard","has-post-thumbnail","hentry","category-adustina","category-antas","category-araci","category-bahia","category-banzae","category-brasil","category-cicero-dantas","category-cipo","category-crisopolis","category-destaque","category-destaques","category-euclides-da-cunha","category-fatima","category-heliopolis","category-itapicuru","category-jeremoabo","category-noticias2","category-nova-soure","category-novo-triunfo","category-olindina","category-paripiranga","category-quijingue","category-regiao","category-ribeira-do-amparo","category-ribeira-do-pombal","category-saude","category-sitio-do-quinto","category-tucano","tag-adustina","tag-antas","tag-araci","tag-cancer","tag-cancer-do-colo-do-utero","tag-cicero-dantas","tag-cipo-2","tag-crisopolis-2","tag-euclides-da-cunha","tag-fatima","tag-heliopolis-2","tag-itapicuru","tag-jeremoabo","tag-marco-lilas","tag-nova-soure","tag-novo-triunfo","tag-olindina","tag-paripiranga","tag-quijingue","tag-ribeira-do-amparo","tag-ribeira-do-pombal","tag-sitio-do-quinto","tag-tucano"],"aioseo_notices":[],"_links":{"self":[{"href":"https:\/\/www.portalalerta.com.br\/index.php\/wp-json\/wp\/v2\/posts\/78966","targetHints":{"allow":["GET"]}}],"collection":[{"href":"https:\/\/www.portalalerta.com.br\/index.php\/wp-json\/wp\/v2\/posts"}],"about":[{"href":"https:\/\/www.portalalerta.com.br\/index.php\/wp-json\/wp\/v2\/types\/post"}],"author":[{"embeddable":true,"href":"https:\/\/www.portalalerta.com.br\/index.php\/wp-json\/wp\/v2\/users\/2"}],"replies":[{"embeddable":true,"href":"https:\/\/www.portalalerta.com.br\/index.php\/wp-json\/wp\/v2\/comments?post=78966"}],"version-history":[{"count":1,"href":"https:\/\/www.portalalerta.com.br\/index.php\/wp-json\/wp\/v2\/posts\/78966\/revisions"}],"predecessor-version":[{"id":78969,"href":"https:\/\/www.portalalerta.com.br\/index.php\/wp-json\/wp\/v2\/posts\/78966\/revisions\/78969"}],"wp:featuredmedia":[{"embeddable":true,"href":"https:\/\/www.portalalerta.com.br\/index.php\/wp-json\/wp\/v2\/media\/78967"}],"wp:attachment":[{"href":"https:\/\/www.portalalerta.com.br\/index.php\/wp-json\/wp\/v2\/media?parent=78966"}],"wp:term":[{"taxonomy":"category","embeddable":true,"href":"https:\/\/www.portalalerta.com.br\/index.php\/wp-json\/wp\/v2\/categories?post=78966"},{"taxonomy":"post_tag","embeddable":true,"href":"https:\/\/www.portalalerta.com.br\/index.php\/wp-json\/wp\/v2\/tags?post=78966"}],"curies":[{"name":"wp","href":"https:\/\/api.w.org\/{rel}","templated":true}]}}