{"id":79570,"date":"2026-04-27T15:23:15","date_gmt":"2026-04-27T18:23:15","guid":{"rendered":"https:\/\/www.portalalerta.com.br\/?p=79570"},"modified":"2026-04-27T15:23:16","modified_gmt":"2026-04-27T18:23:16","slug":"colombia-e-alvo-de-26-ataques-em-dois-dias-dizem-autoridades","status":"publish","type":"post","link":"https:\/\/www.portalalerta.com.br\/index.php\/2026\/04\/27\/colombia-e-alvo-de-26-ataques-em-dois-dias-dizem-autoridades\/","title":{"rendered":"Col\u00f4mbia \u00e9 alvo de 26 ataques em dois dias, dizem autoridades"},"content":{"rendered":"\n<p>Caso mais recente deixou pelo menos 20 pessoas mortas e 48 feridas; atos de viol\u00eancia s\u00e3o relacionados a dissidentes das FARC<\/p>\n\n\n\n<!--more-->\n\n\n\n<p>Pelo menos 20 pessoas morreram no s\u00e1bado (25) em um ataque com um dispositivo explosivo contra ve\u00edculos na Rodovia Pan-Americana, em Cauca, no sudoeste da Col\u00f4mbia, informaram as autoridades.<\/p>\n\n\n\n<p>As For\u00e7as Armadas Colombianas atribuem o ataque a dissidentes das FARC (For\u00e7as Armadas Revolucion\u00e1rias da Col\u00f4mbia), sob o comando do vulgo \u201cIv\u00e1n Mordisco\u201d.<\/p>\n\n\n\n<p>O Instituto Nacional de Medicina Legal confirmou em comunicado que&nbsp;<a href=\"https:\/\/www.cnnbrasil.com.br\/internacional\/ataque-com-explosivos-na-colombia-deixa-ao-menos-13-mortos\/\">15 das 20 v\u00edtimas<\/a>&nbsp;foram identificadas. Segundo o laudo pericial, as v\u00edtimas identificadas s\u00e3o 15 mulheres e cinco homens, nenhum deles menor de idade. Os corpos j\u00e1 foram liberados para as fam\u00edlias.<\/p>\n\n\n\n<p>&#8220;O instituto continuar\u00e1 trabalhando para avan\u00e7ar nos processos de identifica\u00e7\u00e3o, garantindo rigor t\u00e9cnico, respeito \u00e0 dignidade humana e apoio institucional \u00e0s fam\u00edlias dos cinco corpos que ainda precisam ser identificados&#8221;, declarou o Instituto de Medicina Legal.<\/p>\n\n\n\n<p>Anteriormente, o governo de Cauca havia dito em um relat\u00f3rio preliminar que pelo menos 48 pessoas ficaram feridas, incluindo 5 menores de idade. O ataque atingiu pelo menos 15 ve\u00edculos no setor de El T\u00fanel, em Cajib\u00edo.<\/p>\n\n\n<div class=\"wp-block-image\">\n<figure class=\"alignleft size-large is-resized\"><img fetchpriority=\"high\" decoding=\"async\" width=\"819\" height=\"1024\" src=\"https:\/\/www.portalalerta.com.br\/wp-content\/uploads\/2026\/04\/abril-azul-Real-2026-819x1024.jpeg\" alt=\"\" class=\"wp-image-79285\" style=\"width:435px\" srcset=\"https:\/\/www.portalalerta.com.br\/wp-content\/uploads\/2026\/04\/abril-azul-Real-2026-819x1024.jpeg 819w, https:\/\/www.portalalerta.com.br\/wp-content\/uploads\/2026\/04\/abril-azul-Real-2026-192x240.jpeg 192w, https:\/\/www.portalalerta.com.br\/wp-content\/uploads\/2026\/04\/abril-azul-Real-2026-768x960.jpeg 768w, https:\/\/www.portalalerta.com.br\/wp-content\/uploads\/2026\/04\/abril-azul-Real-2026.jpeg 1024w\" sizes=\"(max-width: 819px) 100vw, 819px\" \/><\/figure><\/div>\n\n\n<p>\u201cUm artefato explosivo foi detonado na Rodovia Pan-Americana, no setor de El T\u00fanel, em Cajib\u00edo, em um ataque indiscriminado contra a popula\u00e7\u00e3o civil que, preliminarmente, deixou 7 civis mortos e mais de 20 gravemente feridos\u201d, declarou inicialmente o governador de Cauca, Octavio Guzm\u00e1n, na rede social X.<\/p>\n\n\n\n<p>No domingo (26), o gabinete do governador informou que o n\u00famero de mortos subiu para 19, com 48 feridos, e decretou tr\u00eas dias de luto.<\/p>\n\n\n\n<p>O que aconteceu \u201c\u00e9 uma trag\u00e9dia que nos dilacera como departamento e entristece profundamente nossas fam\u00edlias\u201d, declarou Guzm\u00e1n. \u201cPalavras n\u00e3o conseguem expressar a dor que sentimos hoje.\u201d<\/p>\n\n\n\n<p>O governador de Cauca tamb\u00e9m observou que, nas \u00faltimas horas, outros casos violentos foram relatados em outros munic\u00edpios, como El T\u00fanel, El Tambo, Caloto, Popay\u00e1n, Guachen\u00e9, Mercaderes e Miranda; e fez um apelo \u201curgente\u201d \u00e0s autoridades nacionais para garantir a seguran\u00e7a.<\/p>\n\n\n\n<p>\u201cEstamos enfrentando uma escalada do terrorismo que exige a\u00e7\u00e3o imediata\u201d, afirmou o governo.<\/p>\n\n\n\n<p>Por sua vez, o comandante das For\u00e7as Armadas da Col\u00f4mbia, Hugo Alejandro L\u00f3pez Barreto, explicou em coletiva de imprensa que nas \u00faltimas horas houve \u201cuma onda de ataques\u201d nos departamentos de Cauca e Valle del Cauca, que ele atribuiu \u00e0s \u201cestruturas criminosas\u201d dos dissidentes das FARC, \u201csob o comando do vulgo \u2018Iv\u00e1n Mordisco\u2019\u201d.<\/p>\n\n\n\n<p>\u201cDurante esses dois dias, nos departamentos de Cauca e Valle del Cauca, ocorreram 26 ataques terroristas que afetaram nossa popula\u00e7\u00e3o civil\u201d, informou L\u00f3pez, que assegurou que essa s\u00e9rie de ataques \u00e9 uma resposta \u00e0 \u201cpress\u00e3o constante\u201d que o governo colombiano vem exercendo sobre as atividades criminosas desses grupos.<\/p>\n\n\n\n<p>\u201cDiante dessa ofensiva, esses criminosos est\u00e3o recorrendo ao terrorismo e \u00e0 pr\u00e1tica de crimes contra a humanidade em uma tentativa desesperada de aliviar a press\u00e3o e gerar impacto midi\u00e1tico que mascare seu enfraquecimento\u201d, afirmou o chefe das For\u00e7as Armadas.<\/p>\n\n\n\n<p>\u201cAqueles que atacaram e mataram sete civis e feriram outros 17 em Cajib\u00edo, muitos deles ind\u00edgenas, s\u00e3o terroristas, fascistas e narcotraficantes\u201d, escreveu o presidente Gustavo Petro na rede social X.<\/p>\n\n\n\n<p>Petro pediu \u201ca m\u00e1xima puni\u00e7\u00e3o internacional desse grupo narcoterrorista\u201d, que ele tamb\u00e9m associou ao pseud\u00f4nimo \u201cIv\u00e1n Mordisco\u201d.<\/p>\n\n\n\n<p>Desdobramento e Oferta de Recompensa<\/p>\n\n\n\n<p>O governo anunciou no domingo (26) que refor\u00e7ar\u00e1 as opera\u00e7\u00f5es em Cauca e anunciou medidas para proteger a popula\u00e7\u00e3o. O comunicado detalhou o destacamento de mais de 13 pelot\u00f5es de cavalaria blindada, 12 pelot\u00f5es de infantaria e for\u00e7as policiais.<\/p>\n\n\n\n<p>Al\u00e9m disso, anunciou uma recompensa de at\u00e9 um bilh\u00e3o de pesos colombianos (aproximadamente R$ 3.527.000) por informa\u00e7\u00f5es que levem \u00e0 localiza\u00e7\u00e3o de indiv\u00edduos identificados como \u201cl\u00edderes respons\u00e1veis\u201d: sob o pseud\u00f4nimo de Farley, David ou Mi Pez, e Jairo Ram\u00edrez.<\/p>\n\n\n\n<p>O ataque ocorre horas depois da&nbsp;<a href=\"https:\/\/www.cnnbrasil.com.br\/internacional\/colombia-e-venezuela-concordam-em-trocar-inteligencia-para-combater-crimes\/\">visita de Petro \u00e0 Venezuela<\/a>&nbsp;com a c\u00fapula militar da Col\u00f4mbia, onde ele e a presidente interina Delcy Rodr\u00edguez anunciaram um acordo para combater grupos criminosos ao longo da fronteira entre os dois pa\u00edses, uma das mais extensas da regi\u00e3o, com mais de 2.219 quil\u00f4metros.<\/p>\n\n\n\n<p>O Ex\u00e9rcito colombiano informou que est\u00e1 realizando vigil\u00e2ncia a\u00e9rea sobre a \u00e1rea do departamento de Cauca e mantendo vigil\u00e2ncia constante para verificar a poss\u00edvel presen\u00e7a de artefatos explosivos e prevenir potenciais amea\u00e7as.<\/p>\n\n\n\n<p><em>Fonte: CNN<\/em><\/p>\n","protected":false},"excerpt":{"rendered":"<p>Caso mais recente deixou pelo menos 20 pessoas mortas e 48 feridas; atos de viol\u00eancia s\u00e3o relacionados a dissidentes das FARC<\/p>\n","protected":false},"author":2,"featured_media":79569,"comment_status":"open","ping_status":"open","sticky":false,"template":"","format":"standard","meta":{"om_disable_all_campaigns":false,"_monsterinsights_skip_tracking":false,"_monsterinsights_sitenote_active":false,"_monsterinsights_sitenote_note":"","_monsterinsights_sitenote_category":0,"footnotes":""},"categories":[70,35,69,22],"tags":[100,71,48,75,4178,992,4180,129,107,4181,132,230,339,106,203,120,51,109,88,47,111,190],"class_list":["post-79570","post","type-post","status-publish","format-standard","has-post-thumbnail","hentry","category-destaques","category-mundo","category-noticias2","category-seguranca","tag-adustina","tag-antas","tag-araci","tag-cicero-dantas","tag-cipo-2","tag-colombia","tag-crisopolis-2","tag-euclides-da-cunha","tag-fatima","tag-heliopolis-2","tag-itapicuru","tag-jeremoabo","tag-mundo","tag-nova-soure","tag-novo-triunfo","tag-olindina","tag-paripiranga","tag-quijingue","tag-ribeira-do-amparo","tag-ribeira-do-pombal","tag-sitio-do-quinto","tag-tucano"],"aioseo_notices":[],"_links":{"self":[{"href":"https:\/\/www.portalalerta.com.br\/index.php\/wp-json\/wp\/v2\/posts\/79570","targetHints":{"allow":["GET"]}}],"collection":[{"href":"https:\/\/www.portalalerta.com.br\/index.php\/wp-json\/wp\/v2\/posts"}],"about":[{"href":"https:\/\/www.portalalerta.com.br\/index.php\/wp-json\/wp\/v2\/types\/post"}],"author":[{"embeddable":true,"href":"https:\/\/www.portalalerta.com.br\/index.php\/wp-json\/wp\/v2\/users\/2"}],"replies":[{"embeddable":true,"href":"https:\/\/www.portalalerta.com.br\/index.php\/wp-json\/wp\/v2\/comments?post=79570"}],"version-history":[{"count":2,"href":"https:\/\/www.portalalerta.com.br\/index.php\/wp-json\/wp\/v2\/posts\/79570\/revisions"}],"predecessor-version":[{"id":79574,"href":"https:\/\/www.portalalerta.com.br\/index.php\/wp-json\/wp\/v2\/posts\/79570\/revisions\/79574"}],"wp:featuredmedia":[{"embeddable":true,"href":"https:\/\/www.portalalerta.com.br\/index.php\/wp-json\/wp\/v2\/media\/79569"}],"wp:attachment":[{"href":"https:\/\/www.portalalerta.com.br\/index.php\/wp-json\/wp\/v2\/media?parent=79570"}],"wp:term":[{"taxonomy":"category","embeddable":true,"href":"https:\/\/www.portalalerta.com.br\/index.php\/wp-json\/wp\/v2\/categories?post=79570"},{"taxonomy":"post_tag","embeddable":true,"href":"https:\/\/www.portalalerta.com.br\/index.php\/wp-json\/wp\/v2\/tags?post=79570"}],"curies":[{"name":"wp","href":"https:\/\/api.w.org\/{rel}","templated":true}]}}