{"id":79577,"date":"2026-04-27T16:06:15","date_gmt":"2026-04-27T19:06:15","guid":{"rendered":"https:\/\/www.portalalerta.com.br\/?p=79577"},"modified":"2026-04-27T16:06:17","modified_gmt":"2026-04-27T19:06:17","slug":"lula-se-reune-com-lider-do-senado-para-discutir-indicacao-de-jorge-messias-ao-stf","status":"publish","type":"post","link":"https:\/\/www.portalalerta.com.br\/index.php\/2026\/04\/27\/lula-se-reune-com-lider-do-senado-para-discutir-indicacao-de-jorge-messias-ao-stf\/","title":{"rendered":"Lula se re\u00fane com l\u00edder do Senado para discutir indica\u00e7\u00e3o de Jorge Messias ao STF"},"content":{"rendered":"\n<p><strong>Lula se re\u00fane com l\u00edder do Senado para discutir indica\u00e7\u00e3o de Jorge Messias ao STF<\/strong><\/p>\n\n\n\n<!--more-->\n\n\n\n<p>Senado vai sabatinar advogado-geral da Uni\u00e3o na pr\u00f3xima quarta-feira (29)<\/p>\n\n\n\n<p>O presidente&nbsp;<a href=\"https:\/\/www.r7.com\/tudo-sobre\/lula\/\" target=\"_blank\" rel=\"noreferrer noopener\"><strong>Luiz In\u00e1cio Lula da Silva<\/strong><\/a>&nbsp;(PT) teve uma reuni\u00e3o no in\u00edcio da tarde desta segunda-feira (27) com o l\u00edder do governo no Senado, Jaques Wagner (PT-BA), para discutir a&nbsp;<a href=\"https:\/\/noticias.r7.com\/prisma\/r7-planalto\/stf-ainda-ve-resistencia-de-alcolumbre-a-aprovacao-de-messias-23042026\/\" target=\"_blank\" rel=\"noreferrer noopener\"><strong>indica\u00e7\u00e3o do advogado-geral da Uni\u00e3o, Jorge Messias<\/strong><\/a>, para o&nbsp;<a href=\"https:\/\/www.r7.com\/tudo-sobre\/stf\/\" target=\"_blank\" rel=\"noreferrer noopener\"><strong>STF (Supremo Tribunal Federal)<\/strong><\/a>. O encontro aconteceu no Pal\u00e1cio da Alvorada.<\/p>\n\n\n\n<p>A semana \u00e9 de negocia\u00e7\u00e3o para que Messias seja aprovado a uma cadeira na corte. Na pr\u00f3xima quarta-feira (29), ele ser\u00e1 sabatinado pela&nbsp;<a href=\"https:\/\/www.r7.com\/tudo-sobre\/ccj-comissao-de-constituicao-e-justica\/\" target=\"_blank\" rel=\"noreferrer noopener\"><strong>CCJ (Comiss\u00e3o de Constitui\u00e7\u00e3o e Justi\u00e7a)<\/strong><\/a>&nbsp;e, na sequ\u00eancia, o plen\u00e1rio do Senado votar\u00e1 se aprova ou rejeita a indica\u00e7\u00e3o dele ao STF.<\/p>\n\n\n<div class=\"wp-block-image\">\n<figure class=\"alignleft size-large is-resized\"><img fetchpriority=\"high\" decoding=\"async\" width=\"819\" height=\"1024\" src=\"https:\/\/www.portalalerta.com.br\/wp-content\/uploads\/2026\/04\/abril-azul-Real-2026-819x1024.jpeg\" alt=\"\" class=\"wp-image-79285\" style=\"width:435px\" srcset=\"https:\/\/www.portalalerta.com.br\/wp-content\/uploads\/2026\/04\/abril-azul-Real-2026-819x1024.jpeg 819w, https:\/\/www.portalalerta.com.br\/wp-content\/uploads\/2026\/04\/abril-azul-Real-2026-192x240.jpeg 192w, https:\/\/www.portalalerta.com.br\/wp-content\/uploads\/2026\/04\/abril-azul-Real-2026-768x960.jpeg 768w, https:\/\/www.portalalerta.com.br\/wp-content\/uploads\/2026\/04\/abril-azul-Real-2026.jpeg 1024w\" sizes=\"(max-width: 819px) 100vw, 819px\" \/><\/figure><\/div>\n\n\n<p>Aliados de Messias dizem que ele conta com, ao menos, 47 votos favor\u00e1veis \u00e0 sua indica\u00e7\u00e3o \u2014 ele precisa de no m\u00ednimo 41 votos a favor para ser nomeado como ministro do STF.<\/p>\n\n\n\n<p>Messias planeja manter conversas com senadores at\u00e9 a v\u00e9spera da sabatina dele na CCJ. Na sabatina, os senadores v\u00e3o avaliar se Messias est\u00e1 apto para ocupar uma cadeira no Supremo.<\/p>\n\n\n\n<p>Ao&nbsp;<strong>R7 Planalto<\/strong>, ele&nbsp;<a href=\"https:\/\/noticias.r7.com\/prisma\/r7-planalto\/messias-diz-estar-com-o-coracao-leve-para-sabatina-ao-stf-27042026\/\" target=\"_blank\" rel=\"noreferrer noopener\"><strong>afirmou que est\u00e1 com o \u201ccora\u00e7\u00e3o leve\u201d e que \u201csegue em paz\u201d<\/strong><\/a>&nbsp;na expectativa de sua sabatina.<\/p>\n\n\n\n<p><strong>Lula cancela agendas<\/strong><\/p>\n\n\n\n<p>Nesta segunda, Lula desistiu de participar remotamente de dois eventos no interior de S\u00e3o Paulo. Segundo o Pal\u00e1cio do Planalto, isso aconteceu por quest\u00f5es t\u00e9cnicas de transmiss\u00e3o, e n\u00e3o por qualquer problema na recupera\u00e7\u00e3o do presidente ap\u00f3s os&nbsp;<a href=\"https:\/\/noticias.r7.com\/jr-24h\/boletim-jr-24h\/video\/presidente-lula-recebe-alta-apos-cirurgia-em-sao-paulo-24042026\/\" target=\"_blank\" rel=\"noreferrer noopener\"><strong>procedimentos de sa\u00fade realizados na semana passada<\/strong><\/a>.<\/p>\n\n\n\n<p>O presidente participaria por videoconfer\u00eancia dos eventos em Andradina e Presidente Prudente nesta segunda, segundo sua agenda oficial. Os problemas t\u00e9cnicos, que n\u00e3o foram detalhados pelo governo, impediram essa participa\u00e7\u00e3o.<\/p>\n\n\n\n<p>Lula foi submetido na manh\u00e3 de sexta-feira (24) a uma&nbsp;<a href=\"https:\/\/noticias.r7.com\/brasilia\/do-cancer-as-cirurgias-na-cabeca-relembre-o-historico-medico-de-lula-ao-longo-dos-anos-25042026\/\" target=\"_blank\" rel=\"noreferrer noopener\"><strong>cauteriza\u00e7\u00e3o na cabe\u00e7a para a retirada de um carcinoma basocelular<\/strong><\/a>&nbsp;(um tipo de c\u00e2ncer que se origina nas c\u00e9lulas basais localizadas na camada mais profunda da epiderme).<\/p>\n\n\n\n<p>Os m\u00e9dicos tamb\u00e9m fizeram uma&nbsp;<a href=\"https:\/\/noticias.r7.com\/brasilia\/medico-diz-que-lesao-de-pele-tratada-por-lula-e-comum-e-presidente-nao-tera-restricoes-24042026\/\" target=\"_blank\" rel=\"noreferrer noopener\"><strong>infiltra\u00e7\u00e3o para tratar uma tendinite no polegar da m\u00e3o direita do presidente<\/strong><\/a>. Sobre tal procedimento, a equipe m\u00e9dica disse que a inflama\u00e7\u00e3o era pequena e n\u00e3o implicar\u00e1 em nenhuma restri\u00e7\u00e3o de movimento.<\/p>\n\n\n\n<p>Os procedimentos foram feitos em S\u00e3o Paulo. O presidente voltou a Bras\u00edlia no domingo (26). Por recomenda\u00e7\u00e3o m\u00e9dica, decidiu n\u00e3o ir aos eventos em Andradina e Presidente Prudente, no interior de S\u00e3o Paulo, nesta segunda-feira.<\/p>\n\n\n\n<p><em>Fonte: R7<\/em><\/p>\n","protected":false},"excerpt":{"rendered":"<p>Lula se re\u00fane com l\u00edder do Senado para discutir indica\u00e7\u00e3o de Jorge Messias ao STF<\/p>\n","protected":false},"author":2,"featured_media":79573,"comment_status":"open","ping_status":"open","sticky":false,"template":"","format":"standard","meta":{"om_disable_all_campaigns":false,"_monsterinsights_skip_tracking":false,"_monsterinsights_sitenote_active":false,"_monsterinsights_sitenote_note":"","_monsterinsights_sitenote_category":0,"footnotes":""},"categories":[34,70,69,21],"tags":[100,71,48,93,75,4178,4180,129,107,4181,132,230,7318,303,106,203,120,51,109,88,47,3853,111,216,190],"class_list":["post-79577","post","type-post","status-publish","format-standard","has-post-thumbnail","hentry","category-brasil","category-destaques","category-noticias2","category-politica","tag-adustina","tag-antas","tag-araci","tag-brasil","tag-cicero-dantas","tag-cipo-2","tag-crisopolis-2","tag-euclides-da-cunha","tag-fatima","tag-heliopolis-2","tag-itapicuru","tag-jeremoabo","tag-jorge-messias","tag-lula","tag-nova-soure","tag-novo-triunfo","tag-olindina","tag-paripiranga","tag-quijingue","tag-ribeira-do-amparo","tag-ribeira-do-pombal","tag-senado","tag-sitio-do-quinto","tag-stf","tag-tucano"],"aioseo_notices":[],"_links":{"self":[{"href":"https:\/\/www.portalalerta.com.br\/index.php\/wp-json\/wp\/v2\/posts\/79577","targetHints":{"allow":["GET"]}}],"collection":[{"href":"https:\/\/www.portalalerta.com.br\/index.php\/wp-json\/wp\/v2\/posts"}],"about":[{"href":"https:\/\/www.portalalerta.com.br\/index.php\/wp-json\/wp\/v2\/types\/post"}],"author":[{"embeddable":true,"href":"https:\/\/www.portalalerta.com.br\/index.php\/wp-json\/wp\/v2\/users\/2"}],"replies":[{"embeddable":true,"href":"https:\/\/www.portalalerta.com.br\/index.php\/wp-json\/wp\/v2\/comments?post=79577"}],"version-history":[{"count":1,"href":"https:\/\/www.portalalerta.com.br\/index.php\/wp-json\/wp\/v2\/posts\/79577\/revisions"}],"predecessor-version":[{"id":79578,"href":"https:\/\/www.portalalerta.com.br\/index.php\/wp-json\/wp\/v2\/posts\/79577\/revisions\/79578"}],"wp:featuredmedia":[{"embeddable":true,"href":"https:\/\/www.portalalerta.com.br\/index.php\/wp-json\/wp\/v2\/media\/79573"}],"wp:attachment":[{"href":"https:\/\/www.portalalerta.com.br\/index.php\/wp-json\/wp\/v2\/media?parent=79577"}],"wp:term":[{"taxonomy":"category","embeddable":true,"href":"https:\/\/www.portalalerta.com.br\/index.php\/wp-json\/wp\/v2\/categories?post=79577"},{"taxonomy":"post_tag","embeddable":true,"href":"https:\/\/www.portalalerta.com.br\/index.php\/wp-json\/wp\/v2\/tags?post=79577"}],"curies":[{"name":"wp","href":"https:\/\/api.w.org\/{rel}","templated":true}]}}