{"id":79582,"date":"2026-04-27T16:22:35","date_gmt":"2026-04-27T19:22:35","guid":{"rendered":"https:\/\/www.portalalerta.com.br\/?p=79582"},"modified":"2026-04-27T16:22:36","modified_gmt":"2026-04-27T19:22:36","slug":"moraes-concede-prisao-domiciliar-a-19-idosos-condenados-pelo-8-1","status":"publish","type":"post","link":"https:\/\/www.portalalerta.com.br\/index.php\/2026\/04\/27\/moraes-concede-prisao-domiciliar-a-19-idosos-condenados-pelo-8-1\/","title":{"rendered":"Moraes concede pris\u00e3o domiciliar a 19 idosos condenados pelo 8\/1"},"content":{"rendered":"\n<p><strong>Decis\u00e3o beneficia pessoas com idade entre 60 e 74 anos, que respondem a crimes como dano qualificado e tentativa de golpe<\/strong><\/p>\n\n\n\n<!--more-->\n\n\n\n<p><strong>O ministro do&nbsp;<a href=\"https:\/\/www.r7.com\/tudo-sobre\/stf\/\">STF<\/a>&nbsp;(Supremo Tribunal Federal)&nbsp;<a href=\"https:\/\/www.r7.com\/tudo-sobre\/alexandre-de-moraes\/\">Alexandre de Moraes<\/a>&nbsp;concedeu&nbsp;pris\u00e3o domiciliar&nbsp;a&nbsp;19 idosos&nbsp;condenados por envolvimento nos ataques de&nbsp;8 de janeiro de 2023. Entre eles est\u00e1 \u201cF\u00e1tima Tubar\u00e3o\u201d, de 71 anos, que apareceu em grava\u00e7\u00f5es afirmando que iria \u201cpegar o Xand\u00e3o\u201d.<\/strong><\/p>\n\n\n<div class=\"wp-block-image\">\n<figure class=\"alignleft size-large is-resized\"><img fetchpriority=\"high\" decoding=\"async\" width=\"819\" height=\"1024\" src=\"https:\/\/www.portalalerta.com.br\/wp-content\/uploads\/2026\/04\/abril-azul-Real-2026-819x1024.jpeg\" alt=\"\" class=\"wp-image-79285\" style=\"width:435px\" srcset=\"https:\/\/www.portalalerta.com.br\/wp-content\/uploads\/2026\/04\/abril-azul-Real-2026-819x1024.jpeg 819w, https:\/\/www.portalalerta.com.br\/wp-content\/uploads\/2026\/04\/abril-azul-Real-2026-192x240.jpeg 192w, https:\/\/www.portalalerta.com.br\/wp-content\/uploads\/2026\/04\/abril-azul-Real-2026-768x960.jpeg 768w, https:\/\/www.portalalerta.com.br\/wp-content\/uploads\/2026\/04\/abril-azul-Real-2026.jpeg 1024w\" sizes=\"(max-width: 819px) 100vw, 819px\" \/><\/figure><\/div>\n\n\n<p><strong>A decis\u00e3o do ministro, que levou em conta a idade avan\u00e7ada dos presos, foi feita na \u00faltima sexta-feira (24) e confirmada pelo Supremo nesta segunda-feira (27).<\/strong><\/p>\n\n\n\n<p><strong>Em suas resid\u00eancias, os condenados devem usar tornozeleira eletr\u00f4nica e est\u00e3o proibidos de acessar redes sociais. Tamb\u00e9m tiveram seus passaportes suspensos e n\u00e3o podem fazer qualquer tipo de contato com outros envolvidos nos crimes.<\/strong><\/p>\n\n\n\n<p><strong>Os idosos t\u00eam entre 60 e 73 anos, e respondem por crimes como tentativa de aboli\u00e7\u00e3o violenta do Estado Democr\u00e1tico de Direito, golpe de Estado, associa\u00e7\u00e3o criminosa armada e dano qualificado.<\/strong><\/p>\n\n\n\n<p><strong>O&nbsp;R7&nbsp;conseguiu identificar os 19 idosos beneficiados pela decis\u00e3o. S\u00e3o eles:<\/strong><\/p>\n\n\n\n<ul class=\"wp-block-list\">\n<li><strong>Ana Elza Pereira da Silva, 65 anos;<\/strong><\/li>\n\n\n\n<li><strong>Claudio Augusto Felippe, 62 anos;<\/strong><\/li>\n\n\n\n<li><strong>Francisca Hildete Ferreira, 64 anos;<\/strong><\/li>\n\n\n\n<li><strong>Germano Siqueira Lube, 61 anos;<\/strong><\/li>\n\n\n\n<li><strong>Iraci Meugmi Nagoshi, 74 anos;<\/strong><\/li>\n\n\n\n<li><strong>Jair Domingues de Morais, 68 anos;<\/strong><\/li>\n\n\n\n<li><strong>Jo\u00e3o Batista Gama, 64 anos;<\/strong><\/li>\n\n\n\n<li><strong>Jose Carlos Galanti, 67 anos;<\/strong><\/li>\n\n\n\n<li><strong>Levi Alves Martins, 64 anos;<\/strong><\/li>\n\n\n\n<li><strong>Luis Carlos de Carvalho Fonseca, 65 anos;<\/strong><\/li>\n\n\n\n<li><strong>Marco Afonso Campos dos Santos, 64 anos;<\/strong><\/li>\n\n\n\n<li><strong>Maria de F\u00e1tima Mendon\u00e7a Jacinto, 71 anos, conhecida como \u201cF\u00e1tima Tubar\u00e3o\u201d;<\/strong><\/li>\n\n\n\n<li><strong>Maria do Carmo da Silva, 64 anos;<\/strong><\/li>\n\n\n\n<li><strong>Moises dos Anjos, 64 anos;<\/strong><\/li>\n\n\n\n<li><strong>Nelson Ferreira da Costa, 62 anos;<\/strong><\/li>\n\n\n\n<li><strong>Rosemeire Aparecida Morandi, 61 anos;<\/strong><\/li>\n\n\n\n<li><strong>Sonia Teresinha Possa, 69 anos;<\/strong><\/li>\n\n\n\n<li><strong>Walter Parreira, 66 anos;<\/strong><\/li>\n\n\n\n<li><strong>Jucilene Costa do Nascimento, 61 anos.<\/strong><\/li>\n<\/ul>\n\n\n\n<p><strong>Defesa<\/strong><\/p>\n\n\n\n<p><strong>Em nota, o advogado H\u00e9lio J\u00fanior, que faz a defesa de alguns dos condenados pelo 8 de Janeiro, afirmou que a decis\u00e3o representa \u201cum al\u00edvio\u201d para os idosos e suas fam\u00edlias.<\/strong><\/p>\n\n\n\n<p><strong>\u201c\u00c9 importante destacar que alguns desses idosos enfrentam quadros de sa\u00fade grav\u00edssimos, inclusive doen\u00e7as incur\u00e1veis, sem que tenham recebido, ao longo desse per\u00edodo, o tratamento m\u00e9dico adequado dentro do sistema prisional\u201d, afirmou.<\/strong><\/p>\n\n\n\n<p><strong>\u201cA concess\u00e3o da pris\u00e3o domiciliar, nesse contexto, n\u00e3o \u00e9 apenas uma medida jur\u00eddica, mas uma necessidade humanit\u00e1ria\u201d, completou o advogado, que defendeu que seus clientes teriam sido \u201cinjustamente condenados de crimes graves\u201d.<\/strong><\/p>\n\n\n\n<p><strong>H\u00e9lio J\u00fanior ainda comentou que acredita na necessidade de uma \u201crevis\u00e3o profunda\u201d de todos os processos relacionados aos fatos de 8 de Janeiro, argumentando que existem \u201cinconsist\u00eancias\u201d e a \u201caus\u00eancia de individualiza\u00e7\u00e3o adequada\u201d dos casos.<\/strong><\/p>\n\n\n\n<p><strong>\u201cA busca pela justi\u00e7a exige coragem para corrigir eventuais excessos, raz\u00e3o pela qual se defende a reavalia\u00e7\u00e3o e, quando constatadas nulidades, a anula\u00e7\u00e3o \u00e9 um imperativo de justi\u00e7a para a liberdade dos demais que ainda permanecem presos e o retorno definitivo de todos os exilados pol\u00edticos ao Brasil\u201d, ressaltou.<\/strong><\/p>\n\n\n\n<p><em>Fonte: R7<\/em><\/p>\n","protected":false},"excerpt":{"rendered":"<p>Decis\u00e3o beneficia pessoas com idade entre 60 e 74 anos, que respondem a crimes como dano qualificado e tentativa de golpe<\/p>\n","protected":false},"author":2,"featured_media":16331,"comment_status":"open","ping_status":"open","sticky":false,"template":"","format":"standard","meta":{"om_disable_all_campaigns":false,"_monsterinsights_skip_tracking":false,"_monsterinsights_sitenote_active":false,"_monsterinsights_sitenote_note":"","_monsterinsights_sitenote_category":0,"footnotes":""},"categories":[34,70,69,21],"tags":[7929,100,1173,71,48,93,75,4178,4180,129,107,4181,1334,132,230,475,106,203,120,51,109,88,47,111,190],"class_list":["post-79582","post","type-post","status-publish","format-standard","has-post-thumbnail","hentry","category-brasil","category-destaques","category-noticias2","category-politica","tag-8-de-janeiro","tag-adustina","tag-alexandre-de-moraes","tag-antas","tag-araci","tag-brasil","tag-cicero-dantas","tag-cipo-2","tag-crisopolis-2","tag-euclides-da-cunha","tag-fatima","tag-heliopolis-2","tag-idosos","tag-itapicuru","tag-jeremoabo","tag-manifestacao","tag-nova-soure","tag-novo-triunfo","tag-olindina","tag-paripiranga","tag-quijingue","tag-ribeira-do-amparo","tag-ribeira-do-pombal","tag-sitio-do-quinto","tag-tucano"],"aioseo_notices":[],"_links":{"self":[{"href":"https:\/\/www.portalalerta.com.br\/index.php\/wp-json\/wp\/v2\/posts\/79582","targetHints":{"allow":["GET"]}}],"collection":[{"href":"https:\/\/www.portalalerta.com.br\/index.php\/wp-json\/wp\/v2\/posts"}],"about":[{"href":"https:\/\/www.portalalerta.com.br\/index.php\/wp-json\/wp\/v2\/types\/post"}],"author":[{"embeddable":true,"href":"https:\/\/www.portalalerta.com.br\/index.php\/wp-json\/wp\/v2\/users\/2"}],"replies":[{"embeddable":true,"href":"https:\/\/www.portalalerta.com.br\/index.php\/wp-json\/wp\/v2\/comments?post=79582"}],"version-history":[{"count":1,"href":"https:\/\/www.portalalerta.com.br\/index.php\/wp-json\/wp\/v2\/posts\/79582\/revisions"}],"predecessor-version":[{"id":79583,"href":"https:\/\/www.portalalerta.com.br\/index.php\/wp-json\/wp\/v2\/posts\/79582\/revisions\/79583"}],"wp:featuredmedia":[{"embeddable":true,"href":"https:\/\/www.portalalerta.com.br\/index.php\/wp-json\/wp\/v2\/media\/16331"}],"wp:attachment":[{"href":"https:\/\/www.portalalerta.com.br\/index.php\/wp-json\/wp\/v2\/media?parent=79582"}],"wp:term":[{"taxonomy":"category","embeddable":true,"href":"https:\/\/www.portalalerta.com.br\/index.php\/wp-json\/wp\/v2\/categories?post=79582"},{"taxonomy":"post_tag","embeddable":true,"href":"https:\/\/www.portalalerta.com.br\/index.php\/wp-json\/wp\/v2\/tags?post=79582"}],"curies":[{"name":"wp","href":"https:\/\/api.w.org\/{rel}","templated":true}]}}