{"id":79585,"date":"2026-04-27T23:18:28","date_gmt":"2026-04-28T02:18:28","guid":{"rendered":"https:\/\/www.portalalerta.com.br\/?p=79585"},"modified":"2026-04-27T23:18:29","modified_gmt":"2026-04-28T02:18:29","slug":"justica-mantem-validade-de-provas-da-operacao-el-patron-e-rejeita-pedidos-de-binho-galinha","status":"publish","type":"post","link":"https:\/\/www.portalalerta.com.br\/index.php\/2026\/04\/27\/justica-mantem-validade-de-provas-da-operacao-el-patron-e-rejeita-pedidos-de-binho-galinha\/","title":{"rendered":"Justi\u00e7a mant\u00e9m validade de provas da Opera\u00e7\u00e3o El Patr\u00f3n e rejeita pedidos de Binho Galinha"},"content":{"rendered":"\n<p>Decis\u00e3o do TJ-BA nega trancamento de a\u00e7\u00f5es penais, preserva pris\u00f5es preventivas e afasta ilegalidade em relat\u00f3rios do Coaf<\/p>\n\n\n\n<!--more-->\n\n\n\n<p>A Justi\u00e7a da Bahia rejeitou pedido da defesa do deputado estadual Binho Galinha (Avante) para reconhecer a ilegalidade dos Relat\u00f3rios de Intelig\u00eancia Financeira (RIFs) obtidos junto ao Conselho de Controle de Atividades Financeiras (Coaf) na Opera\u00e7\u00e3o El Patr\u00f3n.<\/p>\n\n\n<div class=\"wp-block-image\">\n<figure class=\"alignleft size-large is-resized\"><img fetchpriority=\"high\" decoding=\"async\" width=\"819\" height=\"1024\" src=\"https:\/\/www.portalalerta.com.br\/wp-content\/uploads\/2026\/04\/abril-azul-Real-2026-819x1024.jpeg\" alt=\"\" class=\"wp-image-79285\" style=\"width:396px;height:auto\" srcset=\"https:\/\/www.portalalerta.com.br\/wp-content\/uploads\/2026\/04\/abril-azul-Real-2026-819x1024.jpeg 819w, https:\/\/www.portalalerta.com.br\/wp-content\/uploads\/2026\/04\/abril-azul-Real-2026-192x240.jpeg 192w, https:\/\/www.portalalerta.com.br\/wp-content\/uploads\/2026\/04\/abril-azul-Real-2026-768x960.jpeg 768w, https:\/\/www.portalalerta.com.br\/wp-content\/uploads\/2026\/04\/abril-azul-Real-2026.jpeg 1024w\" sizes=\"(max-width: 819px) 100vw, 819px\" \/><\/figure><\/div>\n\n\n<p>Decis\u00e3o da ju\u00edza M\u00e1rcia Sim\u00f5es Costa, da Vara Criminal e de Crimes contra a Crian\u00e7a e o Adolescente de Feira de Santana, manteve a validade do acervo probat\u00f3rio, negou o trancamento das a\u00e7\u00f5es penais em curso e preservou as pris\u00f5es preventivas e demais medidas cautelares impostas aos acusados.<\/p>\n\n\n\n<p>A defesa sustentava que o relat\u00f3rio financeiro teria sido requisitado antes da formaliza\u00e7\u00e3o do inqu\u00e9rito policial, o que, segundo os advogados, violaria entendimento do Supremo Tribunal Federal (STF) sobre o compartilhamento desse tipo de informa\u00e7\u00e3o.<\/p>\n\n\n\n<p>Ao rejeitar os argumentos, a magistrada apontou que o entendimento mais recente do STF sobre o tema tem efeitos prospectivos e n\u00e3o alcan\u00e7a atos praticados em 2022, quando o relat\u00f3rio foi produzido. Na decis\u00e3o, a ju\u00edza afirmou que dar efeito retroativo \u00e0 tese \u201cviolaria o postulado da prote\u00e7\u00e3o da confian\u00e7a e geraria uma desestabiliza\u00e7\u00e3o sist\u00eamica no combate ao crime organizado\u201d.<\/p>\n\n\n\n<p>A decis\u00e3o tamb\u00e9m destaca que o pr\u00f3prio STF j\u00e1 havia validado as provas no \u00e2mbito do processo e cita ainda a exist\u00eancia de outros elementos pr\u00e9vios de investiga\u00e7\u00e3o, como relat\u00f3rio t\u00e9cnico do Minist\u00e9rio P\u00fablico da Bahia, para afastar a tese de ilicitude das provas.<\/p>\n\n\n\n<p>Com isso, foram negados os pedidos para retirada das provas do processo, suspens\u00e3o das a\u00e7\u00f5es penais e revoga\u00e7\u00e3o das medidas cautelares. Cabe recurso.<\/p>\n\n\n\n<p><em>&nbsp;Fonte: Metro1<\/em><\/p>\n","protected":false},"excerpt":{"rendered":"<p>Decis\u00e3o do TJ-BA nega trancamento de a\u00e7\u00f5es penais, preserva pris\u00f5es preventivas e afasta ilegalidade em relat\u00f3rios do Coaf<\/p>\n","protected":false},"author":2,"featured_media":75226,"comment_status":"open","ping_status":"open","sticky":false,"template":"","format":"standard","meta":{"om_disable_all_campaigns":false,"_monsterinsights_skip_tracking":false,"_monsterinsights_sitenote_active":false,"_monsterinsights_sitenote_note":"","_monsterinsights_sitenote_category":0,"footnotes":""},"categories":[34,8473,69,21,22],"tags":[100,71,48,54,6818,75,4178,4180,129,107,4181,132,230,106,203,120,51,199,3620,109,88,47,397,111,190],"class_list":["post-79585","post","type-post","status-publish","format-standard","has-post-thumbnail","hentry","category-brasil","category-destaque","category-noticias2","category-politica","category-seguranca","tag-adustina","tag-antas","tag-araci","tag-bahia","tag-binho-galinha","tag-cicero-dantas","tag-cipo-2","tag-crisopolis-2","tag-euclides-da-cunha","tag-fatima","tag-heliopolis-2","tag-itapicuru","tag-jeremoabo","tag-nova-soure","tag-novo-triunfo","tag-olindina","tag-paripiranga","tag-politica","tag-provas","tag-quijingue","tag-ribeira-do-amparo","tag-ribeira-do-pombal","tag-seguranca","tag-sitio-do-quinto","tag-tucano"],"aioseo_notices":[],"_links":{"self":[{"href":"https:\/\/www.portalalerta.com.br\/index.php\/wp-json\/wp\/v2\/posts\/79585","targetHints":{"allow":["GET"]}}],"collection":[{"href":"https:\/\/www.portalalerta.com.br\/index.php\/wp-json\/wp\/v2\/posts"}],"about":[{"href":"https:\/\/www.portalalerta.com.br\/index.php\/wp-json\/wp\/v2\/types\/post"}],"author":[{"embeddable":true,"href":"https:\/\/www.portalalerta.com.br\/index.php\/wp-json\/wp\/v2\/users\/2"}],"replies":[{"embeddable":true,"href":"https:\/\/www.portalalerta.com.br\/index.php\/wp-json\/wp\/v2\/comments?post=79585"}],"version-history":[{"count":1,"href":"https:\/\/www.portalalerta.com.br\/index.php\/wp-json\/wp\/v2\/posts\/79585\/revisions"}],"predecessor-version":[{"id":79587,"href":"https:\/\/www.portalalerta.com.br\/index.php\/wp-json\/wp\/v2\/posts\/79585\/revisions\/79587"}],"wp:featuredmedia":[{"embeddable":true,"href":"https:\/\/www.portalalerta.com.br\/index.php\/wp-json\/wp\/v2\/media\/75226"}],"wp:attachment":[{"href":"https:\/\/www.portalalerta.com.br\/index.php\/wp-json\/wp\/v2\/media?parent=79585"}],"wp:term":[{"taxonomy":"category","embeddable":true,"href":"https:\/\/www.portalalerta.com.br\/index.php\/wp-json\/wp\/v2\/categories?post=79585"},{"taxonomy":"post_tag","embeddable":true,"href":"https:\/\/www.portalalerta.com.br\/index.php\/wp-json\/wp\/v2\/tags?post=79585"}],"curies":[{"name":"wp","href":"https:\/\/api.w.org\/{rel}","templated":true}]}}