{"id":79590,"date":"2026-04-27T23:28:32","date_gmt":"2026-04-28T02:28:32","guid":{"rendered":"https:\/\/www.portalalerta.com.br\/?p=79590"},"modified":"2026-04-27T23:28:33","modified_gmt":"2026-04-28T02:28:33","slug":"estavamos-brincando-dizem-empresarios-presos-por-marcar-jovem-com-ferro-em-brasa","status":"publish","type":"post","link":"https:\/\/www.portalalerta.com.br\/index.php\/2026\/04\/27\/estavamos-brincando-dizem-empresarios-presos-por-marcar-jovem-com-ferro-em-brasa\/","title":{"rendered":"&#8216;Est\u00e1vamos brincando&#8217;, dizem empres\u00e1rios presos por marcar jovem com ferro em brasa"},"content":{"rendered":"\n<p>Delegado classifica caso como crueldade extrema e investiga tortura e racismo em Livramento de Nossa Senhora<\/p>\n\n\n\n<!--more-->\n\n\n<div class=\"wp-block-image\">\n<figure class=\"alignleft size-large is-resized\"><img fetchpriority=\"high\" decoding=\"async\" width=\"819\" height=\"1024\" src=\"https:\/\/www.portalalerta.com.br\/wp-content\/uploads\/2026\/04\/abril-azul-Real-2026-819x1024.jpeg\" alt=\"\" class=\"wp-image-79285\" style=\"width:386px;height:auto\" srcset=\"https:\/\/www.portalalerta.com.br\/wp-content\/uploads\/2026\/04\/abril-azul-Real-2026-819x1024.jpeg 819w, https:\/\/www.portalalerta.com.br\/wp-content\/uploads\/2026\/04\/abril-azul-Real-2026-192x240.jpeg 192w, https:\/\/www.portalalerta.com.br\/wp-content\/uploads\/2026\/04\/abril-azul-Real-2026-768x960.jpeg 768w, https:\/\/www.portalalerta.com.br\/wp-content\/uploads\/2026\/04\/abril-azul-Real-2026.jpeg 1024w\" sizes=\"(max-width: 819px) 100vw, 819px\" \/><\/figure><\/div>\n\n\n<p>Presos por tortura e racismo ap\u00f3s queimarem com ferro quente um jovem negro com defici\u00eancia auditiva, dois empres\u00e1rios disseram que foi \u201cbrincadeira\u201d. \u201cAlegaram: \u2018est\u00e1vamos brincando\u2019. Foi uma crueldade, pegar uma pessoa pobre, indefesa, e ferrar como se ferra animal\u201d, disse o delegado Cl\u00e1udio Oliveira, titular da delegacia de Livramento de Nossa Senhora.<\/p>\n\n\n\n<p>Donos de um galp\u00e3o de cereais, os suspeitos tamb\u00e9m respondem por les\u00e3o corporal. O delegado informou que comunicou o caso ao Minist\u00e9rio dos Direitos Humanos. O epis\u00f3dio exp\u00f5e mais do que viol\u00eancia brutal: remete a pr\u00e1ticas desumanas associadas \u00e0 escravid\u00e3o e escancara a cren\u00e7a na impunidade.<\/p>\n\n\n\n<p>Se marcar um animal com ferro em brasa pode configurar maus-tratos, a barb\u00e1rie cometida contra um ser humano revela um crime ainda mais perverso.<\/p>\n\n\n\n<p><em>Fonte: Correio 24horas<\/em><\/p>\n","protected":false},"excerpt":{"rendered":"<p>Delegado classifica caso como crueldade extrema e investiga tortura e racismo em Livramento de Nossa Senhora<\/p>\n","protected":false},"author":2,"featured_media":33427,"comment_status":"open","ping_status":"open","sticky":false,"template":"","format":"standard","meta":{"om_disable_all_campaigns":false,"_monsterinsights_skip_tracking":false,"_monsterinsights_sitenote_active":false,"_monsterinsights_sitenote_note":"","_monsterinsights_sitenote_category":0,"footnotes":""},"categories":[33,8473,69,22],"tags":[100,71,48,54,75,4178,4180,129,107,4181,132,230,1600,106,203,120,51,122,110,109,331,88,47,111,1718,190],"class_list":["post-79590","post","type-post","status-publish","format-standard","has-post-thumbnail","hentry","category-bahia","category-destaque","category-noticias2","category-seguranca","tag-adustina","tag-antas","tag-araci","tag-bahia","tag-cicero-dantas","tag-cipo-2","tag-crisopolis-2","tag-euclides-da-cunha","tag-fatima","tag-heliopolis-2","tag-itapicuru","tag-jeremoabo","tag-livramento-de-nossa-senhora","tag-nova-soure","tag-novo-triunfo","tag-olindina","tag-paripiranga","tag-policia-civil","tag-presos","tag-quijingue","tag-racismo","tag-ribeira-do-amparo","tag-ribeira-do-pombal","tag-sitio-do-quinto","tag-tortura","tag-tucano"],"aioseo_notices":[],"_links":{"self":[{"href":"https:\/\/www.portalalerta.com.br\/index.php\/wp-json\/wp\/v2\/posts\/79590","targetHints":{"allow":["GET"]}}],"collection":[{"href":"https:\/\/www.portalalerta.com.br\/index.php\/wp-json\/wp\/v2\/posts"}],"about":[{"href":"https:\/\/www.portalalerta.com.br\/index.php\/wp-json\/wp\/v2\/types\/post"}],"author":[{"embeddable":true,"href":"https:\/\/www.portalalerta.com.br\/index.php\/wp-json\/wp\/v2\/users\/2"}],"replies":[{"embeddable":true,"href":"https:\/\/www.portalalerta.com.br\/index.php\/wp-json\/wp\/v2\/comments?post=79590"}],"version-history":[{"count":1,"href":"https:\/\/www.portalalerta.com.br\/index.php\/wp-json\/wp\/v2\/posts\/79590\/revisions"}],"predecessor-version":[{"id":79591,"href":"https:\/\/www.portalalerta.com.br\/index.php\/wp-json\/wp\/v2\/posts\/79590\/revisions\/79591"}],"wp:featuredmedia":[{"embeddable":true,"href":"https:\/\/www.portalalerta.com.br\/index.php\/wp-json\/wp\/v2\/media\/33427"}],"wp:attachment":[{"href":"https:\/\/www.portalalerta.com.br\/index.php\/wp-json\/wp\/v2\/media?parent=79590"}],"wp:term":[{"taxonomy":"category","embeddable":true,"href":"https:\/\/www.portalalerta.com.br\/index.php\/wp-json\/wp\/v2\/categories?post=79590"},{"taxonomy":"post_tag","embeddable":true,"href":"https:\/\/www.portalalerta.com.br\/index.php\/wp-json\/wp\/v2\/tags?post=79590"}],"curies":[{"name":"wp","href":"https:\/\/api.w.org\/{rel}","templated":true}]}}