{"id":79598,"date":"2026-04-29T06:00:00","date_gmt":"2026-04-29T09:00:00","guid":{"rendered":"https:\/\/www.portalalerta.com.br\/?p=79598"},"modified":"2026-04-28T23:10:50","modified_gmt":"2026-04-29T02:10:50","slug":"ribeira-do-pombal-suspende-copa-rural-devido-a-instabilidade-financeira","status":"publish","type":"post","link":"https:\/\/www.portalalerta.com.br\/index.php\/2026\/04\/29\/ribeira-do-pombal-suspende-copa-rural-devido-a-instabilidade-financeira\/","title":{"rendered":"Ribeira do Pombal suspende Copa Rural devido a instabilidade financeira"},"content":{"rendered":"\n<p>A tradicional Copa Rural, um dos eventos esportivos mais esperados pelas comunidades do interior de Ribeira do Pombal, n\u00e3o ser\u00e1 realizada neste ano. A suspens\u00e3o do torneio ocorre devido \u00e0 instabilidade no recebimento dos repasses do Fundo de Participa\u00e7\u00e3o dos Munic\u00edpios (FPM), que tem solicitado cautela na gest\u00e3o de recursos p\u00fablicos.<\/p>\n\n\n\n<!--more-->\n\n\n<div class=\"wp-block-image\">\n<figure class=\"alignleft size-large is-resized\"><img fetchpriority=\"high\" decoding=\"async\" width=\"819\" height=\"1024\" src=\"https:\/\/www.portalalerta.com.br\/wp-content\/uploads\/2026\/04\/abril-azul-Real-2026-819x1024.jpeg\" alt=\"\" class=\"wp-image-79285\" style=\"width:435px\" srcset=\"https:\/\/www.portalalerta.com.br\/wp-content\/uploads\/2026\/04\/abril-azul-Real-2026-819x1024.jpeg 819w, https:\/\/www.portalalerta.com.br\/wp-content\/uploads\/2026\/04\/abril-azul-Real-2026-192x240.jpeg 192w, https:\/\/www.portalalerta.com.br\/wp-content\/uploads\/2026\/04\/abril-azul-Real-2026-768x960.jpeg 768w, https:\/\/www.portalalerta.com.br\/wp-content\/uploads\/2026\/04\/abril-azul-Real-2026.jpeg 1024w\" sizes=\"(max-width: 819px) 100vw, 819px\" \/><\/figure><\/div>\n\n\n<p>A decis\u00e3o, segundo a administra\u00e7\u00e3o municipal, integra um conjunto de medidas respons\u00e1veis para assegurar o equil\u00edbrio financeiro e a continuidade dos servi\u00e7os essenciais \u00e0 popula\u00e7\u00e3o.<\/p>\n\n\n\n<p>Reconhecida por promover a integra\u00e7\u00e3o entre as comunidades e valorizar o esporte amador, a Copa Rural deixa uma lacuna significativa no calend\u00e1rio esportivo desta temporada. No entanto, a expectativa \u00e9 que, com a recupera\u00e7\u00e3o das receitas, o evento retorne com vigor no pr\u00f3ximo ano.<\/p>\n\n\n\n<p>A Prefeitura reitera que continua monitorando a situa\u00e7\u00e3o econ\u00f4mica e trabalhando para minimizar os impactos gerados pela suspens\u00e3o do evento, mantendo o compromisso com a popula\u00e7\u00e3o e o desenvolvimento do munic\u00edpio.<\/p>\n\n\n\n<p>Apesar da frustra\u00e7\u00e3o causada pela situa\u00e7\u00e3o, a administra\u00e7\u00e3o municipal est\u00e1 focada em garantir a sa\u00fade financeira e a oferta de servi\u00e7os essenciais para todos os cidad\u00e3os.<\/p>\n\n\n\n<p><em>Fonte: Dia A Dia Nordeste<\/em><\/p>\n","protected":false},"excerpt":{"rendered":"<p>A tradicional Copa Rural, um dos eventos esportivos mais esperados pelas comunidades do interior de Ribeira do Pombal, n\u00e3o ser\u00e1 realizada neste ano. A suspens\u00e3o do torneio ocorre devido \u00e0 instabilidade no recebimento dos repasses do Fundo de Participa\u00e7\u00e3o dos Munic\u00edpios (FPM), que tem solicitado cautela na gest\u00e3o de recursos p\u00fablicos.<\/p>\n","protected":false},"author":2,"featured_media":79596,"comment_status":"open","ping_status":"open","sticky":false,"template":"","format":"standard","meta":{"om_disable_all_campaigns":false,"_monsterinsights_skip_tracking":false,"_monsterinsights_sitenote_active":false,"_monsterinsights_sitenote_note":"","_monsterinsights_sitenote_category":0,"footnotes":""},"categories":[70,2,69,32,3],"tags":[100,71,48,75,4178,98,4180,96,129,107,97,4181,132,230,106,203,120,51,109,88,47,111,190],"class_list":["post-79598","post","type-post","status-publish","format-standard","has-post-thumbnail","hentry","category-destaques","category-esportes","category-noticias2","category-regiao","category-ribeira-do-pombal","tag-adustina","tag-antas","tag-araci","tag-cicero-dantas","tag-cipo-2","tag-copa-rural","tag-crisopolis-2","tag-esporte","tag-euclides-da-cunha","tag-fatima","tag-futebol","tag-heliopolis-2","tag-itapicuru","tag-jeremoabo","tag-nova-soure","tag-novo-triunfo","tag-olindina","tag-paripiranga","tag-quijingue","tag-ribeira-do-amparo","tag-ribeira-do-pombal","tag-sitio-do-quinto","tag-tucano"],"aioseo_notices":[],"_links":{"self":[{"href":"https:\/\/www.portalalerta.com.br\/index.php\/wp-json\/wp\/v2\/posts\/79598","targetHints":{"allow":["GET"]}}],"collection":[{"href":"https:\/\/www.portalalerta.com.br\/index.php\/wp-json\/wp\/v2\/posts"}],"about":[{"href":"https:\/\/www.portalalerta.com.br\/index.php\/wp-json\/wp\/v2\/types\/post"}],"author":[{"embeddable":true,"href":"https:\/\/www.portalalerta.com.br\/index.php\/wp-json\/wp\/v2\/users\/2"}],"replies":[{"embeddable":true,"href":"https:\/\/www.portalalerta.com.br\/index.php\/wp-json\/wp\/v2\/comments?post=79598"}],"version-history":[{"count":1,"href":"https:\/\/www.portalalerta.com.br\/index.php\/wp-json\/wp\/v2\/posts\/79598\/revisions"}],"predecessor-version":[{"id":79599,"href":"https:\/\/www.portalalerta.com.br\/index.php\/wp-json\/wp\/v2\/posts\/79598\/revisions\/79599"}],"wp:featuredmedia":[{"embeddable":true,"href":"https:\/\/www.portalalerta.com.br\/index.php\/wp-json\/wp\/v2\/media\/79596"}],"wp:attachment":[{"href":"https:\/\/www.portalalerta.com.br\/index.php\/wp-json\/wp\/v2\/media?parent=79598"}],"wp:term":[{"taxonomy":"category","embeddable":true,"href":"https:\/\/www.portalalerta.com.br\/index.php\/wp-json\/wp\/v2\/categories?post=79598"},{"taxonomy":"post_tag","embeddable":true,"href":"https:\/\/www.portalalerta.com.br\/index.php\/wp-json\/wp\/v2\/tags?post=79598"}],"curies":[{"name":"wp","href":"https:\/\/api.w.org\/{rel}","templated":true}]}}