{"id":79601,"date":"2026-04-29T06:01:00","date_gmt":"2026-04-29T09:01:00","guid":{"rendered":"https:\/\/www.portalalerta.com.br\/?p=79601"},"modified":"2026-04-29T07:37:44","modified_gmt":"2026-04-29T10:37:44","slug":"tenente-coronel-acusado-de-matar-esposa-pm-sera-julgado-na-justica-comum","status":"publish","type":"post","link":"https:\/\/www.portalalerta.com.br\/index.php\/2026\/04\/29\/tenente-coronel-acusado-de-matar-esposa-pm-sera-julgado-na-justica-comum\/","title":{"rendered":"Tenente-coronel acusado de matar esposa PM ser\u00e1 julgado na Justi\u00e7a comum"},"content":{"rendered":"\n<p><strong>A decis\u00e3o foi tomada pelo STJ nesta ter\u00e7a-feira (28); caso \u00e9 apontado como feminic\u00eddio<\/strong><\/p>\n\n\n\n<!--more-->\n\n\n<div class=\"wp-block-image\">\n<figure class=\"alignleft size-large is-resized\"><img fetchpriority=\"high\" decoding=\"async\" width=\"819\" height=\"1024\" src=\"https:\/\/www.portalalerta.com.br\/wp-content\/uploads\/2026\/04\/abril-azul-Real-2026-819x1024.jpeg\" alt=\"\" class=\"wp-image-79285\" style=\"width:435px\" srcset=\"https:\/\/www.portalalerta.com.br\/wp-content\/uploads\/2026\/04\/abril-azul-Real-2026-819x1024.jpeg 819w, https:\/\/www.portalalerta.com.br\/wp-content\/uploads\/2026\/04\/abril-azul-Real-2026-192x240.jpeg 192w, https:\/\/www.portalalerta.com.br\/wp-content\/uploads\/2026\/04\/abril-azul-Real-2026-768x960.jpeg 768w, https:\/\/www.portalalerta.com.br\/wp-content\/uploads\/2026\/04\/abril-azul-Real-2026.jpeg 1024w\" sizes=\"(max-width: 819px) 100vw, 819px\" \/><\/figure><\/div>\n\n\n<p><strong>O Superior Tribunal de Justi\u00e7a (STJ) decidiu nesta ter\u00e7a-feira (28) que o&nbsp;<a href=\"https:\/\/www.band.com.br\/noticias\/tenente-coronel-reu-por-feminicidio-da-esposa-e-acusado-de-assedio-sexual-por-pm-202603231433\">tenente-coronel da PM Geraldo Leite Rosa Neto<\/a>&nbsp;deve ser julgado pela Justi\u00e7a comum, n\u00e3o pela Justi\u00e7a Militar. Ele \u00e9 acusado de feminic\u00eddio contra a esposa, a soldado Gisele Alves Santana, 32.<\/strong><\/p>\n\n\n\n<p><strong>A decis\u00e3o foi do ministro Reynaldo Soares da Fonseca, que entendeu que a 5\u00aa Vara do J\u00fari de S\u00e3o Paulo \u00e9 a competente para julgar o caso &#8211;ambas as Justi\u00e7as tinham declarado desejo de analisar o crime. A defesa de Rosa Neto defendia compet\u00eancia da Justi\u00e7a comum.<\/strong><\/p>\n\n\n\n<p><strong>Com a decis\u00e3o, o tenente-coronel vai ser julgado pelo Tribunal do J\u00fari. A data de seu julgamento, no entanto, ainda n\u00e3o foi determinada.<\/strong><\/p>\n\n\n\n<p><strong>Rosa Neto, que chegou a dizer que a mulher havia se matado, foi&nbsp;<a href=\"https:\/\/www.band.com.br\/bandnews-fm\/noticias\/tenente-coronel-geraldo-leite-rosa-neto-e-preso-no-interior-202603180841\">preso em 18 de mar\u00e7o<\/a>&nbsp;e indiciado por feminic\u00eddio e fraude processual. As investiga\u00e7\u00f5es mudaram de rumo depois de a fam\u00edlia de Gisele insistir que o tenente-coronel era um homem possessivo, impedindo a mulher de usar batom, salto alto e perfume.<\/strong><\/p>\n\n\n\n<p><strong>Ap\u00f3s novas an\u00e1lises periciais feitas no corpo da PM, que precisou ser exumado, a Pol\u00edcia Civil concluiu que Gisele Alves Santana n\u00e3o tirou a pr\u00f3pria vida. A conclus\u00e3o se baseou na trajet\u00f3ria da bala que atingiu a cabe\u00e7a dela e na profundidade dos ferimentos, al\u00e9m da posi\u00e7\u00e3o da arma ap\u00f3s a morte.<\/strong><\/p>\n\n\n\n<p><em>Fonte: Band<\/em><\/p>\n","protected":false},"excerpt":{"rendered":"<p>A decis\u00e3o foi tomada pelo STJ nesta ter\u00e7a-feira (28); caso \u00e9 apontado como feminic\u00eddio<\/p>\n","protected":false},"author":2,"featured_media":79597,"comment_status":"open","ping_status":"open","sticky":false,"template":"","format":"standard","meta":{"om_disable_all_campaigns":false,"_monsterinsights_skip_tracking":false,"_monsterinsights_sitenote_active":false,"_monsterinsights_sitenote_note":"","_monsterinsights_sitenote_category":0,"footnotes":""},"categories":[34,70,69,22],"tags":[100,71,48,75,45,4811,46,129,107,44,132,230,302,8859,106,203,120,51,79,77,109,88,47,111,190],"class_list":["post-79601","post","type-post","status-publish","format-standard","has-post-thumbnail","hentry","category-brasil","category-destaques","category-noticias2","category-seguranca","tag-adustina","tag-antas","tag-araci","tag-cicero-dantas","tag-cipo","tag-coronel","tag-crisopolis","tag-euclides-da-cunha","tag-fatima","tag-heliopolis","tag-itapicuru","tag-jeremoabo","tag-julgamento","tag-justica-comum","tag-nova-soure","tag-novo-triunfo","tag-olindina","tag-paripiranga","tag-policia-militar","tag-preso","tag-quijingue","tag-ribeira-do-amparo","tag-ribeira-do-pombal","tag-sitio-do-quinto","tag-tucano"],"aioseo_notices":[],"_links":{"self":[{"href":"https:\/\/www.portalalerta.com.br\/index.php\/wp-json\/wp\/v2\/posts\/79601","targetHints":{"allow":["GET"]}}],"collection":[{"href":"https:\/\/www.portalalerta.com.br\/index.php\/wp-json\/wp\/v2\/posts"}],"about":[{"href":"https:\/\/www.portalalerta.com.br\/index.php\/wp-json\/wp\/v2\/types\/post"}],"author":[{"embeddable":true,"href":"https:\/\/www.portalalerta.com.br\/index.php\/wp-json\/wp\/v2\/users\/2"}],"replies":[{"embeddable":true,"href":"https:\/\/www.portalalerta.com.br\/index.php\/wp-json\/wp\/v2\/comments?post=79601"}],"version-history":[{"count":2,"href":"https:\/\/www.portalalerta.com.br\/index.php\/wp-json\/wp\/v2\/posts\/79601\/revisions"}],"predecessor-version":[{"id":79603,"href":"https:\/\/www.portalalerta.com.br\/index.php\/wp-json\/wp\/v2\/posts\/79601\/revisions\/79603"}],"wp:featuredmedia":[{"embeddable":true,"href":"https:\/\/www.portalalerta.com.br\/index.php\/wp-json\/wp\/v2\/media\/79597"}],"wp:attachment":[{"href":"https:\/\/www.portalalerta.com.br\/index.php\/wp-json\/wp\/v2\/media?parent=79601"}],"wp:term":[{"taxonomy":"category","embeddable":true,"href":"https:\/\/www.portalalerta.com.br\/index.php\/wp-json\/wp\/v2\/categories?post=79601"},{"taxonomy":"post_tag","embeddable":true,"href":"https:\/\/www.portalalerta.com.br\/index.php\/wp-json\/wp\/v2\/tags?post=79601"}],"curies":[{"name":"wp","href":"https:\/\/api.w.org\/{rel}","templated":true}]}}