{"id":79606,"date":"2026-04-29T06:03:00","date_gmt":"2026-04-29T09:03:00","guid":{"rendered":"https:\/\/www.portalalerta.com.br\/?p=79606"},"modified":"2026-04-29T01:01:50","modified_gmt":"2026-04-29T04:01:50","slug":"qi-escandalos-em-presidios-baianos-alertam-para-fragilidade-do-sistema-prisional","status":"publish","type":"post","link":"https:\/\/www.portalalerta.com.br\/index.php\/2026\/04\/29\/qi-escandalos-em-presidios-baianos-alertam-para-fragilidade-do-sistema-prisional\/","title":{"rendered":"\u201cQI\u201d? Esc\u00e2ndalos em pres\u00eddios baianos alertam para fragilidade do Sistema Prisional"},"content":{"rendered":"\n<p>Nos \u00faltimos dias uma dela\u00e7\u00e3o premiada colocou o Sistema Prisional da Bahia no centro de um esc\u00e2ndalo que envolve pol\u00edticos e o crime organizado. A dela\u00e7\u00e3o aponta o cometimento de crimes, desde facilita\u00e7\u00e3o na fuga de presos (o que deu origem \u00e0s investiga\u00e7\u00f5es), at\u00e9 homic\u00eddios, que teriam sido cometidos diante dos olhos daqueles que deveriam proteger os interesses da popula\u00e7\u00e3o.<\/p>\n\n\n\n<!--more-->\n\n\n\n<p><a href=\"https:\/\/www.portalalerta.com.br\/index.php\/2024\/12\/13\/16-detentos-fogem-de-presidio-com-ajuda-de-grupo-armado-na-bahia\/\"><strong>O caso passou ganhou notoriedade em dezembro de 2024, quando 16 detentos, entre eles Ednaldo Pereira Souza (Dada), fugiram do pres\u00eddio de Eun\u00e1polis-BA.<\/strong><\/a> \u201cDada\u201d \u00e9 considerado chefe de uma fac\u00e7\u00e3o criminosa, e foi condenado a 68 anos de pris\u00e3o por homic\u00eddio e tr\u00e1fico de drogas.<\/p>\n\n\n\n<p>A fuga aconteceu meses ap\u00f3s Joneuma Silva Neres assumir a dire\u00e7\u00e3o do pres\u00eddio, que segundo a dela\u00e7\u00e3o da pr\u00f3pria Policial Penal, fruto da indica\u00e7\u00e3o do ex-deputado Federal Uldorico Junior, na \u00e9poca filiado ao MDB, partido que seria respons\u00e1vel pelas indicia\u00e7\u00f5es, e que tem como l\u00edder no estado o ex-ministro Geddel Vieira Lima.<\/p>\n\n\n<div class=\"wp-block-image\">\n<figure class=\"alignleft size-large is-resized\"><img fetchpriority=\"high\" decoding=\"async\" width=\"819\" height=\"1024\" src=\"https:\/\/www.portalalerta.com.br\/wp-content\/uploads\/2026\/04\/abril-azul-Real-2026-819x1024.jpeg\" alt=\"\" class=\"wp-image-79285\" style=\"width:435px\" srcset=\"https:\/\/www.portalalerta.com.br\/wp-content\/uploads\/2026\/04\/abril-azul-Real-2026-819x1024.jpeg 819w, https:\/\/www.portalalerta.com.br\/wp-content\/uploads\/2026\/04\/abril-azul-Real-2026-192x240.jpeg 192w, https:\/\/www.portalalerta.com.br\/wp-content\/uploads\/2026\/04\/abril-azul-Real-2026-768x960.jpeg 768w, https:\/\/www.portalalerta.com.br\/wp-content\/uploads\/2026\/04\/abril-azul-Real-2026.jpeg 1024w\" sizes=\"(max-width: 819px) 100vw, 819px\" \/><\/figure><\/div>\n\n\n<p>Com a influ\u00eancia pol\u00edtica, e o poder de indica\u00e7\u00e3o para dire\u00e7\u00e3o, Uldorico teria conseguido que as portas do pres\u00eddio fossem abertas, literalmente, tanto para entrar, quanto para os presos sa\u00edrem durante a fuga em quest\u00e3o. Foi assim que o deputado teria negociado a liberdade dos presos, por um valor de R$ 2 milh\u00f5es, que teriam sido recebidos por Uldorico e Geddel. O ex-deputado se encontra preso, enquanto o ex-ministro est\u00e1 sendo investigado, de acordo com o Minist\u00e9rio P\u00fablico.<\/p>\n\n\n\n<p>Ainda durante a dela\u00e7\u00e3o em quest\u00e3o, a ex-diretora teria relatado que havia um esquema de negocia\u00e7\u00e3o de votos envolvendo presos e pol\u00edticos. Outro caso que tamb\u00e9m est\u00e1 sendo investigado \u00e9 a participa\u00e7\u00e3o de Joneuma no sequestro e homic\u00eddio de um jovem que teria chamado a ent\u00e3o diretora de \u201cmiliciana\u201d.<\/p>\n\n\n\n<p>Diante do exposto, o esc\u00e2ndalo envolvendo a fuga de presos n\u00e3o revelou apenas um esquema de corrup\u00e7\u00e3o, mas tamb\u00e9m a fragilidade do Sistema ap\u00f3s o estado conceder \u00f3rg\u00e3os importantes da Seguran\u00e7a P\u00fablica \u00e0 Partidos Pol\u00edticos sem a devida an\u00e1lise t\u00e9cnica.<\/p>\n\n\n\n<p><strong>Diretores criminosos<\/strong><\/p>\n\n\n\n<p>Outro diretor de pres\u00eddio que teve o seu nome envolvido em autoria de crime, foi Tiago S\u00f3stenes de Matos, que ainda ent\u00e3o diretor do Pres\u00eddio de Paulo Afonso, assassinou a tiros a empres\u00e1ria Fl\u00e1via Barros Santos, na \u00e9poca com 38 anos, em 22 de abril do corrente ano, em Aracaju-SE. Ap\u00f3s o assassinato, Tiago teria tentado suic\u00eddio, por\u00e9m sem sucesso, e atualmente se encontra preso.<\/p>\n\n\n\n<p>Embora no caso de Jonelma j\u00e1 tenha ficado claro, com base em sua pr\u00f3pria dela\u00e7\u00e3o, de que a dire\u00e7\u00e3o do Pres\u00eddio se deu atrav\u00e9s da influ\u00eancia pol\u00edtica, n\u00e3o \u00e9 poss\u00edvel afirmar que o mesmo aconteceu com Tiago. Mas tem um caso que que j\u00e1 estava caindo no esquecimento com o passar do tempo, mas que assim como os anteriores tamb\u00e9m precisa ser esclarecido: \u00e9 o caso da nomea\u00e7\u00e3o&nbsp; do ex-detento <strong>S\u00e1tiro Sousa Cerqueira Junior<\/strong>, para dirigir o Pres\u00eddio de Salvador, que faz parte do Complexo Penitenci\u00e1rio da Mata Escura, onde S\u00e1tiro ficou preso ap\u00f3s tentativa de homic\u00eddio contra o pr\u00f3prio vizinho cinco anos antes de ser nomeado. Com a repercuss\u00e3o negativa na \u00e9poca, o governo da Bahia anulou a nomea\u00e7\u00e3o do ex-detento, e mais uma vez o Sistema Prisional se revelou fr\u00e1gil, deixando claro que n\u00e3o existe crit\u00e9rio t\u00e9cnico, por\u00e9m deixa uma d\u00favida em rela\u00e7\u00e3o aos diretores dos pres\u00eddios respons\u00e1veis pela cust\u00f3dia dos diversos criminosos presos no estado: Quem os indicou?<\/p>\n\n\n\n<p><em>Reda\u00e7\u00e3o: Portal Alerta<\/em><\/p>\n","protected":false},"excerpt":{"rendered":"<p>Nos \u00faltimos dias uma dela\u00e7\u00e3o premiada colocou o Sistema Prisional da Bahia no centro de um esc\u00e2ndalo que envolve pol\u00edticos e o crime organizado. A dela\u00e7\u00e3o aponta o cometimento de crimes, desde facilita\u00e7\u00e3o na fuga de presos (o que deu origem \u00e0s investiga\u00e7\u00f5es), at\u00e9 homic\u00eddios, que teriam sido cometidos diante dos olhos daqueles que deveriam &hellip;<\/p>\n","protected":false},"author":2,"featured_media":79607,"comment_status":"open","ping_status":"open","sticky":false,"template":"","format":"standard","meta":{"om_disable_all_campaigns":false,"_monsterinsights_skip_tracking":false,"_monsterinsights_sitenote_active":false,"_monsterinsights_sitenote_note":"","_monsterinsights_sitenote_category":0,"footnotes":""},"categories":[33,70,69,21,22],"tags":[100,71,48,54,75,4178,4180,129,107,137,4181,132,230,106,203,120,51,3479,110,109,88,47,3820,111,190],"class_list":["post-79606","post","type-post","status-publish","format-standard","has-post-thumbnail","hentry","category-bahia","category-destaques","category-noticias2","category-politica","category-seguranca","tag-adustina","tag-antas","tag-araci","tag-bahia","tag-cicero-dantas","tag-cipo-2","tag-crisopolis-2","tag-euclides-da-cunha","tag-fatima","tag-fuga","tag-heliopolis-2","tag-itapicuru","tag-jeremoabo","tag-nova-soure","tag-novo-triunfo","tag-olindina","tag-paripiranga","tag-presidios","tag-presos","tag-quijingue","tag-ribeira-do-amparo","tag-ribeira-do-pombal","tag-sistema-prisional","tag-sitio-do-quinto","tag-tucano"],"aioseo_notices":[],"_links":{"self":[{"href":"https:\/\/www.portalalerta.com.br\/index.php\/wp-json\/wp\/v2\/posts\/79606","targetHints":{"allow":["GET"]}}],"collection":[{"href":"https:\/\/www.portalalerta.com.br\/index.php\/wp-json\/wp\/v2\/posts"}],"about":[{"href":"https:\/\/www.portalalerta.com.br\/index.php\/wp-json\/wp\/v2\/types\/post"}],"author":[{"embeddable":true,"href":"https:\/\/www.portalalerta.com.br\/index.php\/wp-json\/wp\/v2\/users\/2"}],"replies":[{"embeddable":true,"href":"https:\/\/www.portalalerta.com.br\/index.php\/wp-json\/wp\/v2\/comments?post=79606"}],"version-history":[{"count":1,"href":"https:\/\/www.portalalerta.com.br\/index.php\/wp-json\/wp\/v2\/posts\/79606\/revisions"}],"predecessor-version":[{"id":79608,"href":"https:\/\/www.portalalerta.com.br\/index.php\/wp-json\/wp\/v2\/posts\/79606\/revisions\/79608"}],"wp:featuredmedia":[{"embeddable":true,"href":"https:\/\/www.portalalerta.com.br\/index.php\/wp-json\/wp\/v2\/media\/79607"}],"wp:attachment":[{"href":"https:\/\/www.portalalerta.com.br\/index.php\/wp-json\/wp\/v2\/media?parent=79606"}],"wp:term":[{"taxonomy":"category","embeddable":true,"href":"https:\/\/www.portalalerta.com.br\/index.php\/wp-json\/wp\/v2\/categories?post=79606"},{"taxonomy":"post_tag","embeddable":true,"href":"https:\/\/www.portalalerta.com.br\/index.php\/wp-json\/wp\/v2\/tags?post=79606"}],"curies":[{"name":"wp","href":"https:\/\/api.w.org\/{rel}","templated":true}]}}