{"id":79614,"date":"2026-04-29T14:36:39","date_gmt":"2026-04-29T17:36:39","guid":{"rendered":"https:\/\/www.portalalerta.com.br\/?p=79614"},"modified":"2026-04-29T14:36:40","modified_gmt":"2026-04-29T17:36:40","slug":"ribeira-do-pombal-vai-ganhar-centro-regional-de-reabilitacao-com-alcance-em-toda-a-regiao","status":"publish","type":"post","link":"https:\/\/www.portalalerta.com.br\/index.php\/2026\/04\/29\/ribeira-do-pombal-vai-ganhar-centro-regional-de-reabilitacao-com-alcance-em-toda-a-regiao\/","title":{"rendered":"Ribeira do Pombal vai ganhar Centro Regional de Reabilita\u00e7\u00e3o com alcance em toda a regi\u00e3o"},"content":{"rendered":"\n<p>Ribeira do Pombal vai ganhar um importante refor\u00e7o na \u00e1rea da sa\u00fade. O prefeito Eriksson Silva, anunciou a publica\u00e7\u00e3o da licita\u00e7\u00e3o para a constru\u00e7\u00e3o do Centro Regional de Reabilita\u00e7\u00e3o, um equipamento que vai ampliar o acesso a atendimentos especializados e beneficiar toda a regi\u00e3o.<\/p>\n\n\n\n<!--more-->\n\n\n\n<p>O an\u00fancio foi feito na Zona Sul, \u00e1rea que vem passando por uma grande transforma\u00e7\u00e3o nos \u00faltimos tempos. A escolha do local refor\u00e7a o planejamento da gest\u00e3o em descentralizar os servi\u00e7os e levar mais estrutura para regi\u00f5es que mais crescem na cidade.<\/p>\n\n\n<div class=\"wp-block-image\">\n<figure class=\"alignleft size-large is-resized\"><img fetchpriority=\"high\" decoding=\"async\" width=\"819\" height=\"1024\" src=\"https:\/\/www.portalalerta.com.br\/wp-content\/uploads\/2026\/04\/abril-azul-Real-2026-819x1024.jpeg\" alt=\"\" class=\"wp-image-79285\" style=\"width:389px;height:auto\" srcset=\"https:\/\/www.portalalerta.com.br\/wp-content\/uploads\/2026\/04\/abril-azul-Real-2026-819x1024.jpeg 819w, https:\/\/www.portalalerta.com.br\/wp-content\/uploads\/2026\/04\/abril-azul-Real-2026-192x240.jpeg 192w, https:\/\/www.portalalerta.com.br\/wp-content\/uploads\/2026\/04\/abril-azul-Real-2026-768x960.jpeg 768w, https:\/\/www.portalalerta.com.br\/wp-content\/uploads\/2026\/04\/abril-azul-Real-2026.jpeg 1024w\" sizes=\"(max-width: 819px) 100vw, 819px\" \/><\/figure><\/div>\n\n\n<p>O novo Centro ser\u00e1 refer\u00eancia em atendimentos de mobilidade, reabilita\u00e7\u00e3o intelectual e auditiva, al\u00e9m de oferecer diversas especialidades. A proposta \u00e9 garantir mais dignidade e qualidade de vida para pacientes que hoje precisam se deslocar para outros munic\u00edpios em busca de atendimento.<\/p>\n\n\n\n<p>Com estrutura moderna e equipe qualificada, o equipamento tamb\u00e9m deve atender moradores de cidades vizinhas, consolidando Ribeira do Pombal como polo regional de sa\u00fade.<\/p>\n\n\n\n<p>A iniciativa representa um avan\u00e7o importante na pol\u00edtica p\u00fablica de inclus\u00e3o e cuidado, fortalecendo a rede de sa\u00fade e ampliando o alcance dos servi\u00e7os oferecidos \u00e0 popula\u00e7\u00e3o.<\/p>\n\n\n\n<p>Com a licita\u00e7\u00e3o j\u00e1 publicada, a expectativa \u00e9 que as obras tenham in\u00edcio em breve, marcando mais um passo no desenvolvimento do munic\u00edpio.<\/p>\n\n\n\n<p><em>Fonte: SECOM\/ Ribeira do Pombal<\/em><\/p>\n","protected":false},"excerpt":{"rendered":"<p>Ribeira do Pombal vai ganhar um importante refor\u00e7o na \u00e1rea da sa\u00fade. O prefeito Eriksson Silva, anunciou a publica\u00e7\u00e3o da licita\u00e7\u00e3o para a constru\u00e7\u00e3o do Centro Regional de Reabilita\u00e7\u00e3o, um equipamento que vai ampliar o acesso a atendimentos especializados e beneficiar toda a regi\u00e3o.<\/p>\n","protected":false},"author":2,"featured_media":34160,"comment_status":"open","ping_status":"open","sticky":false,"template":"","format":"standard","meta":{"om_disable_all_campaigns":false,"_monsterinsights_skip_tracking":false,"_monsterinsights_sitenote_active":false,"_monsterinsights_sitenote_note":"","_monsterinsights_sitenote_category":0,"footnotes":""},"categories":[8473,69,21,32,3,19],"tags":[100,71,48,8860,75,4178,4180,3400,129,107,4181,132,230,106,203,120,51,198,109,88,47,61,111,190],"class_list":["post-79614","post","type-post","status-publish","format-standard","has-post-thumbnail","hentry","category-destaque","category-noticias2","category-politica","category-regiao","category-ribeira-do-pombal","category-saude","tag-adustina","tag-antas","tag-araci","tag-centro-regional-de-reabilitacao","tag-cicero-dantas","tag-cipo-2","tag-crisopolis-2","tag-eriksson-silva","tag-euclides-da-cunha","tag-fatima","tag-heliopolis-2","tag-itapicuru","tag-jeremoabo","tag-nova-soure","tag-novo-triunfo","tag-olindina","tag-paripiranga","tag-prefeito","tag-quijingue","tag-ribeira-do-amparo","tag-ribeira-do-pombal","tag-saude","tag-sitio-do-quinto","tag-tucano"],"aioseo_notices":[],"_links":{"self":[{"href":"https:\/\/www.portalalerta.com.br\/index.php\/wp-json\/wp\/v2\/posts\/79614","targetHints":{"allow":["GET"]}}],"collection":[{"href":"https:\/\/www.portalalerta.com.br\/index.php\/wp-json\/wp\/v2\/posts"}],"about":[{"href":"https:\/\/www.portalalerta.com.br\/index.php\/wp-json\/wp\/v2\/types\/post"}],"author":[{"embeddable":true,"href":"https:\/\/www.portalalerta.com.br\/index.php\/wp-json\/wp\/v2\/users\/2"}],"replies":[{"embeddable":true,"href":"https:\/\/www.portalalerta.com.br\/index.php\/wp-json\/wp\/v2\/comments?post=79614"}],"version-history":[{"count":1,"href":"https:\/\/www.portalalerta.com.br\/index.php\/wp-json\/wp\/v2\/posts\/79614\/revisions"}],"predecessor-version":[{"id":79615,"href":"https:\/\/www.portalalerta.com.br\/index.php\/wp-json\/wp\/v2\/posts\/79614\/revisions\/79615"}],"wp:featuredmedia":[{"embeddable":true,"href":"https:\/\/www.portalalerta.com.br\/index.php\/wp-json\/wp\/v2\/media\/34160"}],"wp:attachment":[{"href":"https:\/\/www.portalalerta.com.br\/index.php\/wp-json\/wp\/v2\/media?parent=79614"}],"wp:term":[{"taxonomy":"category","embeddable":true,"href":"https:\/\/www.portalalerta.com.br\/index.php\/wp-json\/wp\/v2\/categories?post=79614"},{"taxonomy":"post_tag","embeddable":true,"href":"https:\/\/www.portalalerta.com.br\/index.php\/wp-json\/wp\/v2\/tags?post=79614"}],"curies":[{"name":"wp","href":"https:\/\/api.w.org\/{rel}","templated":true}]}}