{"id":79616,"date":"2026-04-29T14:59:50","date_gmt":"2026-04-29T17:59:50","guid":{"rendered":"https:\/\/www.portalalerta.com.br\/?p=79616"},"modified":"2026-04-29T14:59:51","modified_gmt":"2026-04-29T17:59:51","slug":"pf-diz-que-hugo-motta-e-ciro-nogueira-usaram-aviao-de-investigado-em-cpi","status":"publish","type":"post","link":"https:\/\/www.portalalerta.com.br\/index.php\/2026\/04\/29\/pf-diz-que-hugo-motta-e-ciro-nogueira-usaram-aviao-de-investigado-em-cpi\/","title":{"rendered":"PF diz que Hugo Motta e Ciro Nogueira usaram avi\u00e3o de investigado em CPI"},"content":{"rendered":"\n<p>Inqu\u00e9rito foi encaminhado para o STF devido ao poss\u00edvel envolvimento de parlamentares<\/p>\n\n\n\n<!--more-->\n\n\n\n<p>Investiga\u00e7\u00f5es da Pol\u00edcia Federal apontam que quatro parlamentares voaram no avi\u00e3o de um empres\u00e1rio investigado pela CPI das Bets do Senado. O presidente da C\u00e2mara, Hugo Motta (Republicanos-PB), e o senador Ciro Nogueira (PP-PI) foram citados pela corpora\u00e7\u00e3o.<\/p>\n\n\n\n<p>A Pol\u00edcia Federal abriu o inqu\u00e9rito para apurar suspeitas de descaminho ou contrabando na aeronave particular do empres\u00e1rio Fernando Oliveira Lima, que \u00e9 s\u00f3cio de uma empresa de apostas online. Ap\u00f3s a constata\u00e7\u00e3o de poss\u00edvel envolvimento de parlamentares, no entanto, o inqu\u00e9rito foi remetido ao Supremo Tribunal Federal (STF).<\/p>\n\n\n\n<p>A informa\u00e7\u00e3o foi divulgada inicialmente pelo jornal Folha de S.Paulo. O Estad\u00e3o teve acesso ao relat\u00f3rio da PF produzido na investiga\u00e7\u00e3o e que cita tamb\u00e9m os deputados Doutor Luizinho (PP-RJ) e Isnaldo Bulh\u00f5es (MDB-AL) como passageiros da aeronave. Os parlamentares foram procurados pela reportagem, mas ainda n\u00e3o se manifestaram.<\/p>\n\n\n<div class=\"wp-block-image\">\n<figure class=\"alignleft size-large is-resized\"><img fetchpriority=\"high\" decoding=\"async\" width=\"819\" height=\"1024\" src=\"https:\/\/www.portalalerta.com.br\/wp-content\/uploads\/2026\/04\/abril-azul-Real-2026-819x1024.jpeg\" alt=\"\" class=\"wp-image-79285\" style=\"width:396px;height:auto\" srcset=\"https:\/\/www.portalalerta.com.br\/wp-content\/uploads\/2026\/04\/abril-azul-Real-2026-819x1024.jpeg 819w, https:\/\/www.portalalerta.com.br\/wp-content\/uploads\/2026\/04\/abril-azul-Real-2026-192x240.jpeg 192w, https:\/\/www.portalalerta.com.br\/wp-content\/uploads\/2026\/04\/abril-azul-Real-2026-768x960.jpeg 768w, https:\/\/www.portalalerta.com.br\/wp-content\/uploads\/2026\/04\/abril-azul-Real-2026.jpeg 1024w\" sizes=\"(max-width: 819px) 100vw, 819px\" \/><\/figure><\/div>\n\n\n<p>O empres\u00e1rio Fernando Oliveira Lima estava presente no voo com os parlamentares, que ocorreu em abril de 2025, per\u00edodo em que a CPI das Bets estava ativa no Senado, com a participa\u00e7\u00e3o de Ciro Nogueira. Lima foi procurado pela reportagem, mas n\u00e3o se manifestou.<\/p>\n\n\n\n<p>O voo saiu da ilha de Saint Martin, um para\u00edso fiscal do Caribe, e pousou na noite do dia 20 de abril do ano passado no aeroporto de Catarina, em S\u00e3o Roque (SP), usado para avia\u00e7\u00e3o executiva.<\/p>\n\n\n\n<p>As suspeitas da PF surgiram a partir de uma investiga\u00e7\u00e3o sobre a corrup\u00e7\u00e3o de um auditor fiscal, Marco Canella, indiciado em um outro inqu\u00e9rito por facilita\u00e7\u00e3o de contrabando ou descaminho. O auditor foi procurado, mas tamb\u00e9m n\u00e3o se posicionou.<\/p>\n\n\n\n<p>No caso do voo dos parlamentares, Canella permitiu que um funcion\u00e1rio do empres\u00e1rio desembarcasse no aeroporto e passasse com sete volumes de bagagem por fora do raio-X. O procedimento irregular foi gravado pelas c\u00e2meras de seguran\u00e7a.<\/p>\n\n\n\n<p>Ainda n\u00e3o foram identificados os donos das bagagens que passaram ilegalmente pelo raio-X. Como o voo era proveniente de um para\u00edso fiscal e o auditor j\u00e1 tinha sido indiciado por crimes de facilita\u00e7\u00e3o ao contrabando e descaminho, a PF suspeita que o conte\u00fado das bagagens possa ser ilegal.<\/p>\n\n\n\n<p>Em um relat\u00f3rio parcial, a PF escreveu que a continuidade das investiga\u00e7\u00f5es pode indicar o envolvimento de algum dos parlamentares nos crimes apurados e, por isso, seria necess\u00e1rio o envio do caso ao STF.<\/p>\n\n\n\n<p>Em suas redes sociais, o empres\u00e1rio registrou fotos da viagem, mas os parlamentares n\u00e3o aparecem. As fotos mostram o interior da aeronave com refei\u00e7\u00f5es e um mapa de bordo a destino de Saint Martin, o avi\u00e3o chegando a uma praia com mar azul claro e diversos momentos na praia.<\/p>\n\n\n\n<p>O inqu\u00e9rito chegou nesta semana ao STF e foi distribu\u00eddo ao ministro Alexandre de Moraes. Ele enviou o caso para an\u00e1lise da Procuradoria-Geral da Rep\u00fablica (PGR), que deve opinar se h\u00e1 ind\u00edcios de crimes para que os fatos sejam investigados perante o Supremo.<\/p>\n\n\n\n<p><em>Fonte: Band<\/em><\/p>\n","protected":false},"excerpt":{"rendered":"<p>Inqu\u00e9rito foi encaminhado para o STF devido ao poss\u00edvel envolvimento de parlamentares<\/p>\n","protected":false},"author":2,"featured_media":74558,"comment_status":"open","ping_status":"open","sticky":false,"template":"","format":"standard","meta":{"om_disable_all_campaigns":false,"_monsterinsights_skip_tracking":false,"_monsterinsights_sitenote_active":false,"_monsterinsights_sitenote_note":"","_monsterinsights_sitenote_category":0,"footnotes":""},"categories":[34,8473,69,21],"tags":[100,71,48,93,75,4178,982,4180,129,107,4181,7755,132,230,106,203,120,51,173,109,88,47,111,190],"class_list":["post-79616","post","type-post","status-publish","format-standard","has-post-thumbnail","hentry","category-brasil","category-destaque","category-noticias2","category-politica","tag-adustina","tag-antas","tag-araci","tag-brasil","tag-cicero-dantas","tag-cipo-2","tag-ciro-nogueira","tag-crisopolis-2","tag-euclides-da-cunha","tag-fatima","tag-heliopolis-2","tag-hugo-motta","tag-itapicuru","tag-jeremoabo","tag-nova-soure","tag-novo-triunfo","tag-olindina","tag-paripiranga","tag-policia-federal","tag-quijingue","tag-ribeira-do-amparo","tag-ribeira-do-pombal","tag-sitio-do-quinto","tag-tucano"],"aioseo_notices":[],"_links":{"self":[{"href":"https:\/\/www.portalalerta.com.br\/index.php\/wp-json\/wp\/v2\/posts\/79616","targetHints":{"allow":["GET"]}}],"collection":[{"href":"https:\/\/www.portalalerta.com.br\/index.php\/wp-json\/wp\/v2\/posts"}],"about":[{"href":"https:\/\/www.portalalerta.com.br\/index.php\/wp-json\/wp\/v2\/types\/post"}],"author":[{"embeddable":true,"href":"https:\/\/www.portalalerta.com.br\/index.php\/wp-json\/wp\/v2\/users\/2"}],"replies":[{"embeddable":true,"href":"https:\/\/www.portalalerta.com.br\/index.php\/wp-json\/wp\/v2\/comments?post=79616"}],"version-history":[{"count":1,"href":"https:\/\/www.portalalerta.com.br\/index.php\/wp-json\/wp\/v2\/posts\/79616\/revisions"}],"predecessor-version":[{"id":79617,"href":"https:\/\/www.portalalerta.com.br\/index.php\/wp-json\/wp\/v2\/posts\/79616\/revisions\/79617"}],"wp:featuredmedia":[{"embeddable":true,"href":"https:\/\/www.portalalerta.com.br\/index.php\/wp-json\/wp\/v2\/media\/74558"}],"wp:attachment":[{"href":"https:\/\/www.portalalerta.com.br\/index.php\/wp-json\/wp\/v2\/media?parent=79616"}],"wp:term":[{"taxonomy":"category","embeddable":true,"href":"https:\/\/www.portalalerta.com.br\/index.php\/wp-json\/wp\/v2\/categories?post=79616"},{"taxonomy":"post_tag","embeddable":true,"href":"https:\/\/www.portalalerta.com.br\/index.php\/wp-json\/wp\/v2\/tags?post=79616"}],"curies":[{"name":"wp","href":"https:\/\/api.w.org\/{rel}","templated":true}]}}