{"id":79618,"date":"2026-04-29T15:02:03","date_gmt":"2026-04-29T18:02:03","guid":{"rendered":"https:\/\/www.portalalerta.com.br\/?p=79618"},"modified":"2026-04-29T15:02:05","modified_gmt":"2026-04-29T18:02:05","slug":"onda-de-demissoes-suspende-servicos-importantes-no-municipio-de-cipo-ba","status":"publish","type":"post","link":"https:\/\/www.portalalerta.com.br\/index.php\/2026\/04\/29\/onda-de-demissoes-suspende-servicos-importantes-no-municipio-de-cipo-ba\/","title":{"rendered":"Onda de demiss\u00f5es suspende servi\u00e7os importantes no munic\u00edpio de Cip\u00f3-BA"},"content":{"rendered":"\n<p>Desde a \u00faltima sexta-feira (24), a prefeitura municipal de Cip\u00f3-BA deu in\u00edcio a uma onda de demiss\u00f5es de servidores contratados. De acordo com informa\u00e7\u00e3o n\u00e3o oficiais, o n\u00famero j\u00e1 ultrapassa a marca de 250 servidores demitidos.<\/p>\n\n\n\n<!--more-->\n\n\n\n<p>J\u00e1 na sexta-feira, os Seguran\u00e7as Particulares contratados, que estariam exercendo a atividade exclusiva da Guarda Civil Municipal, tomaram conhecimento do desligamento da folha salarial. Na ocasi\u00e3o, cerca de 20 seguran\u00e7as se dirigiram \u00e0 frente da C\u00e2mara Municipal, protestar contra a decis\u00e3o. De acordo com o grupo, o principal culpado pelo ato teria sido o vereador Denis Fonseca, \u00fanico opositor ao prefeito Jos\u00e9 Marques Reis (Marquinhos do Itapicuru). <a href=\"https:\/\/www.portalalerta.com.br\/index.php\/2026\/04\/22\/justica-estabelece-prazo-de-48-horas-para-o-municipio-de-cipo-ba-reestabelecer-as-atividades-da-guarda-civil-municipal\/\"><strong>D\u00eanis foi o autor da a\u00e7\u00e3o que culminou no retorno dos Guardas Civis Municipais Concursados, aos seus respectivos postos de trabalho. Vale ressaltar que em sua decis\u00e3o, a ju\u00edza Ana Laura Bezerra Santos, determinou apenas o retorno dos Guardas \u00e0s atividades exclusivas do cargo, por\u00e9m em nenhum momento determinou a demiss\u00e3o dos seguran\u00e7as, o que n\u00e3o impedia que os profissionais fossem relocados para os Postos que estavam sendo utilizados pelos Guardas at\u00e9 ent\u00e3o.<\/strong><\/a><\/p>\n\n\n<div class=\"wp-block-image\">\n<figure class=\"alignleft size-large is-resized\"><img fetchpriority=\"high\" decoding=\"async\" width=\"819\" height=\"1024\" src=\"https:\/\/www.portalalerta.com.br\/wp-content\/uploads\/2026\/04\/abril-azul-Real-2026-819x1024.jpeg\" alt=\"\" class=\"wp-image-79285\" style=\"width:379px;height:auto\" srcset=\"https:\/\/www.portalalerta.com.br\/wp-content\/uploads\/2026\/04\/abril-azul-Real-2026-819x1024.jpeg 819w, https:\/\/www.portalalerta.com.br\/wp-content\/uploads\/2026\/04\/abril-azul-Real-2026-192x240.jpeg 192w, https:\/\/www.portalalerta.com.br\/wp-content\/uploads\/2026\/04\/abril-azul-Real-2026-768x960.jpeg 768w, https:\/\/www.portalalerta.com.br\/wp-content\/uploads\/2026\/04\/abril-azul-Real-2026.jpeg 1024w\" sizes=\"(max-width: 819px) 100vw, 819px\" \/><\/figure><\/div>\n\n\n<p>J\u00e1 na \u00faltima segunda-feira (27), o site PORTAL ALERTA foi informado a respeito de outras demiss\u00f5es, que estariam ligadas a profissionais de setores essenciais como educa\u00e7\u00e3o e sa\u00fade. Na educa\u00e7\u00e3o, h\u00e1 relatos da falta de monitores em \u00f4nibus escolares, bem como de auxiliares respons\u00e1veis por crian\u00e7as especiais, o que tem prejudicado na socializa\u00e7\u00e3o e aprendizado das crian\u00e7as durante este per\u00edodo.<\/p>\n\n\n\n<p>O PORTAL ALERTA manteve contato com a prefeitura, que se pronunciou atrav\u00e9s de uma nota, em que chamou as demiss\u00f5es de <strong><em>\u201cintercorr\u00eancias\u201d<\/em><\/strong> ao tempo em que afirmou que ser\u00e3o sanadas a partir desta quinta-feira (30). De acordo com a prefeitura, <strong><em>\u201ctodas as medidas seguem recomenda\u00e7\u00f5es do Minist\u00e9rio P\u00fablico, e Minist\u00e9rio P\u00fablico do Trabalho\u201d.<\/em><\/strong> Confira:<\/p>\n\n\n\n<p><strong><em>\u201cO Munic\u00edpio de Cip\u00f3 vem, por meio desta, prestar esclarecimentos \u00e0 popula\u00e7\u00e3o acerca de eventuais intercorr\u00eancias verificadas ao longo desta semana, especialmente aquelas relacionadas \u00e0 aus\u00eancia tempor\u00e1ria de profissionais em determinados setores da administra\u00e7\u00e3o p\u00fablica, bem como de situa\u00e7\u00f5es que, porventura, ainda possam surgir nos pr\u00f3ximos dias.<\/em><\/strong><\/p>\n\n\n\n<p><strong><em>Informa-se que tais ocorr\u00eancias ser\u00e3o devidamente sanadas a partir da pr\u00f3xima quinta-feira, dia 30, em raz\u00e3o da conclus\u00e3o de mais uma etapa do processo seletivo em andamento. Este processo constitui a forma adotada pelo Munic\u00edpio para a realiza\u00e7\u00e3o de contrata\u00e7\u00f5es no presente exerc\u00edcio, assegurando transpar\u00eancia e isonomia.<\/em><\/strong><\/p>\n\n\n\n<p><strong><em>Ressalta-se que todas as medidas adotadas seguem as recomenda\u00e7\u00f5es dos \u00f3rg\u00e3os de controle, em especial do Minist\u00e9rio P\u00fablico e do Minist\u00e9rio P\u00fablico do Trabalho, garantindo que os procedimentos administrativos observem rigorosamente os princ\u00edpios que regem a administra\u00e7\u00e3o p\u00fablica.<\/em><\/strong><\/p>\n\n\n\n<p><strong><em>O Munic\u00edpio reafirma seu compromisso com a organiza\u00e7\u00e3o dos servi\u00e7os, a responsabilidade na gest\u00e3o e o respeito \u00e0 legisla\u00e7\u00e3o vigente, trabalhando continuamente para assegurar a normalidade e a efici\u00eancia no atendimento \u00e0 popula\u00e7\u00e3o.<\/em><\/strong><\/p>\n\n\n\n<p><strong><em>-SECOM CIP\u00d3\u201d<\/em><\/strong><\/p>\n\n\n\n<p>O PORTAL ALERTA manteve contato com o Minist\u00e9rio P\u00fablico de Cip\u00f3, por\u00e9m at\u00e9 o fechamento da mat\u00e9ria n\u00e3o obteve retorno. O espa\u00e7o segue \u00e0 disposi\u00e7\u00e3o.<\/p>\n\n\n\n<p><em>Reda\u00e7\u00e3o: Portal Alerta<\/em><\/p>\n","protected":false},"excerpt":{"rendered":"<p>Desde a \u00faltima sexta-feira (24), a prefeitura municipal de Cip\u00f3-BA deu in\u00edcio a uma onda de demiss\u00f5es de servidores contratados. De acordo com informa\u00e7\u00e3o n\u00e3o oficiais, o n\u00famero j\u00e1 ultrapassa a marca de 250 servidores demitidos.<\/p>\n","protected":false},"author":2,"featured_media":78810,"comment_status":"open","ping_status":"open","sticky":false,"template":"","format":"standard","meta":{"om_disable_all_campaigns":false,"_monsterinsights_skip_tracking":false,"_monsterinsights_sitenote_active":false,"_monsterinsights_sitenote_note":"","_monsterinsights_sitenote_category":0,"footnotes":""},"categories":[13,8473,20,69,21,32],"tags":[100,71,48,75,4178,4180,6910,140,129,107,4181,132,230,352,106,203,120,51,145,109,88,47,111,190],"class_list":["post-79618","post","type-post","status-publish","format-standard","has-post-thumbnail","hentry","category-cipo","category-destaque","category-educacao","category-noticias2","category-politica","category-regiao","tag-adustina","tag-antas","tag-araci","tag-cicero-dantas","tag-cipo-2","tag-crisopolis-2","tag-demissoes","tag-educacao","tag-euclides-da-cunha","tag-fatima","tag-heliopolis-2","tag-itapicuru","tag-jeremoabo","tag-ministerio-publico","tag-nova-soure","tag-novo-triunfo","tag-olindina","tag-paripiranga","tag-prefeitura","tag-quijingue","tag-ribeira-do-amparo","tag-ribeira-do-pombal","tag-sitio-do-quinto","tag-tucano"],"aioseo_notices":[],"_links":{"self":[{"href":"https:\/\/www.portalalerta.com.br\/index.php\/wp-json\/wp\/v2\/posts\/79618","targetHints":{"allow":["GET"]}}],"collection":[{"href":"https:\/\/www.portalalerta.com.br\/index.php\/wp-json\/wp\/v2\/posts"}],"about":[{"href":"https:\/\/www.portalalerta.com.br\/index.php\/wp-json\/wp\/v2\/types\/post"}],"author":[{"embeddable":true,"href":"https:\/\/www.portalalerta.com.br\/index.php\/wp-json\/wp\/v2\/users\/2"}],"replies":[{"embeddable":true,"href":"https:\/\/www.portalalerta.com.br\/index.php\/wp-json\/wp\/v2\/comments?post=79618"}],"version-history":[{"count":1,"href":"https:\/\/www.portalalerta.com.br\/index.php\/wp-json\/wp\/v2\/posts\/79618\/revisions"}],"predecessor-version":[{"id":79619,"href":"https:\/\/www.portalalerta.com.br\/index.php\/wp-json\/wp\/v2\/posts\/79618\/revisions\/79619"}],"wp:featuredmedia":[{"embeddable":true,"href":"https:\/\/www.portalalerta.com.br\/index.php\/wp-json\/wp\/v2\/media\/78810"}],"wp:attachment":[{"href":"https:\/\/www.portalalerta.com.br\/index.php\/wp-json\/wp\/v2\/media?parent=79618"}],"wp:term":[{"taxonomy":"category","embeddable":true,"href":"https:\/\/www.portalalerta.com.br\/index.php\/wp-json\/wp\/v2\/categories?post=79618"},{"taxonomy":"post_tag","embeddable":true,"href":"https:\/\/www.portalalerta.com.br\/index.php\/wp-json\/wp\/v2\/tags?post=79618"}],"curies":[{"name":"wp","href":"https:\/\/api.w.org\/{rel}","templated":true}]}}