{"id":79623,"date":"2026-05-01T16:59:26","date_gmt":"2026-05-01T19:59:26","guid":{"rendered":"https:\/\/www.portalalerta.com.br\/?p=79623"},"modified":"2026-05-01T16:59:27","modified_gmt":"2026-05-01T19:59:27","slug":"corte-no-fpm-atinge-ribeira-do-pombal-e-impacta-financas-do-municipio","status":"publish","type":"post","link":"https:\/\/www.portalalerta.com.br\/index.php\/2026\/05\/01\/corte-no-fpm-atinge-ribeira-do-pombal-e-impacta-financas-do-municipio\/","title":{"rendered":"Corte no FPM atinge Ribeira do Pombal e impacta finan\u00e7as do munic\u00edpio"},"content":{"rendered":"\n<p>Como j\u00e1 era previsto pela gest\u00e3o municipal, o corte no repasse do Fundo de Participa\u00e7\u00e3o dos Munic\u00edpios (FPM) se confirmou e atingiu diretamente Ribeira do Pombal neste dia 30 de abril.<\/p>\n\n\n\n<!--more-->\n\n\n<div class=\"wp-block-image\">\n<figure class=\"alignleft size-large is-resized\"><img fetchpriority=\"high\" decoding=\"async\" width=\"819\" height=\"1024\" src=\"https:\/\/www.portalalerta.com.br\/wp-content\/uploads\/2026\/04\/abril-azul-Real-2026-819x1024.jpeg\" alt=\"\" class=\"wp-image-79285\" style=\"width:435px\" srcset=\"https:\/\/www.portalalerta.com.br\/wp-content\/uploads\/2026\/04\/abril-azul-Real-2026-819x1024.jpeg 819w, https:\/\/www.portalalerta.com.br\/wp-content\/uploads\/2026\/04\/abril-azul-Real-2026-192x240.jpeg 192w, https:\/\/www.portalalerta.com.br\/wp-content\/uploads\/2026\/04\/abril-azul-Real-2026-768x960.jpeg 768w, https:\/\/www.portalalerta.com.br\/wp-content\/uploads\/2026\/04\/abril-azul-Real-2026.jpeg 1024w\" sizes=\"(max-width: 819px) 100vw, 819px\" \/><\/figure><\/div>\n\n\n<p>O munic\u00edpio teve creditado o valor de R$ 678 mil, referente ao terceiro dec\u00eandio do m\u00eas. No entanto, a Receita Federal do Brasil realizou reten\u00e7\u00f5es que somaram R$ 812 mil, superando o valor do pr\u00f3prio repasse.<\/p>\n\n\n\n<p>Na pr\u00e1tica, o recurso j\u00e1 chegou comprometido, refor\u00e7ando um cen\u00e1rio de forte press\u00e3o nas contas p\u00fablicas.<\/p>\n\n\n\n<p>&nbsp;Medidas j\u00e1 vinham sendo adotadas<\/p>\n\n\n\n<p>Diante dessa previs\u00e3o de queda no repasse, a gest\u00e3o municipal j\u00e1 havia come\u00e7ado a agir de forma preventiva.<\/p>\n\n\n\n<p>O prefeito chegou a suspender a realiza\u00e7\u00e3o de eventos festivos, como forma de conter despesas e preservar o equil\u00edbrio financeiro do munic\u00edpio.<\/p>\n\n\n\n<p>A decis\u00e3o, embora sens\u00edvel do ponto de vista popular, segue uma l\u00f3gica clara: priorizar servi\u00e7os essenciais diante de um cen\u00e1rio de incerteza e redu\u00e7\u00e3o de receitas.<\/p>\n\n\n\n<p>&nbsp;Outros munic\u00edpios da regi\u00e3o<\/p>\n\n\n\n<p>O repasse do FPM tamb\u00e9m contemplou cidades vizinhas, com diferentes n\u00edveis de impacto:<\/p>\n\n\n\n<p>Ribeira do Amparo: R$ 836 mil<\/p>\n\n\n\n<p>Banza\u00ea: R$ 777 mil<\/p>\n\n\n\n<p>C\u00edcero Dantas: R$ 542 mil<\/p>\n\n\n\n<p>(Desconto: R$ 491 mil)<\/p>\n\n\n\n<p>Cip\u00f3: R$ 813 mil<\/p>\n\n\n\n<p>Heli\u00f3polis: R$ 629 mil<\/p>\n\n\n\n<p>Nova Soure: R$ 1 milh\u00e3o 491 mil<\/p>\n\n\n\n<p>Tucano: R$ 1 milh\u00e3o 491 mil<\/p>\n\n\n\n<p>Euclides da Cunha: R$ 2 milh\u00f5es e 8 mil<\/p>\n\n\n\n<p>Cen\u00e1rio exige cautela e gest\u00e3o estrat\u00e9gica<\/p>\n\n\n\n<p>O epis\u00f3dio refor\u00e7a uma realidade conhecida, mas sempre desconfort\u00e1vel: a forte depend\u00eancia dos munic\u00edpios em rela\u00e7\u00e3o ao FPM.<\/p>\n\n\n\n<p>Quando h\u00e1 reten\u00e7\u00f5es significativas, como neste caso, o impacto \u00e9 imediato e obriga a administra\u00e7\u00e3o a rever prioridades, cortar gastos e adotar medidas de conten\u00e7\u00e3o.<\/p>\n\n\n\n<p>Em Ribeira do Pombal, o desafio agora \u00e9 manter o funcionamento da m\u00e1quina p\u00fablica com menos recursos, exigindo planejamento, disciplina e decis\u00f5es firmes.<\/p>\n\n\n\n<p><em>Fonte: Dia a Dia Nordeste<\/em><\/p>\n","protected":false},"excerpt":{"rendered":"<p>Como j\u00e1 era previsto pela gest\u00e3o municipal, o corte no repasse do Fundo de Participa\u00e7\u00e3o dos Munic\u00edpios (FPM) se confirmou e atingiu diretamente Ribeira do Pombal neste dia 30 de abril.<\/p>\n","protected":false},"author":2,"featured_media":79621,"comment_status":"open","ping_status":"open","sticky":false,"template":"","format":"standard","meta":{"om_disable_all_campaigns":false,"_monsterinsights_skip_tracking":false,"_monsterinsights_sitenote_active":false,"_monsterinsights_sitenote_note":"","_monsterinsights_sitenote_category":0,"footnotes":""},"categories":[70,69,21,32,3],"tags":[100,71,48,75,4178,4180,129,107,1943,4181,132,230,106,203,120,51,145,109,88,47,111,190],"class_list":["post-79623","post","type-post","status-publish","format-standard","has-post-thumbnail","hentry","category-destaques","category-noticias2","category-politica","category-regiao","category-ribeira-do-pombal","tag-adustina","tag-antas","tag-araci","tag-cicero-dantas","tag-cipo-2","tag-crisopolis-2","tag-euclides-da-cunha","tag-fatima","tag-fpm","tag-heliopolis-2","tag-itapicuru","tag-jeremoabo","tag-nova-soure","tag-novo-triunfo","tag-olindina","tag-paripiranga","tag-prefeitura","tag-quijingue","tag-ribeira-do-amparo","tag-ribeira-do-pombal","tag-sitio-do-quinto","tag-tucano"],"aioseo_notices":[],"_links":{"self":[{"href":"https:\/\/www.portalalerta.com.br\/index.php\/wp-json\/wp\/v2\/posts\/79623","targetHints":{"allow":["GET"]}}],"collection":[{"href":"https:\/\/www.portalalerta.com.br\/index.php\/wp-json\/wp\/v2\/posts"}],"about":[{"href":"https:\/\/www.portalalerta.com.br\/index.php\/wp-json\/wp\/v2\/types\/post"}],"author":[{"embeddable":true,"href":"https:\/\/www.portalalerta.com.br\/index.php\/wp-json\/wp\/v2\/users\/2"}],"replies":[{"embeddable":true,"href":"https:\/\/www.portalalerta.com.br\/index.php\/wp-json\/wp\/v2\/comments?post=79623"}],"version-history":[{"count":1,"href":"https:\/\/www.portalalerta.com.br\/index.php\/wp-json\/wp\/v2\/posts\/79623\/revisions"}],"predecessor-version":[{"id":79625,"href":"https:\/\/www.portalalerta.com.br\/index.php\/wp-json\/wp\/v2\/posts\/79623\/revisions\/79625"}],"wp:featuredmedia":[{"embeddable":true,"href":"https:\/\/www.portalalerta.com.br\/index.php\/wp-json\/wp\/v2\/media\/79621"}],"wp:attachment":[{"href":"https:\/\/www.portalalerta.com.br\/index.php\/wp-json\/wp\/v2\/media?parent=79623"}],"wp:term":[{"taxonomy":"category","embeddable":true,"href":"https:\/\/www.portalalerta.com.br\/index.php\/wp-json\/wp\/v2\/categories?post=79623"},{"taxonomy":"post_tag","embeddable":true,"href":"https:\/\/www.portalalerta.com.br\/index.php\/wp-json\/wp\/v2\/tags?post=79623"}],"curies":[{"name":"wp","href":"https:\/\/api.w.org\/{rel}","templated":true}]}}