{"id":79628,"date":"2026-05-01T17:10:00","date_gmt":"2026-05-01T20:10:00","guid":{"rendered":"https:\/\/www.portalalerta.com.br\/?p=79628"},"modified":"2026-05-01T17:12:13","modified_gmt":"2026-05-01T20:12:13","slug":"tre-rejeita-recurso-que-pedia-a-cassacao-da-prefeita-e-vice-de-ribeira-do-amparo-ba","status":"publish","type":"post","link":"https:\/\/www.portalalerta.com.br\/index.php\/2026\/05\/01\/tre-rejeita-recurso-que-pedia-a-cassacao-da-prefeita-e-vice-de-ribeira-do-amparo-ba\/","title":{"rendered":"TRE rejeita recurso que pedia a cassa\u00e7\u00e3o da prefeita e vice de Ribeira do Amparo-BA"},"content":{"rendered":"\n<p>Na \u00faltima quarta-feira (29), a prefeita de Ribeira do Amparo-BA, Tetiana de Paula Fontes Cedro Britto, bem como o vice-prefeito, Luiz Vilson dos Santos, tiveram mais uma vit\u00f3ria em uma a\u00e7\u00e3o em que foram acusados de uma poss\u00edvel compra de votos nas elei\u00e7\u00f5es 2024.<\/p>\n\n\n\n<!--more-->\n\n\n<div class=\"wp-block-image\">\n<figure class=\"alignleft size-large is-resized\"><img fetchpriority=\"high\" decoding=\"async\" width=\"819\" height=\"1024\" src=\"https:\/\/www.portalalerta.com.br\/wp-content\/uploads\/2026\/04\/abril-azul-Real-2026-819x1024.jpeg\" alt=\"\" class=\"wp-image-79285\" style=\"width:435px\" srcset=\"https:\/\/www.portalalerta.com.br\/wp-content\/uploads\/2026\/04\/abril-azul-Real-2026-819x1024.jpeg 819w, https:\/\/www.portalalerta.com.br\/wp-content\/uploads\/2026\/04\/abril-azul-Real-2026-192x240.jpeg 192w, https:\/\/www.portalalerta.com.br\/wp-content\/uploads\/2026\/04\/abril-azul-Real-2026-768x960.jpeg 768w, https:\/\/www.portalalerta.com.br\/wp-content\/uploads\/2026\/04\/abril-azul-Real-2026.jpeg 1024w\" sizes=\"(max-width: 819px) 100vw, 819px\" \/><\/figure><\/div>\n\n\n<p>A a\u00e7\u00e3o foi movida pela Federa\u00e7\u00e3o Brasil da Esperan\u00e7a, que saiu derrotada no pleito em quest\u00e3o, quando era representada por Lourival Higino, o Lourinho, por\u00e9m foi negada inicialmente pela justi\u00e7a eleitoral em primeira inst\u00e2ncia, onde a ju\u00edza Yasmin Souza da Silva, representante da 79\u00aa Zona Eleitoral, alegou a ilegalidade das provas apresentadas, inocentando assim os gestores municipais. <a href=\"https:\/\/www.portalalerta.com.br\/index.php\/2026\/01\/29\/justica-eleitoral-nega-cassacao-da-prefeita-de-ribeira-do-amparo-ba-teti-britto\/\"><strong>Relembre<\/strong><\/a><\/p>\n\n\n\n<p>N\u00e3o se dando por satisfeita, a Federa\u00e7\u00e3o Brasil da Esperan\u00e7a recorreu junto ao Tribunal Regional Eleitoral (TRE-BA), que por sua vez teve o mesmo entendimento. Segundo o Desembargador Eleitoral Danilo Costa Luiz, <strong><em>\u201cDiante da exclus\u00e3o da prova il\u00edcita e da inconsist\u00eancia das demais provas, o conjunto probat\u00f3rio \u00e9 manifestamente fr\u00e1gil e incapaz de demonstrar a gravidade qualitativa e quantitativa exigida pelo Art. 22, inciso XVI, da Lei Complementar n\u00ba 64\/90, que estabelece que, para a configura\u00e7\u00e3o do ato abusivo, ser\u00e1 considerada a gravidade das circunst\u00e2ncias que o caracterizam. A total aus\u00eancia de dolo espec\u00edfico para a compra de votos, aliada \u00e0 falta de elementos objetivos que corroborem as alega\u00e7\u00f5es, impede a imposi\u00e7\u00e3o das graves san\u00e7\u00f5es almejadas pela Recorrente\u201d<\/em><\/strong>, negando assim o recurso, ao tempo em que manteve a decis\u00e3o da 79\u00aa Zona Eleitoral.<\/p>\n\n\n\n<p><em>Reda\u00e7\u00e3o: Portal Alerta<\/em><\/p>\n","protected":false},"excerpt":{"rendered":"<p>Na \u00faltima quarta-feira (29), a prefeita de Ribeira do Amparo-BA, Tetiana de Paula Fontes Cedro Britto, bem como o vice-prefeito, Luiz Vilson dos Santos, tiveram mais uma vit\u00f3ria em uma a\u00e7\u00e3o em que foram acusados de uma poss\u00edvel compra de votos nas elei\u00e7\u00f5es 2024.<\/p>\n","protected":false},"author":2,"featured_media":79624,"comment_status":"open","ping_status":"open","sticky":false,"template":"","format":"standard","meta":{"om_disable_all_campaigns":false,"_monsterinsights_skip_tracking":false,"_monsterinsights_sitenote_active":false,"_monsterinsights_sitenote_note":"","_monsterinsights_sitenote_category":0,"footnotes":""},"categories":[70,69,21,32,16],"tags":[100,71,48,75,4178,4180,5695,129,107,4181,132,230,3921,106,203,120,51,109,88,47,111,913,8406,190],"class_list":["post-79628","post","type-post","status-publish","format-standard","has-post-thumbnail","hentry","category-destaques","category-noticias2","category-politica","category-regiao","category-ribeira-do-amparo","tag-adustina","tag-antas","tag-araci","tag-cicero-dantas","tag-cipo-2","tag-crisopolis-2","tag-eleicoes-2024","tag-euclides-da-cunha","tag-fatima","tag-heliopolis-2","tag-itapicuru","tag-jeremoabo","tag-luiz-vilson","tag-nova-soure","tag-novo-triunfo","tag-olindina","tag-paripiranga","tag-quijingue","tag-ribeira-do-amparo","tag-ribeira-do-pombal","tag-sitio-do-quinto","tag-teti-britto","tag-tre-ba","tag-tucano"],"aioseo_notices":[],"_links":{"self":[{"href":"https:\/\/www.portalalerta.com.br\/index.php\/wp-json\/wp\/v2\/posts\/79628","targetHints":{"allow":["GET"]}}],"collection":[{"href":"https:\/\/www.portalalerta.com.br\/index.php\/wp-json\/wp\/v2\/posts"}],"about":[{"href":"https:\/\/www.portalalerta.com.br\/index.php\/wp-json\/wp\/v2\/types\/post"}],"author":[{"embeddable":true,"href":"https:\/\/www.portalalerta.com.br\/index.php\/wp-json\/wp\/v2\/users\/2"}],"replies":[{"embeddable":true,"href":"https:\/\/www.portalalerta.com.br\/index.php\/wp-json\/wp\/v2\/comments?post=79628"}],"version-history":[{"count":1,"href":"https:\/\/www.portalalerta.com.br\/index.php\/wp-json\/wp\/v2\/posts\/79628\/revisions"}],"predecessor-version":[{"id":79629,"href":"https:\/\/www.portalalerta.com.br\/index.php\/wp-json\/wp\/v2\/posts\/79628\/revisions\/79629"}],"wp:featuredmedia":[{"embeddable":true,"href":"https:\/\/www.portalalerta.com.br\/index.php\/wp-json\/wp\/v2\/media\/79624"}],"wp:attachment":[{"href":"https:\/\/www.portalalerta.com.br\/index.php\/wp-json\/wp\/v2\/media?parent=79628"}],"wp:term":[{"taxonomy":"category","embeddable":true,"href":"https:\/\/www.portalalerta.com.br\/index.php\/wp-json\/wp\/v2\/categories?post=79628"},{"taxonomy":"post_tag","embeddable":true,"href":"https:\/\/www.portalalerta.com.br\/index.php\/wp-json\/wp\/v2\/tags?post=79628"}],"curies":[{"name":"wp","href":"https:\/\/api.w.org\/{rel}","templated":true}]}}