{"id":79630,"date":"2026-05-01T17:17:17","date_gmt":"2026-05-01T20:17:17","guid":{"rendered":"https:\/\/www.portalalerta.com.br\/?p=79630"},"modified":"2026-05-01T17:17:18","modified_gmt":"2026-05-01T20:17:18","slug":"lula-tem-48-horas-para-promulgar-o-pl-da-dosimetria","status":"publish","type":"post","link":"https:\/\/www.portalalerta.com.br\/index.php\/2026\/05\/01\/lula-tem-48-horas-para-promulgar-o-pl-da-dosimetria\/","title":{"rendered":"Lula tem 48 horas para promulgar o PL da Dosimetria"},"content":{"rendered":"\n<p><strong>Projeto de lei prev\u00ea redu\u00e7\u00e3o de pena para os condenados pelos atos de 8\/1 e pode favorecer o ex-presidente Jair Bolsonaro (PL)<\/strong><\/p>\n\n\n\n<!--more-->\n\n\n<div class=\"wp-block-image\">\n<figure class=\"alignleft size-large is-resized\"><img fetchpriority=\"high\" decoding=\"async\" width=\"819\" height=\"1024\" src=\"https:\/\/www.portalalerta.com.br\/wp-content\/uploads\/2026\/04\/abril-azul-Real-2026-819x1024.jpeg\" alt=\"\" class=\"wp-image-79285\" style=\"width:435px\" srcset=\"https:\/\/www.portalalerta.com.br\/wp-content\/uploads\/2026\/04\/abril-azul-Real-2026-819x1024.jpeg 819w, https:\/\/www.portalalerta.com.br\/wp-content\/uploads\/2026\/04\/abril-azul-Real-2026-192x240.jpeg 192w, https:\/\/www.portalalerta.com.br\/wp-content\/uploads\/2026\/04\/abril-azul-Real-2026-768x960.jpeg 768w, https:\/\/www.portalalerta.com.br\/wp-content\/uploads\/2026\/04\/abril-azul-Real-2026.jpeg 1024w\" sizes=\"(max-width: 819px) 100vw, 819px\" \/><\/figure><\/div>\n\n\n<p><strong>O presidente Luiz In\u00e1cio Lula da Silva (PT) tem 48 horas para promulgar o Projeto de Lei (PL) da Dosimetria, conforme prev\u00ea a Constitui\u00e7\u00e3o Federal.<\/strong><\/p>\n\n\n\n<p><strong>Caso Lula n\u00e3o o fa\u00e7a dentro do prazo, a promulga\u00e7\u00e3o pode ser feita pelo presidente do Senado Federal, senador Davi Alcolumbre (Uni\u00e3o Brasil).<\/strong><\/p>\n\n\n\n<p><strong>O PL da Dosimetria prev\u00ea a redu\u00e7\u00e3o de penas para os condenados pelos atos de 8 de Janeiro e foi aprovado pelo Congresso Nacional no fim de novembro, ao apagar das luzes do Legislativo antes do recesso. Ap\u00f3s aprova\u00e7\u00e3o, o texto foi encaminhado ao presidente Lula, que vetou a medida integralmente.<\/strong><\/p>\n\n\n\n<p><em>Fonte: Metro 1<\/em><\/p>\n","protected":false},"excerpt":{"rendered":"<p>Projeto de lei prev\u00ea redu\u00e7\u00e3o de pena para os condenados pelos atos de 8\/1 e pode favorecer o ex-presidente Jair Bolsonaro (PL)<\/p>\n","protected":false},"author":2,"featured_media":71916,"comment_status":"open","ping_status":"open","sticky":false,"template":"","format":"standard","meta":{"om_disable_all_campaigns":false,"_monsterinsights_skip_tracking":false,"_monsterinsights_sitenote_active":false,"_monsterinsights_sitenote_note":"","_monsterinsights_sitenote_category":0,"footnotes":""},"categories":[34,70,69,21],"tags":[100,71,48,93,75,4178,4180,129,107,4181,132,230,303,106,203,120,51,8862,109,88,47,111,190],"class_list":["post-79630","post","type-post","status-publish","format-standard","has-post-thumbnail","hentry","category-brasil","category-destaques","category-noticias2","category-politica","tag-adustina","tag-antas","tag-araci","tag-brasil","tag-cicero-dantas","tag-cipo-2","tag-crisopolis-2","tag-euclides-da-cunha","tag-fatima","tag-heliopolis-2","tag-itapicuru","tag-jeremoabo","tag-lula","tag-nova-soure","tag-novo-triunfo","tag-olindina","tag-paripiranga","tag-pl-da-dosimetria","tag-quijingue","tag-ribeira-do-amparo","tag-ribeira-do-pombal","tag-sitio-do-quinto","tag-tucano"],"aioseo_notices":[],"_links":{"self":[{"href":"https:\/\/www.portalalerta.com.br\/index.php\/wp-json\/wp\/v2\/posts\/79630","targetHints":{"allow":["GET"]}}],"collection":[{"href":"https:\/\/www.portalalerta.com.br\/index.php\/wp-json\/wp\/v2\/posts"}],"about":[{"href":"https:\/\/www.portalalerta.com.br\/index.php\/wp-json\/wp\/v2\/types\/post"}],"author":[{"embeddable":true,"href":"https:\/\/www.portalalerta.com.br\/index.php\/wp-json\/wp\/v2\/users\/2"}],"replies":[{"embeddable":true,"href":"https:\/\/www.portalalerta.com.br\/index.php\/wp-json\/wp\/v2\/comments?post=79630"}],"version-history":[{"count":1,"href":"https:\/\/www.portalalerta.com.br\/index.php\/wp-json\/wp\/v2\/posts\/79630\/revisions"}],"predecessor-version":[{"id":79631,"href":"https:\/\/www.portalalerta.com.br\/index.php\/wp-json\/wp\/v2\/posts\/79630\/revisions\/79631"}],"wp:featuredmedia":[{"embeddable":true,"href":"https:\/\/www.portalalerta.com.br\/index.php\/wp-json\/wp\/v2\/media\/71916"}],"wp:attachment":[{"href":"https:\/\/www.portalalerta.com.br\/index.php\/wp-json\/wp\/v2\/media?parent=79630"}],"wp:term":[{"taxonomy":"category","embeddable":true,"href":"https:\/\/www.portalalerta.com.br\/index.php\/wp-json\/wp\/v2\/categories?post=79630"},{"taxonomy":"post_tag","embeddable":true,"href":"https:\/\/www.portalalerta.com.br\/index.php\/wp-json\/wp\/v2\/tags?post=79630"}],"curies":[{"name":"wp","href":"https:\/\/api.w.org\/{rel}","templated":true}]}}