{"id":80,"date":"2017-10-17T14:41:37","date_gmt":"2017-10-17T16:41:37","guid":{"rendered":"http:\/\/www.portalalerta.com.br\/?p=80"},"modified":"2017-11-22T03:20:16","modified_gmt":"2017-11-22T05:20:16","slug":"festa-de-outubro-2017-em-ribeira-do-pombal-opine","status":"publish","type":"post","link":"https:\/\/www.portalalerta.com.br\/index.php\/2017\/10\/17\/festa-de-outubro-2017-em-ribeira-do-pombal-opine\/","title":{"rendered":"FESTA DE OUTUBRO 2017, EM RIBEIRA DO POMBAL. OPINE!"},"content":{"rendered":"<div class=\"itemIntroText\">\n<p>Pombalenses e visitantes festejaram com harmonia mais uma edi\u00e7\u00e3o da centen\u00e1ria Festa de Outubro, maior patrim\u00f4nio cultural de Ribeira do Pombal.<\/p>\n<\/div>\n<div class=\"itemFullText\">\n<p>A diversidade dos v\u00e1rios eventos que aconteceram, bem como a qualidade das atra\u00e7\u00f5es que se apresentaram, sua moderna estrutura no Complexo Ferreira Brito e principais pontos da cidade, fez da festa este ano, a maior da hist\u00f3ria.<\/p>\n<p><img decoding=\"async\" src=\"http:\/\/pombalalerta.com.br\/images\/realcalcadosn.jpg\" border=\"0\" \/>A programa\u00e7\u00e3o come\u00e7ou j\u00e1 na quarta-feira (11) com a Feira Criativa ao lado da Secretaria Municipal de Cultura. J\u00e1 os festejos come\u00e7aram na manh\u00e3 de quinta-feira (12) com a edi\u00e7\u00e3o da primeira Alvorada com a anima\u00e7\u00e3o de Zezinho da Ema \u201cA Favorita do Brasil\u201d, JP \u201cKit Love\u201d e Arrocha Mania. Ainda na quinta, aconteceu a 1\u00aa Cavalgada As Patroas com Missa Solene no Bairro Vila Oper\u00e1ria e desfile pelas principais avenidas ao som de Gil Duarte \u201cO Mour\u00e3o\u201d, Os Barr\u00f5es e Allan Sertanejo.<\/p>\n<p>Na sexta, s\u00e1bado e domingo (13, 14 e 15), foi \u00e0 vez do Ferreir\u00e3o, o tradicional palco da festa, receber os foli\u00f5es que curtiram os shows de: Lim\u00e3o com Mel, Saulo, M\u00e1rcia Felipe, Marcelle Nascimento, Sandro Aguiar, Saia Rodada, Magn\u00edficos, Calcinha Preta, Adu\u00edlio Mendes, Arreio de Ouro, Zez\u00e9 di Camargo e Luciano, Psirico e Peu Pirata.<\/p>\n<p><img decoding=\"async\" src=\"http:\/\/pombalalerta.com.br\/images\/festadeoutubro2017n2.jpg\" border=\"0\" \/><img decoding=\"async\" src=\"http:\/\/pombalalerta.com.br\/images\/festadeoutubro2017n3.jpg\" border=\"0\" \/><img decoding=\"async\" src=\"http:\/\/pombalalerta.com.br\/images\/festadeoutubro2017n4.jpg\" border=\"0\" \/><img decoding=\"async\" src=\"http:\/\/pombalalerta.com.br\/images\/festadeoutubro2017n5.jpg\" border=\"0\" \/><img decoding=\"async\" src=\"http:\/\/pombalalerta.com.br\/images\/festadeoutubro2017n6.jpg\" border=\"0\" \/><img decoding=\"async\" src=\"http:\/\/pombalalerta.com.br\/images\/festadeoutubro2017n7.jpg\" border=\"0\" \/>O domingo ficou marcado ainda por ter sido o maior p\u00fablico da hist\u00f3ria da \u00e1rea de eventos do complexo. Os filhos de Francisco que cantaram os grandes sucessos da carreira com um repert\u00f3rio do romantismo ao sertanejo raiz foram sem sombra de d\u00favidas os principias respons\u00e1veis pela fa\u00e7anha.<\/p>\n<p>Enquanto isso, o Parque Segismundo Macedo que fica dentro do complexo, recebeu os amantes de vaquejadas que curtiram a 49\u00aa Vaquejada de Pombal, tradicional e primeira da Bahia.<\/p>\n<p><strong><img decoding=\"async\" src=\"http:\/\/pombalalerta.com.br\/images\/festadeoutubro2017n8.jpg\" border=\"0\" \/>Opine:\u00a0<\/strong><\/p>\n<p>Como de costume, o site POMBAL ALERTA quer ouvir a opini\u00e3o p\u00fablica. No espa\u00e7o reservado a enquete, o internauta poder\u00e1 opinar sobre o que achou da festa tradicional de Outubro, ano 2017. Vale ressaltar que a enquete ter\u00e1 dura\u00e7\u00e3o at\u00e9 o dia 31 do corrente m\u00eas, sendo computado apenas um voto por endere\u00e7o IP. Participe!<\/p>\n<p><em>Texto: Banza\u00ea\u00a0<\/em><\/p>\n<p><em>Adapta\u00e7\u00e3o: Pombal Alerta\u00a0<\/em><\/p>\n<\/div>\n","protected":false},"excerpt":{"rendered":"<p>Pombalenses e visitantes festejaram com harmonia mais uma edi\u00e7\u00e3o da centen\u00e1ria Festa de Outubro, maior patrim\u00f4nio cultural de Ribeira do Pombal. A diversidade dos v\u00e1rios eventos que aconteceram, bem como a qualidade das atra\u00e7\u00f5es que se apresentaram, sua moderna estrutura no Complexo Ferreira Brito e principais pontos da cidade, fez da festa este ano, a &hellip;<\/p>\n","protected":false},"author":1,"featured_media":81,"comment_status":"open","ping_status":"open","sticky":false,"template":"","format":"standard","meta":{"om_disable_all_campaigns":false,"_monsterinsights_skip_tracking":false,"_monsterinsights_sitenote_active":false,"_monsterinsights_sitenote_note":"","_monsterinsights_sitenote_category":0,"footnotes":""},"categories":[3],"tags":[],"class_list":["post-80","post","type-post","status-publish","format-standard","has-post-thumbnail","hentry","category-ribeira-do-pombal"],"aioseo_notices":[],"_links":{"self":[{"href":"https:\/\/www.portalalerta.com.br\/index.php\/wp-json\/wp\/v2\/posts\/80","targetHints":{"allow":["GET"]}}],"collection":[{"href":"https:\/\/www.portalalerta.com.br\/index.php\/wp-json\/wp\/v2\/posts"}],"about":[{"href":"https:\/\/www.portalalerta.com.br\/index.php\/wp-json\/wp\/v2\/types\/post"}],"author":[{"embeddable":true,"href":"https:\/\/www.portalalerta.com.br\/index.php\/wp-json\/wp\/v2\/users\/1"}],"replies":[{"embeddable":true,"href":"https:\/\/www.portalalerta.com.br\/index.php\/wp-json\/wp\/v2\/comments?post=80"}],"version-history":[{"count":0,"href":"https:\/\/www.portalalerta.com.br\/index.php\/wp-json\/wp\/v2\/posts\/80\/revisions"}],"wp:featuredmedia":[{"embeddable":true,"href":"https:\/\/www.portalalerta.com.br\/index.php\/wp-json\/wp\/v2\/media\/81"}],"wp:attachment":[{"href":"https:\/\/www.portalalerta.com.br\/index.php\/wp-json\/wp\/v2\/media?parent=80"}],"wp:term":[{"taxonomy":"category","embeddable":true,"href":"https:\/\/www.portalalerta.com.br\/index.php\/wp-json\/wp\/v2\/categories?post=80"},{"taxonomy":"post_tag","embeddable":true,"href":"https:\/\/www.portalalerta.com.br\/index.php\/wp-json\/wp\/v2\/tags?post=80"}],"curies":[{"name":"wp","href":"https:\/\/api.w.org\/{rel}","templated":true}]}}