{"id":8002,"date":"2018-06-12T02:47:04","date_gmt":"2018-06-12T05:47:04","guid":{"rendered":"http:\/\/www.portalalerta.com.br\/?p=8002"},"modified":"2018-06-12T02:47:04","modified_gmt":"2018-06-12T05:47:04","slug":"tragedia-adolescente-morre-e-irma-fica-ferida-ao-cairem-de-onibus-escolar-em-ribeira-do-amparo-ba","status":"publish","type":"post","link":"https:\/\/www.portalalerta.com.br\/index.php\/2018\/06\/12\/tragedia-adolescente-morre-e-irma-fica-ferida-ao-cairem-de-onibus-escolar-em-ribeira-do-amparo-ba\/","title":{"rendered":"Trag\u00e9dia: Adolescente morre e irm\u00e3 fica ferida ao ca\u00edrem de \u00f4nibus escolar em Ribeira do Amparo-BA"},"content":{"rendered":"<p style=\"text-align: justify;\">Por volta das 13:00hs de segunda-feira, 11, uma trag\u00e9dia deixou moradores de Ribeira do Amparo-BA enlutados. Duas irm\u00e3s que estavam num \u00f4nibus escolar ca\u00edram do ve\u00edculo ap\u00f3s uma das portas se abrir, quando ainda se encontravam no Povoado Baixa do Salgado, no referido munic\u00edpio.<!--more--><\/p>\n<p style=\"text-align: justify;\"><img fetchpriority=\"high\" decoding=\"async\" class=\"alignleft wp-image-7684\" src=\"http:\/\/www.portalalerta.com.br\/wp-content\/uploads\/2018\/05\/Real-Cal\u00e7ados-S\u00e3o-Jo\u00e3o-317x240.jpg\" alt=\"\" width=\"300\" height=\"227\" \/>Luciana Miranda dos Santos, 17 anos, sofreu algumas les\u00f5es, sendo socorrida para o Hospital local, e posteriormente transferida para o Hospital Geral Santa Tereza em Ribeira do Pombal-BA, onde n\u00e3o foi constatado risco de morte. J\u00e1 a sua irm\u00e3, Lucimara Santana Santos, 16 anos, tamb\u00e9m chegou a ser socorrida, por\u00e9m n\u00e3o teve a mesma sorte, tendo o seu \u00f3bito confirmado ainda na Unidade de Sa\u00fade de Ribeira do Amparo-BA.<\/p>\n<p style=\"text-align: justify;\">O motorista do ve\u00edculo, Eurico Rodrigues de Matos, se apresentou na Delegacia de Pol\u00edcia Civil local, onde foi ouvido e liberado.<\/p>\n<p style=\"text-align: justify;\">A Escola Agenor Brito, onde a jovem estudava teve as aulas suspensas por causa desta fatalidade.<\/p>\n<p style=\"text-align: justify;\"><a href=\"http:\/\/www.facebook.com.br\/pombalalerta\"><strong>Curta nossa p\u00e1gina no facebook, e continue atualizado sobre tudo o que acontece em sua cidade!<\/strong><\/a><\/p>\n<p style=\"text-align: justify;\"><a href=\"https:\/\/play.google.com\/store\/apps\/details?id=com.globalstore.pombalalerta&amp;hl=pt_BR\"><strong>Baixe o nosso aplicativo, e fique de olho na not\u00edcia!<\/strong><\/a><\/p>\n<p style=\"text-align: justify;\"><em>Reda\u00e7\u00e3o: Portal Alerta<\/em><\/p>\n","protected":false},"excerpt":{"rendered":"<p>Por volta das 13:00hs de segunda-feira, 11, uma trag\u00e9dia deixou moradores de Ribeira do Amparo-BA enlutados. Duas irm\u00e3s que estavam num \u00f4nibus escolar ca\u00edram do ve\u00edculo ap\u00f3s uma das portas se abrir, quando ainda se encontravam no Povoado Baixa do Salgado, no referido munic\u00edpio.<\/p>\n","protected":false},"author":2,"featured_media":8003,"comment_status":"closed","ping_status":"open","sticky":false,"template":"","format":"standard","meta":{"om_disable_all_campaigns":false,"_monsterinsights_skip_tracking":false,"_monsterinsights_sitenote_active":false,"_monsterinsights_sitenote_note":"","_monsterinsights_sitenote_category":0,"footnotes":""},"categories":[70,69,32,16],"tags":[166,1222,1156,169,922,88],"class_list":["post-8002","post","type-post","status-publish","format-standard","has-post-thumbnail","hentry","category-destaques","category-noticias2","category-regiao","category-ribeira-do-amparo","tag-acidente","tag-adolescente","tag-alunos","tag-morte","tag-onibus","tag-ribeira-do-amparo"],"aioseo_notices":[],"_links":{"self":[{"href":"https:\/\/www.portalalerta.com.br\/index.php\/wp-json\/wp\/v2\/posts\/8002","targetHints":{"allow":["GET"]}}],"collection":[{"href":"https:\/\/www.portalalerta.com.br\/index.php\/wp-json\/wp\/v2\/posts"}],"about":[{"href":"https:\/\/www.portalalerta.com.br\/index.php\/wp-json\/wp\/v2\/types\/post"}],"author":[{"embeddable":true,"href":"https:\/\/www.portalalerta.com.br\/index.php\/wp-json\/wp\/v2\/users\/2"}],"replies":[{"embeddable":true,"href":"https:\/\/www.portalalerta.com.br\/index.php\/wp-json\/wp\/v2\/comments?post=8002"}],"version-history":[{"count":0,"href":"https:\/\/www.portalalerta.com.br\/index.php\/wp-json\/wp\/v2\/posts\/8002\/revisions"}],"wp:featuredmedia":[{"embeddable":true,"href":"https:\/\/www.portalalerta.com.br\/index.php\/wp-json\/wp\/v2\/media\/8003"}],"wp:attachment":[{"href":"https:\/\/www.portalalerta.com.br\/index.php\/wp-json\/wp\/v2\/media?parent=8002"}],"wp:term":[{"taxonomy":"category","embeddable":true,"href":"https:\/\/www.portalalerta.com.br\/index.php\/wp-json\/wp\/v2\/categories?post=8002"},{"taxonomy":"post_tag","embeddable":true,"href":"https:\/\/www.portalalerta.com.br\/index.php\/wp-json\/wp\/v2\/tags?post=8002"}],"curies":[{"name":"wp","href":"https:\/\/api.w.org\/{rel}","templated":true}]}}