{"id":8005,"date":"2018-06-13T01:29:41","date_gmt":"2018-06-13T04:29:41","guid":{"rendered":"http:\/\/www.portalalerta.com.br\/?p=8005"},"modified":"2018-06-13T01:29:41","modified_gmt":"2018-06-13T04:29:41","slug":"justica-nega-indenizacao-a-pastor-que-processou-fiel-em-cipo-ba","status":"publish","type":"post","link":"https:\/\/www.portalalerta.com.br\/index.php\/2018\/06\/13\/justica-nega-indenizacao-a-pastor-que-processou-fiel-em-cipo-ba\/","title":{"rendered":"Justi\u00e7a nega indeniza\u00e7\u00e3o \u00e0 Pastor que processou fiel,  em Cip\u00f3-BA"},"content":{"rendered":"<p style=\"text-align: justify;\">No \u00faltimo dia 03 de junho do corrente ano, o Juiz de Direito da Comarca de Cip\u00f3-BA, Dr. Daniel Pereira Pond\u00e9, julgou improcedente a a\u00e7\u00e3o de indeniza\u00e7\u00e3o por danos morais, em que o Pastor Jer\u00f4nimo Jos\u00e9 dos Santos, l\u00edder da Igreja Assembleia de Deus, solicitava um valor de R$ 23.425,00 do fiel Adailton Concei\u00e7\u00e3o da Cruz.<!--more--><\/p>\n<p style=\"text-align: justify;\"><img fetchpriority=\"high\" decoding=\"async\" class=\"size-full wp-image-2902 alignleft\" src=\"http:\/\/www.portalalerta.com.br\/wp-content\/uploads\/2017\/11\/elab-2.jpg\" alt=\"\" width=\"310\" height=\"200\" srcset=\"https:\/\/www.portalalerta.com.br\/wp-content\/uploads\/2017\/11\/elab-2.jpg 310w, https:\/\/www.portalalerta.com.br\/wp-content\/uploads\/2017\/11\/elab-2-226x146.jpg 226w, https:\/\/www.portalalerta.com.br\/wp-content\/uploads\/2017\/11\/elab-2-50x32.jpg 50w, https:\/\/www.portalalerta.com.br\/wp-content\/uploads\/2017\/11\/elab-2-116x75.jpg 116w\" sizes=\"(max-width: 310px) 100vw, 310px\" \/>O caso \u00e9 antigo e j\u00e1 teve um cap\u00edtulo contado neste canal de not\u00edcias. Em julho de 2017, o ent\u00e3o POMBAL ALERTA, noticiou a decis\u00e3o judicial, na qual a Igreja Assembleia de Deus, bem como o seu l\u00edder no munic\u00edpio de Cip\u00f3-BA, o Pr. Jer\u00f4nimo, foram condenados a pagarem uma quantia de R$ 1.500,00 a Adailton, como indeniza\u00e7\u00e3o, ap\u00f3s o fiel ser exclu\u00eddo do rol de membros da referida igreja, j\u00e1 que Adailton teria sido exposto ao rid\u00edculo, j\u00e1 que foi divulgado ao p\u00fablico que o motivo de tal decis\u00e3o, teria sido porque o rapaz tinha cometido adult\u00e9rio. <a href=\"http:\/\/www.pombalalerta.com.br\/index2.php\/noticias\/pombal-alerta\/regiao\/item\/4613-cip%C3%B3-ba-igreja-%C3%A9-condenada-a-indenizar-fiel-exclu%C3%ADdo-do-rol-de-membros.html\"><strong>Relembre<\/strong><\/a><\/p>\n<p style=\"text-align: justify;\">O que n\u00e3o era de conhecimento deste canal de not\u00edcias \u00e9 que, este lit\u00edgio teve in\u00edcio muito tempo antes, no caso em 2014, quando \u00a0ap\u00f3s deixar de fazer parte do rol de membros da igreja, Adailton teria feito acusa\u00e7\u00f5es contra o l\u00edder religioso, as publicando em redes sociais. Na ocasi\u00e3o, o Pastor Jer\u00f4nimo acionou a justi\u00e7a, onde se contentou com a retirada das referidas postagens, o que foi aceito pelo fiel. O que parecia ter terminado, voltou \u00e0 tona ap\u00f3s Adailton acionar o Pastor e a igreja na justi\u00e7a, onde houve condena\u00e7\u00e3o, e o autor foi indenizado em R$ 1.500,00, cabendo recurso.<\/p>\n<p style=\"text-align: justify;\">Antes mesmo da decis\u00e3o em que o fiel foi vitorioso, Jer\u00f4nimo voltou a processar Adailton, alegando que embora as postagens tivessem sido retiradas das redes sociais, o rapaz insistia nas acusa\u00e7\u00f5es, agora por vias judiciais. Em sua decis\u00e3o assinada no \u00faltimo 03 de junho, Dr. Daniel Pereira Pond\u00e9 levou em considera\u00e7\u00e3o que no caso inicial, o Pr Jer\u00f4nimo tinha dado o caso como encerrado com a retirada das postagens, e que na ocasi\u00e3o n\u00e3o tinha solicitado qualquer indeniza\u00e7\u00e3o, n\u00e3o havendo raz\u00e3o para o fazer cerca de tr\u00eas anos ap\u00f3s \u00e0 primeira a\u00e7\u00e3o, negando assim o pleito feito pelo l\u00edder religioso.<\/p>\n<p style=\"text-align: justify;\">O Portal Alerta voltou a procurar as partes envolvidas, por\u00e9m at\u00e9 o momento do fechamento desta mat\u00e9ria, n\u00e3o obteve sucesso.<\/p>\n<p style=\"text-align: justify;\"><a href=\"http:\/\/www.facebook.com.br\/pombalalerta\"><strong>Curta nossa p\u00e1gina no facebook, e continue atualizado sobre tudo o que acontece em sua cidade!<\/strong><\/a><\/p>\n<p style=\"text-align: justify;\"><a href=\"https:\/\/play.google.com\/store\/apps\/details?id=com.globalstore.pombalalerta&amp;hl=pt_BR\"><strong>Baixe o nosso aplicativo, e fique de olho na not\u00edcia!<\/strong><\/a><\/p>\n<p style=\"text-align: justify;\"><em>Reda\u00e7\u00e3o: Portal Alerta<\/em><\/p>\n","protected":false},"excerpt":{"rendered":"<p>No \u00faltimo dia 03 de junho do corrente ano, o Juiz de Direito da Comarca de Cip\u00f3-BA, Dr. Daniel Pereira Pond\u00e9, julgou improcedente a a\u00e7\u00e3o de indeniza\u00e7\u00e3o por danos morais, em que o Pastor Jer\u00f4nimo Jos\u00e9 dos Santos, l\u00edder da Igreja Assembleia de Deus, solicitava um valor de R$ 23.425,00 do fiel Adailton Concei\u00e7\u00e3o da &hellip;<\/p>\n","protected":false},"author":2,"featured_media":6597,"comment_status":"closed","ping_status":"open","sticky":false,"template":"","format":"standard","meta":{"om_disable_all_campaigns":false,"_monsterinsights_skip_tracking":false,"_monsterinsights_sitenote_active":false,"_monsterinsights_sitenote_note":"","_monsterinsights_sitenote_category":0,"footnotes":""},"categories":[13,70,69,32],"tags":[45,820,1224,817,1223,270,704,295],"class_list":["post-8005","post","type-post","status-publish","format-standard","has-post-thumbnail","hentry","category-cipo","category-destaques","category-noticias2","category-regiao","tag-cipo","tag-fe","tag-fiel","tag-igreja","tag-igreja-evangelica","tag-justica","tag-pastor","tag-religiao"],"aioseo_notices":[],"_links":{"self":[{"href":"https:\/\/www.portalalerta.com.br\/index.php\/wp-json\/wp\/v2\/posts\/8005","targetHints":{"allow":["GET"]}}],"collection":[{"href":"https:\/\/www.portalalerta.com.br\/index.php\/wp-json\/wp\/v2\/posts"}],"about":[{"href":"https:\/\/www.portalalerta.com.br\/index.php\/wp-json\/wp\/v2\/types\/post"}],"author":[{"embeddable":true,"href":"https:\/\/www.portalalerta.com.br\/index.php\/wp-json\/wp\/v2\/users\/2"}],"replies":[{"embeddable":true,"href":"https:\/\/www.portalalerta.com.br\/index.php\/wp-json\/wp\/v2\/comments?post=8005"}],"version-history":[{"count":0,"href":"https:\/\/www.portalalerta.com.br\/index.php\/wp-json\/wp\/v2\/posts\/8005\/revisions"}],"wp:featuredmedia":[{"embeddable":true,"href":"https:\/\/www.portalalerta.com.br\/index.php\/wp-json\/wp\/v2\/media\/6597"}],"wp:attachment":[{"href":"https:\/\/www.portalalerta.com.br\/index.php\/wp-json\/wp\/v2\/media?parent=8005"}],"wp:term":[{"taxonomy":"category","embeddable":true,"href":"https:\/\/www.portalalerta.com.br\/index.php\/wp-json\/wp\/v2\/categories?post=8005"},{"taxonomy":"post_tag","embeddable":true,"href":"https:\/\/www.portalalerta.com.br\/index.php\/wp-json\/wp\/v2\/tags?post=8005"}],"curies":[{"name":"wp","href":"https:\/\/api.w.org\/{rel}","templated":true}]}}