{"id":8015,"date":"2018-06-13T16:42:47","date_gmt":"2018-06-13T19:42:47","guid":{"rendered":"http:\/\/www.portalalerta.com.br\/?p=8015"},"modified":"2018-06-13T17:05:03","modified_gmt":"2018-06-13T20:05:03","slug":"prefeitura-de-ribeira-do-pombal-ba-divulga-a-lista-de-convocados-e-documentos-a-serem-entregues-para-novos-guardas-civis-municipais","status":"publish","type":"post","link":"https:\/\/www.portalalerta.com.br\/index.php\/2018\/06\/13\/prefeitura-de-ribeira-do-pombal-ba-divulga-a-lista-de-convocados-e-documentos-a-serem-entregues-para-novos-guardas-civis-municipais\/","title":{"rendered":"Prefeitura de Ribeira do Pombal-BA, divulga a Lista de convocados e documentos a serem entregues, para novos Guardas Civis Municipais"},"content":{"rendered":"<p style=\"text-align: justify;\">Na \u00faltima ter\u00e7a-feira, 12, o prefeito de Ribeira do Pombal-BA, Ricardo Maia, oficializou a convoca\u00e7\u00e3o de mais onze novos membros para comporem a Guarda Civil Municipal. Os nomes correspondem aos aprovados no ultimo concurso realizado pela administra\u00e7\u00e3o e que ainda aguardavam serem convocados uma vez que se enquadraram entre os aprovados.<!--more--><\/p>\n<p style=\"text-align: justify;\">De acordo com o prefeito esses novos convocados atuar\u00e3o no tr\u00e2nsito que j\u00e1 est\u00e1 municipalizado e aguardando apenas a execu\u00e7\u00e3o do projeto de sinaliza\u00e7\u00e3o anunciado pelo Governo do Estado. O segundo passo, ap\u00f3s a apresenta\u00e7\u00e3o dos novos servidores ser\u00e1 o treinamento e depois imediatamente o inicio do trabalho.<\/p>\n<p style=\"text-align: justify;\">A rela\u00e7\u00e3o dos convocados ser\u00e1 disponibilizada no Di\u00e1rio Oficial do Munic\u00edpio, no endere\u00e7o eletr\u00f4nico: <a href=\"http:\/\/doem.org.br\/ba\/ribeiradopombal\"><strong>http:\/\/doem.org.br\/ba\/ribeiradopombal<\/strong><\/a> com as respectivas orienta\u00e7\u00f5es sobre prazos e documenta\u00e7\u00f5es a serem providenciadas. Os convocados s\u00e3o:<\/p>\n<p style=\"text-align: justify;\"><img fetchpriority=\"high\" decoding=\"async\" class=\"size-full wp-image-2902 alignright\" src=\"http:\/\/www.portalalerta.com.br\/wp-content\/uploads\/2017\/11\/elab-2.jpg\" alt=\"\" width=\"310\" height=\"200\" srcset=\"https:\/\/www.portalalerta.com.br\/wp-content\/uploads\/2017\/11\/elab-2.jpg 310w, https:\/\/www.portalalerta.com.br\/wp-content\/uploads\/2017\/11\/elab-2-226x146.jpg 226w, https:\/\/www.portalalerta.com.br\/wp-content\/uploads\/2017\/11\/elab-2-50x32.jpg 50w, https:\/\/www.portalalerta.com.br\/wp-content\/uploads\/2017\/11\/elab-2-116x75.jpg 116w\" sizes=\"(max-width: 310px) 100vw, 310px\" \/>. Adailton Silva da Hora<br \/>\n. Arisson Silva da Silva<br \/>\n. Sandro do Campo Santos<br \/>\n. Marinilson Andrade dos Santos<br \/>\n. Raphael Nobre Memdes<br \/>\n. George Igor Nunes de Ara\u00fajo<br \/>\n. Marcia Islanna Santana Dantas<br \/>\n. Rodrigo Andrade dos Santos<br \/>\n. Edelcique de Souza Passos<br \/>\n. Jos\u00e9 Regildo Souza Santos<br \/>\n. Daniel dos Santos Jesus<\/p>\n<p style=\"text-align: justify;\">Os candidatos aprovados e convocados dever\u00e3o comparecer, conforme o prazo estabelecido no Edital n\u00ba 0002\/2018, \u00e0 sede da Prefeitura Municipal de Ribeira do Pombal-BA, no Setor Pessoal, localizada na Pra\u00e7a Domingos Ferreira Brito, S\/N centro, nesta cidade, das 8h \u00e0s 13h, de segunda-feira a sexta-feira, munidos dos seguintes documentos:<\/p>\n<ul style=\"text-align: justify;\">\n<li>C\u00f3pia Autenticada da Carteira de Identidade;<\/li>\n<li>C\u00f3pia Autenticada do Cart\u00e3o de Identifica\u00e7\u00e3o do Contribuinte (CPF);<\/li>\n<li>C\u00f3pia Autenticada do T\u00edtulo de Eleitor e Comprovante de Vota\u00e7\u00e3o na \u00faltima elei\u00e7\u00e3o, se na \u00e9poca possu\u00eda 18 (dezoito) anos;<\/li>\n<li>C\u00f3pia autenticada do Certificado de Reservista ou de Dispensa de Incorpora\u00e7\u00e3o, em caso de Candidato do sexo masculino;<\/li>\n<li>Comprovante de Resid\u00eancia;<\/li>\n<li>C\u00f3pia Autenticada da documenta\u00e7\u00e3o comprobat\u00f3ria da escolaridade m\u00ednima exigida, Certificado de conclus\u00e3o de Ensino M\u00e9dio Completo e\/oi Certificado de conclus\u00e3o do n\u00edvel, acompanhados dos respectivos hist\u00f3ricos escolares. O Diploma deve referir-se a curso devidamente reconhecido pelo Minist\u00e9rio da Educa\u00e7\u00e3o\/ MEC, e respectivos Conselhos Federais, e\/ou Nacionais e Conselho Estadual de Educa\u00e7\u00e3o \u2013 CEE;<\/li>\n<li>C\u00f3pia Autenticada da Certid\u00e3o de nascimento e ou de Casamento (conforme o respectivos estado civil);<\/li>\n<li>C\u00f3pia Autenticada da Certid\u00e3o de Nascimento dos Filhos menores de 14 anos (se houver);<\/li>\n<li>Declara\u00e7\u00e3o de antecedentes criminais;<\/li>\n<li>Preencher e comprovar todos os requisitos b\u00e1sicos para investidura no cargo p\u00fablico exigido no Edital;<\/li>\n<li>PIS\/ PASEP<\/li>\n<li>Apresentar outros documentos e declara\u00e7\u00f5es que se fizerem necess\u00e1rios, \u00e0 \u00e9poca da posse, de acordo com o Edital de Convoca\u00e7\u00e3o do candidato;<\/li>\n<li>Exame M\u00e9dico pr\u00e9-admissional, apenas se o candidato convocado apresentar todos os documentos solicitados;<\/li>\n<li>Resultado de Laudo M\u00e9dico Pericial, emitido por m\u00e9dico credenciado junto \u00e0 Prefeitura Municipal, juntamente com os seguintes exames: para todos os Cargos, Hemograma Completo, Plaquetas, Velocidade de hemossedimenta\u00e7\u00e3o (VHS), Creatinina, Glicemia de jejum, Gama Glutamil transferase (GAMA GT), tempo de tromboplastina total e Parcial ativado (TTPA), EAS, Raio X-T\u00f3rax.<\/li>\n<li>Demais exames m\u00e9dicos\/ laboratoriais, se necess\u00e1rios, solicitados no Edital de convoca\u00e7\u00e3o do candidato;<\/li>\n<li>Atestado de aptid\u00e3o f\u00edsica e mental para o exerc\u00edcio das atribui\u00e7\u00f5es do cargo p\u00fablico avaliado por m\u00e9dico especializado;<\/li>\n<li>Duas fotos 3X4, atuais;<\/li>\n<li>Declara\u00e7\u00e3o de que n\u00e3o acumula cargo p\u00fablico, salvo naquelas hip\u00f3teses previstas por lei.<\/li>\n<\/ul>\n<p style=\"text-align: justify;\">Ser\u00e3o considerados aptos para o desempenho do cargo, os candidatos nomeados por Portaria e ter\u00e3o prazo de at\u00e9 30 (trinta) dias para tomar posse no cargo de provimento efetivo, podendo ser prorrog\u00e1vel por igual per\u00edodo a crit\u00e9rio da autoridade competente.<\/p>\n<p style=\"text-align: justify;\">O candidato que por qualquer motivo n\u00e3o apresentar a documenta\u00e7\u00e3o e exames exigidos na fase da convoca\u00e7\u00e3o, perder\u00e1 automaticamente o direito \u00e0 investidura no cargo p\u00fablico.<\/p>\n<p style=\"text-align: justify;\"><em>Fonte: SECOM\/ Ribeira do Pombal<\/em><\/p>\n","protected":false},"excerpt":{"rendered":"<p>Na \u00faltima ter\u00e7a-feira, 12, o prefeito de Ribeira do Pombal-BA, Ricardo Maia, oficializou a convoca\u00e7\u00e3o de mais onze novos membros para comporem a Guarda Civil Municipal. Os nomes correspondem aos aprovados no ultimo concurso realizado pela administra\u00e7\u00e3o e que ainda aguardavam serem convocados uma vez que se enquadraram entre os aprovados.<\/p>\n","protected":false},"author":2,"featured_media":6913,"comment_status":"closed","ping_status":"open","sticky":false,"template":"","format":"standard","meta":{"om_disable_all_campaigns":false,"_monsterinsights_skip_tracking":false,"_monsterinsights_sitenote_active":false,"_monsterinsights_sitenote_note":"","_monsterinsights_sitenote_category":0,"footnotes":""},"categories":[70,69,21,32,3,22],"tags":[257,955,313,198,145,47,146],"class_list":["post-8015","post","type-post","status-publish","format-standard","has-post-thumbnail","hentry","category-destaques","category-noticias2","category-politica","category-regiao","category-ribeira-do-pombal","category-seguranca","tag-concurso","tag-convocacao","tag-gcm","tag-prefeito","tag-prefeitura","tag-ribeira-do-pombal","tag-ricardo-maia"],"aioseo_notices":[],"_links":{"self":[{"href":"https:\/\/www.portalalerta.com.br\/index.php\/wp-json\/wp\/v2\/posts\/8015","targetHints":{"allow":["GET"]}}],"collection":[{"href":"https:\/\/www.portalalerta.com.br\/index.php\/wp-json\/wp\/v2\/posts"}],"about":[{"href":"https:\/\/www.portalalerta.com.br\/index.php\/wp-json\/wp\/v2\/types\/post"}],"author":[{"embeddable":true,"href":"https:\/\/www.portalalerta.com.br\/index.php\/wp-json\/wp\/v2\/users\/2"}],"replies":[{"embeddable":true,"href":"https:\/\/www.portalalerta.com.br\/index.php\/wp-json\/wp\/v2\/comments?post=8015"}],"version-history":[{"count":0,"href":"https:\/\/www.portalalerta.com.br\/index.php\/wp-json\/wp\/v2\/posts\/8015\/revisions"}],"wp:featuredmedia":[{"embeddable":true,"href":"https:\/\/www.portalalerta.com.br\/index.php\/wp-json\/wp\/v2\/media\/6913"}],"wp:attachment":[{"href":"https:\/\/www.portalalerta.com.br\/index.php\/wp-json\/wp\/v2\/media?parent=8015"}],"wp:term":[{"taxonomy":"category","embeddable":true,"href":"https:\/\/www.portalalerta.com.br\/index.php\/wp-json\/wp\/v2\/categories?post=8015"},{"taxonomy":"post_tag","embeddable":true,"href":"https:\/\/www.portalalerta.com.br\/index.php\/wp-json\/wp\/v2\/tags?post=8015"}],"curies":[{"name":"wp","href":"https:\/\/api.w.org\/{rel}","templated":true}]}}