{"id":8019,"date":"2018-06-13T19:02:06","date_gmt":"2018-06-13T22:02:06","guid":{"rendered":"http:\/\/www.portalalerta.com.br\/?p=8019"},"modified":"2018-06-13T19:02:06","modified_gmt":"2018-06-13T22:02:06","slug":"jovem-e-assassinado-a-facadas-em-nova-soure-ba","status":"publish","type":"post","link":"https:\/\/www.portalalerta.com.br\/index.php\/2018\/06\/13\/jovem-e-assassinado-a-facadas-em-nova-soure-ba\/","title":{"rendered":"Jovem \u00e9 assassinado a facadas em Nova Soure-BA"},"content":{"rendered":"<p style=\"text-align: justify;\">Na madrugada da \u00faltima segunda-feira, 11, policiais militares do 1\u00ba Pelot\u00e3o\/ Nova Soure-BA, foram informados de um homic\u00eddio ocorrido na noite anterior, numa localidade conhecida como Cajueirinho, no referido munic\u00edpio.<!--more--><\/p>\n<p style=\"text-align: justify;\">Os militares se dirigiram at\u00e9 o local, onde constataram a veracidade da den\u00fancia, encontrando o corpo de Genildo dos Santos Teixeira, 27 anos, v\u00edtima de poss\u00edveis facadas, cujo autor ainda \u00e9 desconhecido.<\/p>\n<p style=\"text-align: justify;\"><img fetchpriority=\"high\" decoding=\"async\" class=\"size-thumbnail wp-image-4869 aligncenter\" src=\"http:\/\/www.portalalerta.com.br\/wp-content\/uploads\/2018\/02\/Auto-Escola-Nobre-720x181.jpg\" alt=\"\" width=\"720\" height=\"181\" srcset=\"https:\/\/www.portalalerta.com.br\/wp-content\/uploads\/2018\/02\/Auto-Escola-Nobre.jpg 720w, https:\/\/www.portalalerta.com.br\/wp-content\/uploads\/2018\/02\/Auto-Escola-Nobre-260x65.jpg 260w, https:\/\/www.portalalerta.com.br\/wp-content\/uploads\/2018\/02\/Auto-Escola-Nobre-50x13.jpg 50w, https:\/\/www.portalalerta.com.br\/wp-content\/uploads\/2018\/02\/Auto-Escola-Nobre-150x38.jpg 150w\" sizes=\"(max-width: 720px) 100vw, 720px\" \/>Os militares permaneceram no local at\u00e9 \u00e0s 16: 30hs, quando servidores do Departamento de Pol\u00edcia T\u00e9cnica chegaram para a realiza\u00e7\u00e3o da per\u00edcia bem como a remo\u00e7\u00e3o do corpo para ser autopsiado.<\/p>\n<p style=\"text-align: justify;\">Este \u00e9 o segundo homic\u00eddio registrado num intervalo de cinco dias, e o s\u00e9timo do ano, em Nova Soure-BA.<\/p>\n<p style=\"text-align: justify;\"><a href=\"http:\/\/www.facebook.com.br\/pombalalerta\"><strong>Curta nossa p\u00e1gina no facebook, e continue atualizado sobre tudo o que acontece em sua cidade!<\/strong><\/a><\/p>\n<p style=\"text-align: justify;\"><a href=\"https:\/\/play.google.com\/store\/apps\/details?id=com.globalstore.pombalalerta&amp;hl=pt_BR\"><strong>Baixe o nosso aplicativo, e fique de olho na not\u00edcia!<\/strong><\/a><\/p>\n<p style=\"text-align: justify;\">O PORTAL ALERTA n\u00e3o teve acesso \u00e0 imagem da v\u00edtima.<\/p>\n<p style=\"text-align: justify;\"><em>Reda\u00e7\u00e3o: Portal Alerta<\/em><\/p>\n","protected":false},"excerpt":{"rendered":"<p>Na madrugada da \u00faltima segunda-feira, 11, policiais militares do 1\u00ba Pelot\u00e3o\/ Nova Soure-BA, foram informados de um homic\u00eddio ocorrido na noite anterior, numa localidade conhecida como Cajueirinho, no referido munic\u00edpio.<\/p>\n","protected":false},"author":2,"featured_media":8020,"comment_status":"closed","ping_status":"open","sticky":false,"template":"","format":"standard","meta":{"om_disable_all_campaigns":false,"_monsterinsights_skip_tracking":false,"_monsterinsights_sitenote_active":false,"_monsterinsights_sitenote_note":"","_monsterinsights_sitenote_category":0,"footnotes":""},"categories":[70,69,14,32,22],"tags":[492,206,106,139],"class_list":["post-8019","post","type-post","status-publish","format-standard","has-post-thumbnail","hentry","category-destaques","category-noticias2","category-nova-soure","category-regiao","category-seguranca","tag-facada","tag-homicidio","tag-nova-soure","tag-zona-rural"],"aioseo_notices":[],"_links":{"self":[{"href":"https:\/\/www.portalalerta.com.br\/index.php\/wp-json\/wp\/v2\/posts\/8019","targetHints":{"allow":["GET"]}}],"collection":[{"href":"https:\/\/www.portalalerta.com.br\/index.php\/wp-json\/wp\/v2\/posts"}],"about":[{"href":"https:\/\/www.portalalerta.com.br\/index.php\/wp-json\/wp\/v2\/types\/post"}],"author":[{"embeddable":true,"href":"https:\/\/www.portalalerta.com.br\/index.php\/wp-json\/wp\/v2\/users\/2"}],"replies":[{"embeddable":true,"href":"https:\/\/www.portalalerta.com.br\/index.php\/wp-json\/wp\/v2\/comments?post=8019"}],"version-history":[{"count":0,"href":"https:\/\/www.portalalerta.com.br\/index.php\/wp-json\/wp\/v2\/posts\/8019\/revisions"}],"wp:featuredmedia":[{"embeddable":true,"href":"https:\/\/www.portalalerta.com.br\/index.php\/wp-json\/wp\/v2\/media\/8020"}],"wp:attachment":[{"href":"https:\/\/www.portalalerta.com.br\/index.php\/wp-json\/wp\/v2\/media?parent=8019"}],"wp:term":[{"taxonomy":"category","embeddable":true,"href":"https:\/\/www.portalalerta.com.br\/index.php\/wp-json\/wp\/v2\/categories?post=8019"},{"taxonomy":"post_tag","embeddable":true,"href":"https:\/\/www.portalalerta.com.br\/index.php\/wp-json\/wp\/v2\/tags?post=8019"}],"curies":[{"name":"wp","href":"https:\/\/api.w.org\/{rel}","templated":true}]}}