{"id":81183,"date":"2026-08-31T22:40:56","date_gmt":"2026-09-01T01:40:56","guid":{"rendered":"https:\/\/www.portalalerta.com.br\/?p=81183"},"modified":"2026-08-31T22:40:58","modified_gmt":"2026-09-01T01:40:58","slug":"ricardo-maia-anuncia-licitacao-para-asfalto-entre-ribeira-do-pombal-e-povoado-poco-para-setembro","status":"publish","type":"post","link":"https:\/\/www.portalalerta.com.br\/index.php\/2026\/08\/31\/ricardo-maia-anuncia-licitacao-para-asfalto-entre-ribeira-do-pombal-e-povoado-poco-para-setembro\/","title":{"rendered":"Ricardo Maia anuncia licita\u00e7\u00e3o para asfalto entre Ribeira do Pombal e povoado Po\u00e7o para setembro"},"content":{"rendered":"\n<p>Um ato pol\u00edtico convocado pelo prefeito Erickson Silva movimentou a zona rural de Ribeira do Pombal neste domingo (30). Uma carreata percorreu os povoados Barra Vermelha, Po\u00e7o e<\/p>\n\n\n\n<!--more-->\n\n\n\n<p>Deputado federal afirmou, durante ato pol\u00edtico realizado neste domingo, que os recursos j\u00e1 est\u00e3o alocados e que projeto encaminhado pela Prefeitura aguarda an\u00e1lise da Caixa Econ\u00f4mica Federal<\/p>\n\n\n\n<p>Um ato pol\u00edtico convocado pelo prefeito Erickson Silva movimentou a zona rural de Ribeira do Pombal neste domingo (30). Uma carreata percorreu os povoados Barra Vermelha, Po\u00e7o e Ver\u00edssimo, reunindo lideran\u00e7as pol\u00edticas e apoiadores.<\/p>\n\n\n\n<p>Durante o ato, o deputado federal Ricardo Maia, que concorre \u00e0 reelei\u00e7\u00e3o, anunciou uma previs\u00e3o para o in\u00edcio de uma das obras mais aguardadas pelos moradores da regi\u00e3o: a pavimenta\u00e7\u00e3o asf\u00e1ltica da estrada que liga a sede de Ribeira do Pombal ao povoado Po\u00e7o.<\/p>\n\n\n\n<p>Em seu discurso, Ricardo Maia afirmou que a licita\u00e7\u00e3o para a obra dever\u00e1 ser realizada j\u00e1 no m\u00eas de setembro. Segundo o deputado, os recursos necess\u00e1rios para a interven\u00e7\u00e3o j\u00e1 est\u00e3o alocados.<\/p>\n\n\n\n<p>Ainda de acordo com Maia, o projeto elaborado pela Prefeitura de Ribeira do Pombal j\u00e1 foi encaminhado \u00e0 Caixa Econ\u00f4mica Federal e, neste momento, aguarda as etapas de an\u00e1lise e aprova\u00e7\u00e3o necess\u00e1rias para que o processo licitat\u00f3rio seja divulgado.<\/p>\n\n\n\n<p>Ap\u00f3s a conclus\u00e3o dessas etapas, a expectativa \u00e9 de que seja realizada a licita\u00e7\u00e3o e, posteriormente, iniciada a execu\u00e7\u00e3o da obra.<\/p>\n\n\n\n<p>A pavimenta\u00e7\u00e3o do trecho entre a sede e o povoado Po\u00e7o \u00e9 uma antiga reivindica\u00e7\u00e3o dos moradores da regi\u00e3o e dever\u00e1 melhorar as condi\u00e7\u00f5es de deslocamento, especialmente para quem utiliza diariamente a estrada para acessar Ribeira do Pombal.<\/p>\n\n\n\n<p>O an\u00fancio feito pelo deputado durante a carreata coloca setembro como um m\u00eas decisivo para o avan\u00e7o do projeto, caso sejam cumpridas as etapas previstas junto \u00e0 Caixa Econ\u00f4mica Federal.<\/p>\n\n\n\n<p><em>Fonte: Dia a Dia Nordeste<\/em><\/p>\n","protected":false},"excerpt":{"rendered":"<p>Um ato pol\u00edtico convocado pelo prefeito Erickson Silva movimentou a zona rural de Ribeira do Pombal neste domingo (30). Uma carreata percorreu os povoados Barra Vermelha, Po\u00e7o e<\/p>\n","protected":false},"author":2,"featured_media":81182,"comment_status":"open","ping_status":"open","sticky":false,"template":"","format":"standard","meta":{"om_disable_all_campaigns":false,"_monsterinsights_skip_tracking":false,"_monsterinsights_sitenote_active":false,"_monsterinsights_sitenote_note":"","_monsterinsights_sitenote_category":0,"footnotes":""},"categories":[70,69,21,32,3],"tags":[100,71,48,75,4178,4180,215,129,107,4181,132,230,106,203,120,51,6885,109,88,47,146,111,190],"class_list":["post-81183","post","type-post","status-publish","format-standard","has-post-thumbnail","hentry","category-destaques","category-noticias2","category-politica","category-regiao","category-ribeira-do-pombal","tag-adustina","tag-antas","tag-araci","tag-cicero-dantas","tag-cipo-2","tag-crisopolis-2","tag-deputado-federal","tag-euclides-da-cunha","tag-fatima","tag-heliopolis-2","tag-itapicuru","tag-jeremoabo","tag-nova-soure","tag-novo-triunfo","tag-olindina","tag-paripiranga","tag-pavimentacao-asfaltica","tag-quijingue","tag-ribeira-do-amparo","tag-ribeira-do-pombal","tag-ricardo-maia","tag-sitio-do-quinto","tag-tucano"],"aioseo_notices":[],"_links":{"self":[{"href":"https:\/\/www.portalalerta.com.br\/index.php\/wp-json\/wp\/v2\/posts\/81183","targetHints":{"allow":["GET"]}}],"collection":[{"href":"https:\/\/www.portalalerta.com.br\/index.php\/wp-json\/wp\/v2\/posts"}],"about":[{"href":"https:\/\/www.portalalerta.com.br\/index.php\/wp-json\/wp\/v2\/types\/post"}],"author":[{"embeddable":true,"href":"https:\/\/www.portalalerta.com.br\/index.php\/wp-json\/wp\/v2\/users\/2"}],"replies":[{"embeddable":true,"href":"https:\/\/www.portalalerta.com.br\/index.php\/wp-json\/wp\/v2\/comments?post=81183"}],"version-history":[{"count":1,"href":"https:\/\/www.portalalerta.com.br\/index.php\/wp-json\/wp\/v2\/posts\/81183\/revisions"}],"predecessor-version":[{"id":81184,"href":"https:\/\/www.portalalerta.com.br\/index.php\/wp-json\/wp\/v2\/posts\/81183\/revisions\/81184"}],"wp:featuredmedia":[{"embeddable":true,"href":"https:\/\/www.portalalerta.com.br\/index.php\/wp-json\/wp\/v2\/media\/81182"}],"wp:attachment":[{"href":"https:\/\/www.portalalerta.com.br\/index.php\/wp-json\/wp\/v2\/media?parent=81183"}],"wp:term":[{"taxonomy":"category","embeddable":true,"href":"https:\/\/www.portalalerta.com.br\/index.php\/wp-json\/wp\/v2\/categories?post=81183"},{"taxonomy":"post_tag","embeddable":true,"href":"https:\/\/www.portalalerta.com.br\/index.php\/wp-json\/wp\/v2\/tags?post=81183"}],"curies":[{"name":"wp","href":"https:\/\/api.w.org\/{rel}","templated":true}]}}