{"id":81193,"date":"2026-08-31T22:54:40","date_gmt":"2026-09-01T01:54:40","guid":{"rendered":"https:\/\/www.portalalerta.com.br\/?p=81193"},"modified":"2026-08-31T22:54:41","modified_gmt":"2026-09-01T01:54:41","slug":"camara-de-ribeira-do-amparo-convoca-vereadores-para-eleicao-da-mesa-diretora-para-2027-e-2028","status":"publish","type":"post","link":"https:\/\/www.portalalerta.com.br\/index.php\/2026\/08\/31\/camara-de-ribeira-do-amparo-convoca-vereadores-para-eleicao-da-mesa-diretora-para-2027-e-2028\/","title":{"rendered":"C\u00e2mara de Ribeira do Amparo convoca vereadores para elei\u00e7\u00e3o da Mesa Diretora para 2027 e 2028"},"content":{"rendered":"\n<p><strong>A C\u00e2mara Municipal de Ribeira do Amparo realiza nesta ter\u00e7a-feira, 1\u00ba de setembro, a elei\u00e7\u00e3o da Mesa Diretora que comandar\u00e1 o Legislativo durante o bi\u00eanio 2027\/2028.<\/strong><\/p>\n\n\n\n<!--more-->\n\n\n\n<p><strong>A C\u00e2mara Municipal de Ribeira do Amparo publicou nesta segunda-feira (31) o Edital de Convoca\u00e7\u00e3o n\u00ba 001\/2026, que estabelece as regras para a elei\u00e7\u00e3o da nova Mesa Diretora da Casa Legislativa para o bi\u00eanio 2027\/2028.<\/strong><\/p>\n\n\n<div class=\"wp-block-image\">\n<figure class=\"alignleft size-large is-resized\"><img fetchpriority=\"high\" decoding=\"async\" width=\"819\" height=\"1024\" src=\"https:\/\/www.portalalerta.com.br\/wp-content\/uploads\/2026\/08\/Setembro-Amarelo-Real-2026-819x1024.jpg\" alt=\"\" class=\"wp-image-81187\" style=\"width:435px\" srcset=\"https:\/\/www.portalalerta.com.br\/wp-content\/uploads\/2026\/08\/Setembro-Amarelo-Real-2026-819x1024.jpg 819w, https:\/\/www.portalalerta.com.br\/wp-content\/uploads\/2026\/08\/Setembro-Amarelo-Real-2026-192x240.jpg 192w, https:\/\/www.portalalerta.com.br\/wp-content\/uploads\/2026\/08\/Setembro-Amarelo-Real-2026-768x960.jpg 768w, https:\/\/www.portalalerta.com.br\/wp-content\/uploads\/2026\/08\/Setembro-Amarelo-Real-2026.jpg 1024w\" sizes=\"(max-width: 819px) 100vw, 819px\" \/><\/figure><\/div>\n\n\n<p><strong>A elei\u00e7\u00e3o est\u00e1 marcada para esta ter\u00e7a-feira, 1\u00ba de setembro de 2026, \u00e0s 17h, durante Sess\u00e3o Plen\u00e1ria na sede da C\u00e2mara Municipal. Conforme o edital, a sess\u00e3o ter\u00e1 como finalidade espec\u00edfica a escolha dos vereadores que ir\u00e3o integrar a Mesa Diretora no pr\u00f3ximo per\u00edodo.<\/strong><\/p>\n\n\n\n<p><strong>Os vereadores interessados em disputar os cargos dever\u00e3o atender aos requisitos previstos na legisla\u00e7\u00e3o e no Regimento Interno da C\u00e2mara. As chapas dever\u00e3o ser inscritas junto \u00e0 Secretaria da Casa at\u00e9 as 16h do pr\u00f3prio dia 1\u00ba de setembro, por meio de requerimento dirigido \u00e0 Presid\u00eancia.<\/strong><\/p>\n\n\n\n<p><strong>Vota\u00e7\u00e3o seguir\u00e1 Regimento Interno<\/strong><\/p>\n\n\n\n<p><strong>A escolha dos integrantes da Mesa Diretora ser\u00e1 realizada por vota\u00e7\u00e3o dos vereadores, seguindo os procedimentos estabelecidos pelo Regimento Interno da C\u00e2mara Municipal.<\/strong><\/p>\n\n\n\n<p><strong>Ser\u00e3o considerados eleitos os candidatos que alcan\u00e7arem a maioria exigida pelas normas regimentais para cada cargo.<\/strong><\/p>\n\n\n\n<p><strong>A Mesa Diretora possui papel central no funcionamento do Legislativo municipal, sendo respons\u00e1vel pela condu\u00e7\u00e3o dos trabalhos da C\u00e2mara e pela organiza\u00e7\u00e3o das atividades administrativas e parlamentares da Casa.<\/strong><\/p>\n\n\n\n<p><strong>Mandato come\u00e7a em janeiro de 2027<\/strong><\/p>\n\n\n\n<p><strong>Os vereadores escolhidos para compor a nova Mesa Diretora tomar\u00e3o posse automaticamente em 1\u00ba de janeiro de 2027. O mandato ter\u00e1 dura\u00e7\u00e3o de dois anos, com encerramento previsto para 31 de dezembro de 2028.<\/strong><\/p>\n\n\n\n<p><strong>O Edital de Convoca\u00e7\u00e3o n\u00ba 001\/2026 \u00e9 assinado pelo presidente da C\u00e2mara Municipal de Ribeira do Amparo, Ant\u00f4nio Jorge Cerqueira, juntamente com os demais integrantes da atual Mesa Diretora.<\/strong><\/p>\n\n\n\n<p><strong>A publica\u00e7\u00e3o consta no Di\u00e1rio Oficial da C\u00e2mara, edi\u00e7\u00e3o n\u00ba 074, de 31 de agosto de 2026.<\/strong><\/p>\n\n\n\n<p><em>Fonte: Dia a Dia Nordeste<\/em><\/p>\n","protected":false},"excerpt":{"rendered":"<p>A C\u00e2mara Municipal de Ribeira do Amparo realiza nesta ter\u00e7a-feira, 1\u00ba de setembro, a elei\u00e7\u00e3o da Mesa Diretora que comandar\u00e1 o Legislativo durante o bi\u00eanio 2027\/2028.<\/p>\n","protected":false},"author":2,"featured_media":81188,"comment_status":"open","ping_status":"open","sticky":false,"template":"","format":"standard","meta":{"om_disable_all_campaigns":false,"_monsterinsights_skip_tracking":false,"_monsterinsights_sitenote_active":false,"_monsterinsights_sitenote_note":"","_monsterinsights_sitenote_category":0,"footnotes":""},"categories":[70,69,21,32,16],"tags":[100,71,48,211,75,4178,4180,9017,6038,129,107,4181,132,230,106,203,120,51,109,88,47,111,190],"class_list":["post-81193","post","type-post","status-publish","format-standard","has-post-thumbnail","hentry","category-destaques","category-noticias2","category-politica","category-regiao","category-ribeira-do-amparo","tag-adustina","tag-antas","tag-araci","tag-camara-de-vereadores","tag-cicero-dantas","tag-cipo-2","tag-crisopolis-2","tag-eleicao-da-camara","tag-eleicoes-2026","tag-euclides-da-cunha","tag-fatima","tag-heliopolis-2","tag-itapicuru","tag-jeremoabo","tag-nova-soure","tag-novo-triunfo","tag-olindina","tag-paripiranga","tag-quijingue","tag-ribeira-do-amparo","tag-ribeira-do-pombal","tag-sitio-do-quinto","tag-tucano"],"aioseo_notices":[],"_links":{"self":[{"href":"https:\/\/www.portalalerta.com.br\/index.php\/wp-json\/wp\/v2\/posts\/81193","targetHints":{"allow":["GET"]}}],"collection":[{"href":"https:\/\/www.portalalerta.com.br\/index.php\/wp-json\/wp\/v2\/posts"}],"about":[{"href":"https:\/\/www.portalalerta.com.br\/index.php\/wp-json\/wp\/v2\/types\/post"}],"author":[{"embeddable":true,"href":"https:\/\/www.portalalerta.com.br\/index.php\/wp-json\/wp\/v2\/users\/2"}],"replies":[{"embeddable":true,"href":"https:\/\/www.portalalerta.com.br\/index.php\/wp-json\/wp\/v2\/comments?post=81193"}],"version-history":[{"count":1,"href":"https:\/\/www.portalalerta.com.br\/index.php\/wp-json\/wp\/v2\/posts\/81193\/revisions"}],"predecessor-version":[{"id":81195,"href":"https:\/\/www.portalalerta.com.br\/index.php\/wp-json\/wp\/v2\/posts\/81193\/revisions\/81195"}],"wp:featuredmedia":[{"embeddable":true,"href":"https:\/\/www.portalalerta.com.br\/index.php\/wp-json\/wp\/v2\/media\/81188"}],"wp:attachment":[{"href":"https:\/\/www.portalalerta.com.br\/index.php\/wp-json\/wp\/v2\/media?parent=81193"}],"wp:term":[{"taxonomy":"category","embeddable":true,"href":"https:\/\/www.portalalerta.com.br\/index.php\/wp-json\/wp\/v2\/categories?post=81193"},{"taxonomy":"post_tag","embeddable":true,"href":"https:\/\/www.portalalerta.com.br\/index.php\/wp-json\/wp\/v2\/tags?post=81193"}],"curies":[{"name":"wp","href":"https:\/\/api.w.org\/{rel}","templated":true}]}}