{"id":81199,"date":"2026-09-01T09:00:00","date_gmt":"2026-09-01T12:00:00","guid":{"rendered":"https:\/\/www.portalalerta.com.br\/?p=81199"},"modified":"2026-09-01T10:27:58","modified_gmt":"2026-09-01T13:27:58","slug":"saiba-quem-e-david-correa-atacante-do-vasco-alvo-de-operacao-contra-trafico-de-drogas-e-armas","status":"publish","type":"post","link":"https:\/\/www.portalalerta.com.br\/index.php\/2026\/09\/01\/saiba-quem-e-david-correa-atacante-do-vasco-alvo-de-operacao-contra-trafico-de-drogas-e-armas\/","title":{"rendered":"Saiba quem \u00e9 David Corr\u00eaa, atacante do Vasco alvo de opera\u00e7\u00e3o contra tr\u00e1fico de drogas e armas"},"content":{"rendered":"\n<p><strong>Conhecido como DVD, jogador de 30 anos passou pelo Vit\u00f3ria e construiu carreira em clubes como Cruzeiro, Fortaleza, Internacional e S\u00e3o Paulo<\/strong><\/p>\n\n\n\n<!--more-->\n\n\n\n<p><strong>O atacante David Corr\u00eaa, conhecido como DVD e atualmente jogador do Vasco da Gama, foi alvo de mandados de busca e apreens\u00e3o nesta segunda-feira (31), durante a Opera\u00e7\u00e3o A Tropa, que investiga um esquema de tr\u00e1fico interestadual de drogas e armas e lavagem de dinheiro.&nbsp;O lateral direito Hayner, revelado pelo Bahia, que atualmente est\u00e1 emprestado pelo Santos ao Vila Nova, tamb\u00e9m foi alvo da investiga\u00e7\u00e3o.<\/strong><\/p>\n\n\n\n<p><strong>Natural de Serra, no Esp\u00edrito Santo, David Corr\u00eaa da Fonseca tem 30 anos e construiu sua carreira com passagens por alguns dos principais clubes do futebol brasileiro. Revelado nas categorias de base do Rio Branco-ES, foi no Vit\u00f3ria que o atacante ganhou proje\u00e7\u00e3o nacional.<\/strong><\/p>\n\n\n<div class=\"wp-block-image\">\n<figure class=\"alignleft size-large is-resized\"><img fetchpriority=\"high\" decoding=\"async\" width=\"819\" height=\"1024\" src=\"https:\/\/www.portalalerta.com.br\/wp-content\/uploads\/2026\/08\/Setembro-Amarelo-Real-2026-819x1024.jpg\" alt=\"\" class=\"wp-image-81187\" style=\"width:435px\" srcset=\"https:\/\/www.portalalerta.com.br\/wp-content\/uploads\/2026\/08\/Setembro-Amarelo-Real-2026-819x1024.jpg 819w, https:\/\/www.portalalerta.com.br\/wp-content\/uploads\/2026\/08\/Setembro-Amarelo-Real-2026-192x240.jpg 192w, https:\/\/www.portalalerta.com.br\/wp-content\/uploads\/2026\/08\/Setembro-Amarelo-Real-2026-768x960.jpg 768w, https:\/\/www.portalalerta.com.br\/wp-content\/uploads\/2026\/08\/Setembro-Amarelo-Real-2026.jpg 1024w\" sizes=\"(max-width: 819px) 100vw, 819px\" \/><\/figure><\/div>\n\n\n<p><strong>David chegou ao time profissional rubro-negro e defendeu o clube baiano entre 2015 e 2017. Durante o per\u00edodo, disputou 110 partidas, marcou 16 gols e distribuiu oito assist\u00eancias.<\/strong><\/p>\n\n\n\n<p><strong>O desempenho chamou a aten\u00e7\u00e3o do Cruzeiro, clube para o qual se transferiu posteriormente. Em Minas Gerais, conquistou dois Campeonatos Mineiros, em 2018 e 2019, al\u00e9m da Copa do Brasil de 2018.<\/strong><\/p>\n\n\n\n<p><strong>Passagens por Fortaleza, S\u00e3o Paulo e Vasco<\/strong><\/p>\n\n\n\n<p><strong>Em 2020, David acertou com o Fortaleza, onde viveu um dos melhores momentos da carreira. Pelo clube cearense, foram 112 jogos, 25 gols e 12 assist\u00eancias, al\u00e9m dos t\u00edtulos do Campeonato Cearense em 2020 e 2021.<\/strong><\/p>\n\n\n\n<p><strong>O desempenho levou o atacante ao Internacional, em 2022. No ano seguinte, foi emprestado ao S\u00e3o Paulo e integrou o elenco campe\u00e3o da Copa do Brasil de 2023. Durante a competi\u00e7\u00e3o, marcou um gol decisivo no cl\u00e1ssico contra o Palmeiras que garantiu a classifica\u00e7\u00e3o da equipe para a semifinal.<\/strong><\/p>\n\n\n\n<p><strong>Em 2024, chegou ao Vasco inicialmente por empr\u00e9stimo junto ao Internacional. Posteriormente, o clube carioca acertou a compra definitiva do jogador.<\/strong><\/p>\n\n\n\n<p><strong>Com a camisa cruzmaltina, David soma 107 partidas, 13 gols e dez assist\u00eancias. Sua \u00faltima atua\u00e7\u00e3o foi no s\u00e1bado (29), diante do Cruzeiro, pelo Campeonato Brasileiro, quando marcou um dos gols da vit\u00f3ria do Vasco por 3 a 1.<\/strong><\/p>\n\n\n\n<p><strong>Nesta segunda-feira, agentes cumpriram mandados de busca na casa do jogador, na Barra da Tijuca, e tamb\u00e9m no centro de treinamento do Vasco, em Jacarepagu\u00e1. A investiga\u00e7\u00e3o \u00e9 conduzida pela Pol\u00edcia Civil do Esp\u00edrito Santo e apura poss\u00edveis envolvimentos de atletas profissionais e empres\u00e1rios com o grupo criminoso investigado.&nbsp;David, segundo o Globo Esporte, prestou depoimento em delegacia no Leblon, retornou para o CT Moacyr Barbosa e seguiu com suas atividades de treino normalmente.&nbsp;<\/strong><\/p>\n\n\n\n<p><strong>Em nota, o Vasco afirmou que est\u00e1 colaborando com as autoridades e aguarda a conclus\u00e3o das investiga\u00e7\u00f5es.<\/strong><\/p>\n\n\n\n<p><em>Fonte: Metro 1<\/em><\/p>\n","protected":false},"excerpt":{"rendered":"<p>Conhecido como DVD, jogador de 30 anos passou pelo Vit\u00f3ria e construiu carreira em clubes como Cruzeiro, Fortaleza, Internacional e S\u00e3o Paulo<\/p>\n","protected":false},"author":2,"featured_media":81191,"comment_status":"open","ping_status":"open","sticky":false,"template":"","format":"standard","meta":{"om_disable_all_campaigns":false,"_monsterinsights_skip_tracking":false,"_monsterinsights_sitenote_active":false,"_monsterinsights_sitenote_note":"","_monsterinsights_sitenote_category":0,"footnotes":""},"categories":[34,70,2,69,22],"tags":[100,71,48,93,75,45,46,9018,129,107,97,44,132,230,106,203,120,51,77,109,88,47,111,651,76,190,2333],"class_list":["post-81199","post","type-post","status-publish","format-standard","has-post-thumbnail","hentry","category-brasil","category-destaques","category-esportes","category-noticias2","category-seguranca","tag-adustina","tag-antas","tag-araci","tag-brasil","tag-cicero-dantas","tag-cipo","tag-crisopolis","tag-david-correia","tag-euclides-da-cunha","tag-fatima","tag-futebol","tag-heliopolis","tag-itapicuru","tag-jeremoabo","tag-nova-soure","tag-novo-triunfo","tag-olindina","tag-paripiranga","tag-preso","tag-quijingue","tag-ribeira-do-amparo","tag-ribeira-do-pombal","tag-sitio-do-quinto","tag-trafico-de-armas","tag-trafico-de-drogas","tag-tucano","tag-vasco-da-gama"],"aioseo_notices":[],"_links":{"self":[{"href":"https:\/\/www.portalalerta.com.br\/index.php\/wp-json\/wp\/v2\/posts\/81199","targetHints":{"allow":["GET"]}}],"collection":[{"href":"https:\/\/www.portalalerta.com.br\/index.php\/wp-json\/wp\/v2\/posts"}],"about":[{"href":"https:\/\/www.portalalerta.com.br\/index.php\/wp-json\/wp\/v2\/types\/post"}],"author":[{"embeddable":true,"href":"https:\/\/www.portalalerta.com.br\/index.php\/wp-json\/wp\/v2\/users\/2"}],"replies":[{"embeddable":true,"href":"https:\/\/www.portalalerta.com.br\/index.php\/wp-json\/wp\/v2\/comments?post=81199"}],"version-history":[{"count":1,"href":"https:\/\/www.portalalerta.com.br\/index.php\/wp-json\/wp\/v2\/posts\/81199\/revisions"}],"predecessor-version":[{"id":81200,"href":"https:\/\/www.portalalerta.com.br\/index.php\/wp-json\/wp\/v2\/posts\/81199\/revisions\/81200"}],"wp:featuredmedia":[{"embeddable":true,"href":"https:\/\/www.portalalerta.com.br\/index.php\/wp-json\/wp\/v2\/media\/81191"}],"wp:attachment":[{"href":"https:\/\/www.portalalerta.com.br\/index.php\/wp-json\/wp\/v2\/media?parent=81199"}],"wp:term":[{"taxonomy":"category","embeddable":true,"href":"https:\/\/www.portalalerta.com.br\/index.php\/wp-json\/wp\/v2\/categories?post=81199"},{"taxonomy":"post_tag","embeddable":true,"href":"https:\/\/www.portalalerta.com.br\/index.php\/wp-json\/wp\/v2\/tags?post=81199"}],"curies":[{"name":"wp","href":"https:\/\/api.w.org\/{rel}","templated":true}]}}