{"id":81203,"date":"2026-09-01T09:02:00","date_gmt":"2026-09-01T12:02:00","guid":{"rendered":"https:\/\/www.portalalerta.com.br\/?p=81203"},"modified":"2026-08-31T23:17:20","modified_gmt":"2026-09-01T02:17:20","slug":"bruno-dantas-formaliza-saida-do-tcu-e-abre-caminho-para-indicacao-de-rodrigo-pacheco","status":"publish","type":"post","link":"https:\/\/www.portalalerta.com.br\/index.php\/2026\/09\/01\/bruno-dantas-formaliza-saida-do-tcu-e-abre-caminho-para-indicacao-de-rodrigo-pacheco\/","title":{"rendered":"Bruno Dantas formaliza sa\u00edda do TCU e abre caminho para indica\u00e7\u00e3o de Rodrigo Pacheco"},"content":{"rendered":"\n<p><strong>Ministro deixar\u00e1 o cargo a partir de 9 de setembro; vaga \u00e9 de indica\u00e7\u00e3o do Senado e deve ser articulada por Davi Alcolumbre<\/strong><\/p>\n\n\n\n<!--more-->\n\n\n\n<p><strong>O ministro do Tribunal de Contas da Uni\u00e3o (TCU) Bruno Dantas formalizou, nesta segunda-feira (31), sua sa\u00edda da Corte. Em of\u00edcio encaminhado ao presidente do tribunal, Vital do R\u00eago Filho, Dantas afirmou que a decis\u00e3o de renunciar foi tomada em \u201ccar\u00e1ter irretrat\u00e1vel\u201d e solicitou que sua exonera\u00e7\u00e3o passe a valer a partir de 9 de setembro.<\/strong><\/p>\n\n\n\n<p><strong>Em nota e v\u00eddeo divulgados nesta segunda, o ministro afirmou que deixa o cargo para se dedicar a \u201cnovos projetos\u201d e disse encerrar um ciclo de quase tr\u00eas d\u00e9cadas no servi\u00e7o p\u00fablico.<\/strong><\/p>\n\n\n\n<p><strong>\u201cEncerro este ciclo com a serenidade de quem cumpriu, com lealdade e dedica\u00e7\u00e3o, todos os mandatos que me foram confiados. E com a convic\u00e7\u00e3o republicana de que a rotatividade nos altos cargos do pa\u00eds \u00e9 uma virtude. As institui\u00e7\u00f5es se fortalecem quando seus quadros sabem chegar e sabem partir\u201d, declarou.<\/strong><\/p>\n\n\n<div class=\"wp-block-image\">\n<figure class=\"alignleft size-large is-resized\"><img fetchpriority=\"high\" decoding=\"async\" width=\"819\" height=\"1024\" src=\"https:\/\/www.portalalerta.com.br\/wp-content\/uploads\/2026\/08\/Setembro-Amarelo-Real-2026-819x1024.jpg\" alt=\"\" class=\"wp-image-81187\" style=\"width:435px\" srcset=\"https:\/\/www.portalalerta.com.br\/wp-content\/uploads\/2026\/08\/Setembro-Amarelo-Real-2026-819x1024.jpg 819w, https:\/\/www.portalalerta.com.br\/wp-content\/uploads\/2026\/08\/Setembro-Amarelo-Real-2026-192x240.jpg 192w, https:\/\/www.portalalerta.com.br\/wp-content\/uploads\/2026\/08\/Setembro-Amarelo-Real-2026-768x960.jpg 768w, https:\/\/www.portalalerta.com.br\/wp-content\/uploads\/2026\/08\/Setembro-Amarelo-Real-2026.jpg 1024w\" sizes=\"(max-width: 819px) 100vw, 819px\" \/><\/figure><\/div>\n\n\n<p><strong>Dantas afirmou ainda que, aos 48 anos, decidiu buscar \u201cnovos desafios\u201d depois de presidir o Tribunal de Contas da Uni\u00e3o em um per\u00edodo que classificou como de grande proje\u00e7\u00e3o institucional.<\/strong><\/p>\n\n\n\n<p><strong>A vaga ocupada por Dantas \u00e9 de indica\u00e7\u00e3o do Senado Federal. Com a sa\u00edda formalizada, o presidente da Casa, Davi Alcolumbre, deve articular a indica\u00e7\u00e3o do senador Rodrigo Pacheco (PSD-MG) para o posto.<\/strong><\/p>\n\n\n\n<p><strong>Segundo interlocutores de Alcolumbre, o presidente do Senado aguardava apenas a oficializa\u00e7\u00e3o da decis\u00e3o de Bruno Dantas para avan\u00e7ar na articula\u00e7\u00e3o.<\/strong><\/p>\n\n\n\n<p><strong>Reaproxima\u00e7\u00e3o entre Lula e Alcolumbre<\/strong><\/p>\n\n\n\n<p><strong>Alcolumbre defendia anteriormente a indica\u00e7\u00e3o de Rodrigo Pacheco para o Supremo Tribunal Federal (STF), na vaga aberta pela aposentadoria do ministro Lu\u00eds Roberto Barroso. O presidente Luiz In\u00e1cio Lula da Silva (PT), no entanto, indicou o advogado-geral da Uni\u00e3o, Jorge Messias, cujo nome acabou rejeitado pelo Senado.<\/strong><\/p>\n\n\n\n<p><strong>O epis\u00f3dio provocou um rompimento entre Lula e Alcolumbre. Em agosto, por\u00e9m, os dois retomaram o di\u00e1logo e se reconciliaram.<\/strong><\/p>\n\n\n\n<p><strong>A reaproxima\u00e7\u00e3o ocorre em meio \u00e0 articula\u00e7\u00e3o de propostas priorit\u00e1rias do governo no Congresso, como a PEC do fim da escala 6&#215;1, a PEC da Seguran\u00e7a P\u00fablica e a medida provis\u00f3ria que trata do fim da chamada taxa das blusinhas.<\/strong><\/p>\n\n\n\n<p><strong>Pacheco desistiu de disputar cargos eletivos neste ano. O senador chegou a ser cogitado por Lula como candidato ao governo de Minas Gerais, mas n\u00e3o aceitou a possibilidade.<\/strong><\/p>\n\n\n\n<p><strong>Em seu of\u00edcio, Bruno Dantas afirma que a decis\u00e3o de deixar o TCU \u00e9 \u201cpessoal e volunt\u00e1ria\u201d e foi amadurecida ao longo dos \u00faltimos meses.<\/strong><\/p>\n\n\n\n<p><em>Fonte: Metro 1<\/em><\/p>\n","protected":false},"excerpt":{"rendered":"<p>Ministro deixar\u00e1 o cargo a partir de 9 de setembro; vaga \u00e9 de indica\u00e7\u00e3o do Senado e deve ser articulada por Davi Alcolumbre<\/p>\n","protected":false},"author":2,"featured_media":81194,"comment_status":"open","ping_status":"open","sticky":false,"template":"","format":"standard","meta":{"om_disable_all_campaigns":false,"_monsterinsights_skip_tracking":false,"_monsterinsights_sitenote_active":false,"_monsterinsights_sitenote_note":"","_monsterinsights_sitenote_category":0,"footnotes":""},"categories":[34,70,69,21],"tags":[100,71,48,9019,75,4178,4180,129,107,4181,132,230,106,203,120,51,109,88,47,4199,235,111,1317,190],"class_list":["post-81203","post","type-post","status-publish","format-standard","has-post-thumbnail","hentry","category-brasil","category-destaques","category-noticias2","category-politica","tag-adustina","tag-antas","tag-araci","tag-bruno-dantas","tag-cicero-dantas","tag-cipo-2","tag-crisopolis-2","tag-euclides-da-cunha","tag-fatima","tag-heliopolis-2","tag-itapicuru","tag-jeremoabo","tag-nova-soure","tag-novo-triunfo","tag-olindina","tag-paripiranga","tag-quijingue","tag-ribeira-do-amparo","tag-ribeira-do-pombal","tag-rodrigo-pacheco","tag-senado-federal","tag-sitio-do-quinto","tag-tcu","tag-tucano"],"aioseo_notices":[],"_links":{"self":[{"href":"https:\/\/www.portalalerta.com.br\/index.php\/wp-json\/wp\/v2\/posts\/81203","targetHints":{"allow":["GET"]}}],"collection":[{"href":"https:\/\/www.portalalerta.com.br\/index.php\/wp-json\/wp\/v2\/posts"}],"about":[{"href":"https:\/\/www.portalalerta.com.br\/index.php\/wp-json\/wp\/v2\/types\/post"}],"author":[{"embeddable":true,"href":"https:\/\/www.portalalerta.com.br\/index.php\/wp-json\/wp\/v2\/users\/2"}],"replies":[{"embeddable":true,"href":"https:\/\/www.portalalerta.com.br\/index.php\/wp-json\/wp\/v2\/comments?post=81203"}],"version-history":[{"count":1,"href":"https:\/\/www.portalalerta.com.br\/index.php\/wp-json\/wp\/v2\/posts\/81203\/revisions"}],"predecessor-version":[{"id":81204,"href":"https:\/\/www.portalalerta.com.br\/index.php\/wp-json\/wp\/v2\/posts\/81203\/revisions\/81204"}],"wp:featuredmedia":[{"embeddable":true,"href":"https:\/\/www.portalalerta.com.br\/index.php\/wp-json\/wp\/v2\/media\/81194"}],"wp:attachment":[{"href":"https:\/\/www.portalalerta.com.br\/index.php\/wp-json\/wp\/v2\/media?parent=81203"}],"wp:term":[{"taxonomy":"category","embeddable":true,"href":"https:\/\/www.portalalerta.com.br\/index.php\/wp-json\/wp\/v2\/categories?post=81203"},{"taxonomy":"post_tag","embeddable":true,"href":"https:\/\/www.portalalerta.com.br\/index.php\/wp-json\/wp\/v2\/tags?post=81203"}],"curies":[{"name":"wp","href":"https:\/\/api.w.org\/{rel}","templated":true}]}}