{"id":81209,"date":"2026-09-01T16:00:00","date_gmt":"2026-09-01T19:00:00","guid":{"rendered":"https:\/\/www.portalalerta.com.br\/?p=81209"},"modified":"2026-09-01T12:14:59","modified_gmt":"2026-09-01T15:14:59","slug":"mp-pede-investigacao-sobre-emenda-pix-paga-a-cunhado-de-deputado","status":"publish","type":"post","link":"https:\/\/www.portalalerta.com.br\/index.php\/2026\/09\/01\/mp-pede-investigacao-sobre-emenda-pix-paga-a-cunhado-de-deputado\/","title":{"rendered":"MP pede investiga\u00e7\u00e3o sobre emenda Pix paga a cunhado de deputado"},"content":{"rendered":"\n<p>O deputado Ricardo Maia indicou emenda Pix que pagou R$ 396 mil ao posto de combust\u00edveis do cunhado dele<\/p>\n\n\n\n<!--more-->\n\n\n\n<p>O Minist\u00e9rio P\u00fablico junto ao Tribunal de Contas da Uni\u00e3o (MPTCU) pediu a abertura de investiga\u00e7\u00e3o sobre o&nbsp;<a href=\"https:\/\/www.metropoles.com\/colunas\/tacio-lorran\/deputado-manda-emenda-pix-e-paga-posto-de-gasolina-do-proprio-cunhado\" target=\"_blank\" rel=\"noreferrer noopener\"><strong>uso de emenda Pix indicada pelo deputado federal Ricardo Maia (MDB-BA) para pagamentos \u00e0 empresa do cunhado<\/strong><\/a>&nbsp;do parlamentar. O \u00f3rg\u00e3o ministerial v\u00ea ind\u00edcios de conflito de interesses.<\/p>\n\n\n\n<p>Em representa\u00e7\u00e3o, o subprocurador-geral Lucas Rocha Furtado considerou haver poss\u00edvel direcionamento da despesa p\u00fablica, conflito de interesses, favorecimento familiar e pol\u00edtico e viola\u00e7\u00e3o a princ\u00edpios constitucionais na execu\u00e7\u00e3o do recurso.<\/p>\n\n\n\n<p>Como revelou a coluna, uma emenda Pix de autoria do deputado federal Ricardo Maia beneficiou o posto de combust\u00edveis do cunhado dele. A emenda de R$ 396 mil saiu dos cofres da Uni\u00e3o, passou pelo caixa da Prefeitura de Ribeira do Pombal (BA) e, por fim, foi usada para pagar a empresa do parente do parlamentar<\/p>\n\n\n<div class=\"wp-block-image\">\n<figure class=\"alignleft size-large is-resized\"><img fetchpriority=\"high\" decoding=\"async\" width=\"819\" height=\"1024\" src=\"https:\/\/www.portalalerta.com.br\/wp-content\/uploads\/2026\/08\/Setembro-Amarelo-Real-2026-819x1024.jpg\" alt=\"\" class=\"wp-image-81187\" style=\"width:399px;height:auto\" srcset=\"https:\/\/www.portalalerta.com.br\/wp-content\/uploads\/2026\/08\/Setembro-Amarelo-Real-2026-819x1024.jpg 819w, https:\/\/www.portalalerta.com.br\/wp-content\/uploads\/2026\/08\/Setembro-Amarelo-Real-2026-192x240.jpg 192w, https:\/\/www.portalalerta.com.br\/wp-content\/uploads\/2026\/08\/Setembro-Amarelo-Real-2026-768x960.jpg 768w, https:\/\/www.portalalerta.com.br\/wp-content\/uploads\/2026\/08\/Setembro-Amarelo-Real-2026.jpg 1024w\" sizes=\"(max-width: 819px) 100vw, 819px\" \/><\/figure><\/div>\n\n\n<p>\u201cA destina\u00e7\u00e3o de recursos p\u00fablicos a empresa de parente pr\u00f3ximo do autor da emenda, em munic\u00edpio onde sua esposa \u00e9 secret\u00e1ria e o prefeito \u00e9 seu aliado pol\u00edtico, configura viola\u00e7\u00e3o frontal ao princ\u00edpio da impessoalidade, pois o direcionamento do gasto p\u00fablico se confunde com interesses pessoais, familiares e eleitorais do agente pol\u00edtico\u201d, destacou.<\/p>\n\n\n\n<p>Rocha Furtado ressaltou que, ainda que o deputado n\u00e3o figure como ordenador de despesas, \u201co parlamentar \u00e9 o agente pol\u00edtico que deu causa \u00e0 transfer\u00eancia dos recursos e deve ter conhecimento do destino que lhes seria dado\u201d.<\/p>\n\n\n\n<p>O subprocurador-geral pontuou que os fatos narrados indicam, em tese, a pr\u00e1tica de ato de improbidade administrativa que causa enriquecimento il\u00edcito ou preju\u00edzo ao er\u00e1rio, bem como poss\u00edvel infra\u00e7\u00e3o \u00e0 Lei de Licita\u00e7\u00f5es, caso se comprove direcionamento do certame ou simula\u00e7\u00e3o de competitividade.<\/p>\n\n\n\n<p><strong>\u201cNo \u00e2mbito penal, a conduta pode configurar crime de responsabilidade de Prefeito (Decreto-Lei n\u00ba 201\/1967) e, quanto ao parlamentar, quebra de decoro ou crime contra a administra\u00e7\u00e3o p\u00fablica, a depender do aprofundamento das investiga\u00e7\u00f5es\u201d, descreveu.<\/strong><\/p>\n\n\n\n<p>Al\u00e9m de pedir a investiga\u00e7\u00e3o quanto \u00e0 emenda j\u00e1 executada, Rocha Furtado requereu apura\u00e7\u00e3o de uma nova emenda indicada por&nbsp;<a href=\"https:\/\/www.metropoles.com\/colunas\/tacio-lorran\/prefeito-usa-emendas-pix-para-pagar-aluguel-de-carros-para-gabinete\" target=\"_blank\" rel=\"noreferrer noopener\"><strong>Ricardo Maia \u00e0 cidade de Ribeira do Pombal<\/strong><\/a>, de R$ 992 mil. A medida, segundo ele, se deve \u00e0 \u201cpossibilidade concreta de repeti\u00e7\u00e3o do modelo de execu\u00e7\u00e3o anteriormente identificado, com eventual direcionamento dos recursos \u00e0 empresa pertencente ao seu cunhado\u201d.<\/p>\n\n\n\n<p><strong>O que diz o deputado<\/strong><\/p>\n\n\n\n<p>Em nota, a assessoria do deputado Ricardo Maia afirmou que n\u00e3o houve indica\u00e7\u00e3o, interfer\u00eancia ou participa\u00e7\u00e3o do deputado na escolha do fornecedor. \u201cQualquer contrata\u00e7\u00e3o decorre de procedimento conduzido pela administra\u00e7\u00e3o municipal, sob sua responsabilidade e observ\u00e2ncia da legisla\u00e7\u00e3o aplic\u00e1vel\u201d, ressaltou.<\/p>\n\n\n\n<p>A equipe do parlamentar frisou que a emenda foi destinada a Ribeira do Pombal para atendimento de finalidade de interesse p\u00fablico. \u201cA partir da indica\u00e7\u00e3o, cabe ao ente benefici\u00e1rio cumprir os procedimentos legais aplic\u00e1veis, inclusive a elabora\u00e7\u00e3o e o cadastramento do plano de trabalho e, posteriormente, a execu\u00e7\u00e3o dos recursos\u201d, destacou.<\/p>\n\n\n\n<p>\u201cO deputado n\u00e3o participa dos procedimentos administrativos realizados pelo munic\u00edpio para execu\u00e7\u00e3o da despesa. N\u00e3o realiza licita\u00e7\u00e3o, n\u00e3o seleciona fornecedores, n\u00e3o celebra contratos em nome da Prefeitura e n\u00e3o determina a empresa que receber\u00e1 os recursos\u201d, completou.<\/p>\n\n\n\n<p>A nota ainda afirma que a rela\u00e7\u00e3o contratual entre o fornecedor e o munic\u00edpio \u00e9 anterior \u00e0 pr\u00f3pria emenda parlamentar. \u201cPortanto, a rela\u00e7\u00e3o comercial entre o Munic\u00edpio e a empresa n\u00e3o se originou da emenda indicada pelo deputado\u201d, defende.<\/p>\n\n\n\n<p><strong>O que diz a prefeitura<\/strong><\/p>\n\n\n\n<p>A Prefeitura de&nbsp;<a href=\"https:\/\/ribeiradopombal.ba.gov.br\/\" target=\"_blank\" rel=\"noreferrer noopener\"><strong>Ribeira do Pombal<\/strong><\/a>, por sua vez, afirmou que a aquisi\u00e7\u00e3o do \u00f3leo diesel utilizado pela frota municipal \u201cn\u00e3o ocorreu por escolha direta ou contrata\u00e7\u00e3o espec\u00edfica para essa emenda\u201d. \u201cO fornecimento decorre de procedimento licitat\u00f3rio regularmente realizado pelo Munic\u00edpio, no qual a empresa fornecedora foi declarada vencedora para o fornecimento do combust\u00edvel\u201d, destacou<\/p>\n\n\n\n<p>\u201cAssim, a Administra\u00e7\u00e3o Municipal observou os procedimentos legais aplic\u00e1veis \u00e0s contrata\u00e7\u00f5es p\u00fablicas, tendo a aquisi\u00e7\u00e3o sido realizada junto ao fornecedor vencedor do certame\u201d, completou.<\/p>\n\n\n\n<p>Sobre a nova emenda, relativa a 2026, a prefeitura afirmou que \u201cseguir\u00e1 a finalidade estabelecida para a emenda e as normas aplic\u00e1veis \u00e0s contrata\u00e7\u00f5es p\u00fablicas, sendo o fornecimento realizado pela empresa regularmente contratada pelo Munic\u00edpio durante a vig\u00eancia do respectivo procedimento licitat\u00f3rio\u201d.<\/p>\n\n\n\n<p>\u201cO Munic\u00edpio ressalta, por fim, que a aplica\u00e7\u00e3o dos recursos p\u00fablicos observa a finalidade indicada para a transfer\u00eancia e os procedimentos legais de contrata\u00e7\u00e3o, com a devida documenta\u00e7\u00e3o e controle pelos \u00f3rg\u00e3os competentes\u201d, sublinhou.<\/p>\n\n\n\n<p>A coluna procurou o empres\u00e1rio Antonio Wendell Pereira de Souza, mas n\u00e3o houve resposta. O espa\u00e7o segue aberto.<\/p>\n\n\n\n<p><em>Fonte: Metr\u00f3poles<\/em><\/p>\n","protected":false},"excerpt":{"rendered":"<p>O deputado Ricardo Maia indicou emenda Pix que pagou R$ 396 mil ao posto de combust\u00edveis do cunhado dele<\/p>\n","protected":false},"author":2,"featured_media":73991,"comment_status":"open","ping_status":"open","sticky":false,"template":"","format":"standard","meta":{"om_disable_all_campaigns":false,"_monsterinsights_skip_tracking":false,"_monsterinsights_sitenote_active":false,"_monsterinsights_sitenote_note":"","_monsterinsights_sitenote_category":0,"footnotes":""},"categories":[33,34,8473,69,21,32,3],"tags":[100,71,48,75,4178,4180,129,107,4181,132,230,440,106,203,120,51,109,88,47,146,111,190],"class_list":["post-81209","post","type-post","status-publish","format-standard","has-post-thumbnail","hentry","category-bahia","category-brasil","category-destaque","category-noticias2","category-politica","category-regiao","category-ribeira-do-pombal","tag-adustina","tag-antas","tag-araci","tag-cicero-dantas","tag-cipo-2","tag-crisopolis-2","tag-euclides-da-cunha","tag-fatima","tag-heliopolis-2","tag-itapicuru","tag-jeremoabo","tag-mpf","tag-nova-soure","tag-novo-triunfo","tag-olindina","tag-paripiranga","tag-quijingue","tag-ribeira-do-amparo","tag-ribeira-do-pombal","tag-ricardo-maia","tag-sitio-do-quinto","tag-tucano"],"aioseo_notices":[],"_links":{"self":[{"href":"https:\/\/www.portalalerta.com.br\/index.php\/wp-json\/wp\/v2\/posts\/81209","targetHints":{"allow":["GET"]}}],"collection":[{"href":"https:\/\/www.portalalerta.com.br\/index.php\/wp-json\/wp\/v2\/posts"}],"about":[{"href":"https:\/\/www.portalalerta.com.br\/index.php\/wp-json\/wp\/v2\/types\/post"}],"author":[{"embeddable":true,"href":"https:\/\/www.portalalerta.com.br\/index.php\/wp-json\/wp\/v2\/users\/2"}],"replies":[{"embeddable":true,"href":"https:\/\/www.portalalerta.com.br\/index.php\/wp-json\/wp\/v2\/comments?post=81209"}],"version-history":[{"count":1,"href":"https:\/\/www.portalalerta.com.br\/index.php\/wp-json\/wp\/v2\/posts\/81209\/revisions"}],"predecessor-version":[{"id":81210,"href":"https:\/\/www.portalalerta.com.br\/index.php\/wp-json\/wp\/v2\/posts\/81209\/revisions\/81210"}],"wp:featuredmedia":[{"embeddable":true,"href":"https:\/\/www.portalalerta.com.br\/index.php\/wp-json\/wp\/v2\/media\/73991"}],"wp:attachment":[{"href":"https:\/\/www.portalalerta.com.br\/index.php\/wp-json\/wp\/v2\/media?parent=81209"}],"wp:term":[{"taxonomy":"category","embeddable":true,"href":"https:\/\/www.portalalerta.com.br\/index.php\/wp-json\/wp\/v2\/categories?post=81209"},{"taxonomy":"post_tag","embeddable":true,"href":"https:\/\/www.portalalerta.com.br\/index.php\/wp-json\/wp\/v2\/tags?post=81209"}],"curies":[{"name":"wp","href":"https:\/\/api.w.org\/{rel}","templated":true}]}}