{"id":81211,"date":"2026-09-01T16:01:00","date_gmt":"2026-09-01T19:01:00","guid":{"rendered":"https:\/\/www.portalalerta.com.br\/?p=81211"},"modified":"2026-09-01T12:20:03","modified_gmt":"2026-09-01T15:20:03","slug":"davi-alcolumbre-indica-pacheco-para-vaga-de-bruno-dantas-no-tcu","status":"publish","type":"post","link":"https:\/\/www.portalalerta.com.br\/index.php\/2026\/09\/01\/davi-alcolumbre-indica-pacheco-para-vaga-de-bruno-dantas-no-tcu\/","title":{"rendered":"Davi Alcolumbre indica Pacheco para vaga de Bruno Dantas no TCU"},"content":{"rendered":"\n<p>Ex-presidente do Senado foi indicado para assumir posto deixado por ministro, que renunciou ao cargo na segunda-feira<\/p>\n\n\n\n<!--more-->\n\n\n\n<p>O presidente do Senado,&nbsp;<strong>Davi Alcolumbre<\/strong>&nbsp;(Uni\u00e3o-AP) indicou nesta segunda-feira (31) o ex-presidente da Casa&nbsp;<strong>Rodrigo Pacheco<\/strong>&nbsp;(PSD-MG) para a vaga aberta no&nbsp;<strong>TCU&nbsp;<\/strong>(Tribunal de Contas da Uni\u00e3o) com a&nbsp;<a href=\"https:\/\/noticias.r7.com\/prisma\/natalia-martins\/tcu-publica-saida-de-bruno-dantas-e-nome-de-pacheco-e-favorito-para-a-vaga-31082026\/\"><strong>ren\u00fancia<\/strong><\/a>&nbsp;do ministro&nbsp;<strong>Bruno Dantas<\/strong>. Pacheco era o favorito para assumir o posto, com o apoio de Alcolumbre.<\/p>\n\n\n\n<p>A sa\u00edda de Dantas, que protocolou nesta segunda-feira o pedido de ren\u00fancia ao cargo de ministro do TCU, abriu caminho para que o Senado escolhesse seu substituto. A indica\u00e7\u00e3o de Alcolumbre ainda precisar\u00e1 ser submetida \u00e0 an\u00e1lise e vota\u00e7\u00e3o dos senadores.<\/p>\n\n\n<div class=\"wp-block-image\">\n<figure class=\"alignleft size-large is-resized\"><img fetchpriority=\"high\" decoding=\"async\" width=\"819\" height=\"1024\" src=\"https:\/\/www.portalalerta.com.br\/wp-content\/uploads\/2026\/08\/Setembro-Amarelo-Real-2026-819x1024.jpg\" alt=\"\" class=\"wp-image-81187\" style=\"width:389px;height:auto\" srcset=\"https:\/\/www.portalalerta.com.br\/wp-content\/uploads\/2026\/08\/Setembro-Amarelo-Real-2026-819x1024.jpg 819w, https:\/\/www.portalalerta.com.br\/wp-content\/uploads\/2026\/08\/Setembro-Amarelo-Real-2026-192x240.jpg 192w, https:\/\/www.portalalerta.com.br\/wp-content\/uploads\/2026\/08\/Setembro-Amarelo-Real-2026-768x960.jpg 768w, https:\/\/www.portalalerta.com.br\/wp-content\/uploads\/2026\/08\/Setembro-Amarelo-Real-2026.jpg 1024w\" sizes=\"(max-width: 819px) 100vw, 819px\" \/><\/figure><\/div>\n\n\n<p><strong>Pacheco deixou disputa eleitoral<\/strong><\/p>\n\n\n\n<p>Pacheco foi presidente do Senado entre 2021 e 2025 e decidiu n\u00e3o disputar as elei\u00e7\u00f5es de 2026. O ex-senador chegou a ser considerado por Alcolumbre para uma indica\u00e7\u00e3o ao STF (Supremo Tribunal Federal), mas o presidente&nbsp;<strong>Luiz In\u00e1cio Lula da Silva<\/strong>&nbsp;escolheu o advogado-geral da Uni\u00e3o,&nbsp;<strong>Jorge Messias<\/strong>, para a vaga.<\/p>\n\n\n\n<p>A indica\u00e7\u00e3o de Messias, por\u00e9m, foi rejeitada pelo Senado ap\u00f3s sabatina.<\/p>\n\n\n\n<p>Para assumir a cadeira de ministro do TCU, Pacheco precisar\u00e1 ser aprovado pelo Senado.<\/p>\n\n\n\n<p>O tribunal \u00e9 formado por&nbsp;<strong>nove ministros<\/strong>, sendo&nbsp;<strong>seis indicados pelo Congresso<\/strong>&nbsp;e&nbsp;<strong>tr\u00eas pelo presidente da Rep\u00fablica<\/strong>, com aprova\u00e7\u00e3o do Senado.<\/p>\n\n\n\n<p><strong>Dantas vai para a iniciativa privada<\/strong><\/p>\n\n\n\n<p>Bruno Dantas anunciou a sa\u00edda do tribunal na segunda-feira, ap\u00f3s quase tr\u00eas d\u00e9cadas de atua\u00e7\u00e3o no servi\u00e7o p\u00fablico. Aos 48 anos, o ministro afirmou que pretende se dedicar a novos projetos profissionais e acad\u00eamicos.<\/p>\n\n\n\n<p>Entre os planos est\u00e1 a cria\u00e7\u00e3o de uma empresa voltada \u00e0 estrutura\u00e7\u00e3o de projetos e investimentos. Dantas tamb\u00e9m avalia propostas para atuar na iniciativa privada, incluindo uma posi\u00e7\u00e3o em um escrit\u00f3rio com atua\u00e7\u00e3o no Brasil e nos Estados Unidos.<\/p>\n\n\n\n<p>O ministro tamb\u00e9m \u00e9 cotado para assumir a&nbsp;<strong>Avibras<\/strong>, empresa ligada aos&nbsp;<strong>irm\u00e3os Batista<\/strong>, da&nbsp;<strong>JBS<\/strong>, que atua no setor de defesa.<\/p>\n\n\n\n<p>Em nota divulgada nesta segunda-feira, Dantas afirmou que decidiu deixar o cargo por considerar que era o momento de buscar novos desafios.<\/p>\n\n\n\n<p>\u201cEncerro este ciclo com a serenidade de quem cumpriu, com lealdade e dedica\u00e7\u00e3o, todos os mandatos que me foram confiados\u201d, afirmou.<\/p>\n\n\n\n<p><em>Fonte: Not\u00edcias r7 &nbsp;<\/em><\/p>\n","protected":false},"excerpt":{"rendered":"<p>Ex-presidente do Senado foi indicado para assumir posto deixado por ministro, que renunciou ao cargo na segunda-feira<\/p>\n","protected":false},"author":2,"featured_media":81208,"comment_status":"open","ping_status":"open","sticky":false,"template":"","format":"standard","meta":{"om_disable_all_campaigns":false,"_monsterinsights_skip_tracking":false,"_monsterinsights_sitenote_active":false,"_monsterinsights_sitenote_note":"","_monsterinsights_sitenote_category":0,"footnotes":""},"categories":[34,8473,69,21],"tags":[100,71,48,93,75,4178,4180,2176,129,107,4181,132,230,106,203,120,51,109,88,47,4199,235,111,1317,190],"class_list":["post-81211","post","type-post","status-publish","format-standard","has-post-thumbnail","hentry","category-brasil","category-destaque","category-noticias2","category-politica","tag-adustina","tag-antas","tag-araci","tag-brasil","tag-cicero-dantas","tag-cipo-2","tag-crisopolis-2","tag-davi-alcolumbre","tag-euclides-da-cunha","tag-fatima","tag-heliopolis-2","tag-itapicuru","tag-jeremoabo","tag-nova-soure","tag-novo-triunfo","tag-olindina","tag-paripiranga","tag-quijingue","tag-ribeira-do-amparo","tag-ribeira-do-pombal","tag-rodrigo-pacheco","tag-senado-federal","tag-sitio-do-quinto","tag-tcu","tag-tucano"],"aioseo_notices":[],"_links":{"self":[{"href":"https:\/\/www.portalalerta.com.br\/index.php\/wp-json\/wp\/v2\/posts\/81211","targetHints":{"allow":["GET"]}}],"collection":[{"href":"https:\/\/www.portalalerta.com.br\/index.php\/wp-json\/wp\/v2\/posts"}],"about":[{"href":"https:\/\/www.portalalerta.com.br\/index.php\/wp-json\/wp\/v2\/types\/post"}],"author":[{"embeddable":true,"href":"https:\/\/www.portalalerta.com.br\/index.php\/wp-json\/wp\/v2\/users\/2"}],"replies":[{"embeddable":true,"href":"https:\/\/www.portalalerta.com.br\/index.php\/wp-json\/wp\/v2\/comments?post=81211"}],"version-history":[{"count":1,"href":"https:\/\/www.portalalerta.com.br\/index.php\/wp-json\/wp\/v2\/posts\/81211\/revisions"}],"predecessor-version":[{"id":81212,"href":"https:\/\/www.portalalerta.com.br\/index.php\/wp-json\/wp\/v2\/posts\/81211\/revisions\/81212"}],"wp:featuredmedia":[{"embeddable":true,"href":"https:\/\/www.portalalerta.com.br\/index.php\/wp-json\/wp\/v2\/media\/81208"}],"wp:attachment":[{"href":"https:\/\/www.portalalerta.com.br\/index.php\/wp-json\/wp\/v2\/media?parent=81211"}],"wp:term":[{"taxonomy":"category","embeddable":true,"href":"https:\/\/www.portalalerta.com.br\/index.php\/wp-json\/wp\/v2\/categories?post=81211"},{"taxonomy":"post_tag","embeddable":true,"href":"https:\/\/www.portalalerta.com.br\/index.php\/wp-json\/wp\/v2\/tags?post=81211"}],"curies":[{"name":"wp","href":"https:\/\/api.w.org\/{rel}","templated":true}]}}