{"id":81217,"date":"2026-09-01T17:13:27","date_gmt":"2026-09-01T20:13:27","guid":{"rendered":"https:\/\/www.portalalerta.com.br\/?p=81217"},"modified":"2026-09-01T17:13:28","modified_gmt":"2026-09-01T20:13:28","slug":"mendonca-ja-mapeia-votos-para-abertura-de-investigacao-contra-moraes-no-stf","status":"publish","type":"post","link":"https:\/\/www.portalalerta.com.br\/index.php\/2026\/09\/01\/mendonca-ja-mapeia-votos-para-abertura-de-investigacao-contra-moraes-no-stf\/","title":{"rendered":"Mendon\u00e7a j\u00e1 mapeia votos para abertura de investiga\u00e7\u00e3o contra Moraes no STF"},"content":{"rendered":"\n<p>Novas revela\u00e7\u00f5es apontam que o ministro Alexandre de Moraes pode ter pedido ao procurador-geral da Rep\u00fablica e ao diretor-geral da Pol\u00edcia Federal prote\u00e7\u00e3o ao ex-banqueiro Daniel Vorcaro<\/p>\n\n\n\n<!--more-->\n\n\n\n<p>O ministro do STF (Supremo Tribunal Federal) Andr\u00e9 Mendon\u00e7a avaliou, em conversas com interlocutores, considerar graves as novas revela\u00e7\u00f5es que apontam que o ministro Alexandre de Moraes possa ter pedido ao procurador-geral da Rep\u00fablica, Paulo Gonet, e ao diretor-geral da Pol\u00edcia Federal, Andrei Rodrigues, prote\u00e7\u00e3o ao ex-banqueiro Daniel Vorcaro.<\/p>\n\n\n\n<p>Nesse sentido, ele avalia levar ao presidente do Supremo Tribunal Federal, Edson Fachin, um pedido formal de abertura de investiga\u00e7\u00e3o contra Moraes e j\u00e1 mapeia os votos que teria a favor da abertura da investiga\u00e7\u00e3o.<\/p>\n\n\n<div class=\"wp-block-image\">\n<figure class=\"alignleft size-large is-resized\"><img fetchpriority=\"high\" decoding=\"async\" width=\"819\" height=\"1024\" src=\"https:\/\/www.portalalerta.com.br\/wp-content\/uploads\/2026\/08\/Setembro-Amarelo-Real-2026-819x1024.jpg\" alt=\"\" class=\"wp-image-81187\" style=\"width:393px;height:auto\" srcset=\"https:\/\/www.portalalerta.com.br\/wp-content\/uploads\/2026\/08\/Setembro-Amarelo-Real-2026-819x1024.jpg 819w, https:\/\/www.portalalerta.com.br\/wp-content\/uploads\/2026\/08\/Setembro-Amarelo-Real-2026-192x240.jpg 192w, https:\/\/www.portalalerta.com.br\/wp-content\/uploads\/2026\/08\/Setembro-Amarelo-Real-2026-768x960.jpg 768w, https:\/\/www.portalalerta.com.br\/wp-content\/uploads\/2026\/08\/Setembro-Amarelo-Real-2026.jpg 1024w\" sizes=\"(max-width: 819px) 100vw, 819px\" \/><\/figure><\/div>\n\n\n<p>Por se tratar de um ministro do STF, s\u00f3 o plen\u00e1rio da Corte pode autorizar a abertura de investiga\u00e7\u00e3o desse porte.<\/p>\n\n\n\n<p>Al\u00e9m das&nbsp;<a href=\"https:\/\/www.cnnbrasil.com.br\/blogs\/matheus-teixeira\/politica\/mendonca-pede-a-pgr-informacao-sobre-suposta-mensagem-de-vorcaro-a-moraes\/\">mensagens<\/a>, outra informa\u00e7\u00e3o \u00e9 considerada grave e pass\u00edvel de investiga\u00e7\u00e3o: a de que Moraes teria manuseado o contrato de R$ 129 milh\u00f5es do escrit\u00f3rio de sua esposa, Viviane Barci de Moraes, com o banqueiro.<\/p>\n\n\n\n<p>Mendon\u00e7a, segundo fontes, j\u00e1 vinha alertando Fachin de que havia ind\u00edcios de envolvimento direto de Moraes com Vorcaro.<\/p>\n\n\n\n<p>Seus aliados, inclusive, j\u00e1 v\u00eam mapeando votos caso haja o pedido formal de investiga\u00e7\u00e3o contra Moraes. A avalia\u00e7\u00e3o \u00e9 de que Moraes tem tr\u00eas votos garantidos: Cristiano Zanin, Fl\u00e1vio Dino e Gilmar Mendes. Mendon\u00e7a teria os de Edson Fachin, Nunes Marques e Luiz Fux. C\u00e1rmen L\u00facia \u00e9 d\u00favida \u2014 ela e o ministro nunca foram pr\u00f3ximos, mas a aposta \u00e9 de que ela votaria pela abertura da investiga\u00e7\u00e3o.<\/p>\n\n\n\n<p>H\u00e1 d\u00favida se Toffoli participaria da vota\u00e7\u00e3o por ser suspeito de envolvimento com Vorcaro, mas, caso participe, ele \u00e9 considerado um voto a favor da investiga\u00e7\u00e3o contra Moraes.<\/p>\n\n\n\n<p>Mendon\u00e7a e ele s\u00e3o pr\u00f3ximos, e a investiga\u00e7\u00e3o contra Toffoli n\u00e3o teria avan\u00e7ado. A leitura \u00e9 de que a rela\u00e7\u00e3o de Vorcaro com o resort da fam\u00edlia de Toffoli foi apenas uma transa\u00e7\u00e3o comercial.<\/p>\n\n\n\n<p><em>Fonte: CNN<\/em><\/p>\n","protected":false},"excerpt":{"rendered":"<p>Novas revela\u00e7\u00f5es apontam que o ministro Alexandre de Moraes pode ter pedido ao procurador-geral da Rep\u00fablica e ao diretor-geral da Pol\u00edcia Federal prote\u00e7\u00e3o ao ex-banqueiro Daniel Vorcaro<\/p>\n","protected":false},"author":2,"featured_media":81218,"comment_status":"open","ping_status":"open","sticky":false,"template":"","format":"standard","meta":{"om_disable_all_campaigns":false,"_monsterinsights_skip_tracking":false,"_monsterinsights_sitenote_active":false,"_monsterinsights_sitenote_note":"","_monsterinsights_sitenote_category":0,"footnotes":""},"categories":[34,8473,69],"tags":[100,1173,3610,71,48,9020,75,4178,4180,129,107,4181,132,230,106,203,120,51,109,88,47,111,216,190],"class_list":["post-81217","post","type-post","status-publish","format-standard","has-post-thumbnail","hentry","category-brasil","category-destaque","category-noticias2","tag-adustina","tag-alexandre-de-moraes","tag-andre-mendonca","tag-antas","tag-araci","tag-banco-maste","tag-cicero-dantas","tag-cipo-2","tag-crisopolis-2","tag-euclides-da-cunha","tag-fatima","tag-heliopolis-2","tag-itapicuru","tag-jeremoabo","tag-nova-soure","tag-novo-triunfo","tag-olindina","tag-paripiranga","tag-quijingue","tag-ribeira-do-amparo","tag-ribeira-do-pombal","tag-sitio-do-quinto","tag-stf","tag-tucano"],"aioseo_notices":[],"_links":{"self":[{"href":"https:\/\/www.portalalerta.com.br\/index.php\/wp-json\/wp\/v2\/posts\/81217","targetHints":{"allow":["GET"]}}],"collection":[{"href":"https:\/\/www.portalalerta.com.br\/index.php\/wp-json\/wp\/v2\/posts"}],"about":[{"href":"https:\/\/www.portalalerta.com.br\/index.php\/wp-json\/wp\/v2\/types\/post"}],"author":[{"embeddable":true,"href":"https:\/\/www.portalalerta.com.br\/index.php\/wp-json\/wp\/v2\/users\/2"}],"replies":[{"embeddable":true,"href":"https:\/\/www.portalalerta.com.br\/index.php\/wp-json\/wp\/v2\/comments?post=81217"}],"version-history":[{"count":1,"href":"https:\/\/www.portalalerta.com.br\/index.php\/wp-json\/wp\/v2\/posts\/81217\/revisions"}],"predecessor-version":[{"id":81219,"href":"https:\/\/www.portalalerta.com.br\/index.php\/wp-json\/wp\/v2\/posts\/81217\/revisions\/81219"}],"wp:featuredmedia":[{"embeddable":true,"href":"https:\/\/www.portalalerta.com.br\/index.php\/wp-json\/wp\/v2\/media\/81218"}],"wp:attachment":[{"href":"https:\/\/www.portalalerta.com.br\/index.php\/wp-json\/wp\/v2\/media?parent=81217"}],"wp:term":[{"taxonomy":"category","embeddable":true,"href":"https:\/\/www.portalalerta.com.br\/index.php\/wp-json\/wp\/v2\/categories?post=81217"},{"taxonomy":"post_tag","embeddable":true,"href":"https:\/\/www.portalalerta.com.br\/index.php\/wp-json\/wp\/v2\/tags?post=81217"}],"curies":[{"name":"wp","href":"https:\/\/api.w.org\/{rel}","templated":true}]}}