{"id":81223,"date":"2026-09-02T18:55:45","date_gmt":"2026-09-02T21:55:45","guid":{"rendered":"https:\/\/www.portalalerta.com.br\/?p=81223"},"modified":"2026-09-02T18:55:46","modified_gmt":"2026-09-02T21:55:46","slug":"tj-ba-revoga-segunda-prisao-preventiva-do-deputado-binho-galinha","status":"publish","type":"post","link":"https:\/\/www.portalalerta.com.br\/index.php\/2026\/09\/02\/tj-ba-revoga-segunda-prisao-preventiva-do-deputado-binho-galinha\/","title":{"rendered":"TJ-BA revoga segunda pris\u00e3o preventiva do deputado Binho Galinha"},"content":{"rendered":"\n<p>Parlamentar foi condenado a 36 anos de pris\u00e3o<\/p>\n\n\n\n<!--more-->\n\n\n\n<p>O Tribunal de Justi\u00e7a do Estado da Bahia (TJ-BA) concedeu, por unanimidade, habeas corpus e revogou a segunda pris\u00e3o preventiva decretada contra o deputado estadual Kl\u00e9ber Cristian Escolano de Almeida, conhecido como Binho Galinha. A decis\u00e3o foi divulgada pelo advogado do parlamentar, o criminalista Gamil F\u00f6ppel, nesta ter\u00e7a-feira (1\u00ba).<\/p>\n\n\n<div class=\"wp-block-image\">\n<figure class=\"alignleft size-large is-resized\"><img fetchpriority=\"high\" decoding=\"async\" width=\"819\" height=\"1024\" src=\"https:\/\/www.portalalerta.com.br\/wp-content\/uploads\/2026\/08\/Setembro-Amarelo-Real-2026-819x1024.jpg\" alt=\"\" class=\"wp-image-81187\" style=\"width:435px\" srcset=\"https:\/\/www.portalalerta.com.br\/wp-content\/uploads\/2026\/08\/Setembro-Amarelo-Real-2026-819x1024.jpg 819w, https:\/\/www.portalalerta.com.br\/wp-content\/uploads\/2026\/08\/Setembro-Amarelo-Real-2026-192x240.jpg 192w, https:\/\/www.portalalerta.com.br\/wp-content\/uploads\/2026\/08\/Setembro-Amarelo-Real-2026-768x960.jpg 768w, https:\/\/www.portalalerta.com.br\/wp-content\/uploads\/2026\/08\/Setembro-Amarelo-Real-2026.jpg 1024w\" sizes=\"(max-width: 819px) 100vw, 819px\" \/><\/figure><\/div>\n\n\n<p>&#8220;Tratava-se de pris\u00e3o manifestamente ilegal, decretada em decis\u00e3o teratol\u00f3gica, sem qualquer fato novo, contra r\u00e9u que respondeu a todo o&nbsp;<\/p>\n\n\n\n<p>processo<\/p>\n\n\n\n<p>&nbsp;em liberdade e jamais embara\u00e7ou a instru\u00e7\u00e3o. Na absurda decis\u00e3o, conseguiu-se a singular proeza de decretar uma pris\u00e3o sem pedido de qualquer \u00f3rg\u00e3o de controle: nem o Minist\u00e9rio P\u00fablico, nem a autoridade policial requereu a medida&#8221;, escreveu o advogado em nota.<\/p>\n\n\n\n<p>Apesar da decis\u00e3o, o deputado continuar\u00e1 preso em raz\u00e3o da primeira ordem de pris\u00e3o preventiva. Em julho deste ano, Binho foi condenado a penas que, somadas, ultrapassam 36 anos de pris\u00e3o. A senten\u00e7a foi expedida pela Comarca de Feira de Santana, segunda maior cidade da Bahia.<\/p>\n\n\n\n<p>Binho Galinha<a href=\"https:\/\/www.horiens.com\/centro-de-midia\/noticias-e-artigos\/el-nino-eventos-extremos-e-os-novos-desafios-da-gestao-de-riscos-nas-concessoes-rodoviarias\" target=\"_blank\" rel=\"noreferrer noopener\"><\/a><a href=\"https:\/\/www.horiens.com\/centro-de-midia\/noticias-e-artigos\/gestao-da-saude-pelas-empresas-vale-a-pena-investir-em-programas-voltados-a-patologias-cronicas\" target=\"_blank\" rel=\"noreferrer noopener\"><\/a><\/p>\n\n\n\n<p>Binho foi condenado a 10 anos e seis meses de deten\u00e7\u00e3o, al\u00e9m do pagamento de 105 dias-multa, por posse de arma de fogo em desacordo com determina\u00e7\u00e3o legal. O deputado tamb\u00e9m foi sentenciado por posse de arma de fogo com sinal de identifica\u00e7\u00e3o adulterado, crime pelo qual recebeu pena de 26 anos e tr\u00eas meses de reclus\u00e3o, al\u00e9m de 105 dias-multa, em regime inicial fechado.&nbsp;O valor de cada dia-multa corresponde a 1\/30 do sal\u00e1rio m\u00ednimo vigente \u00e0 \u00e9poca da pris\u00e3o.<\/p>\n\n\n\n<p><em>Fonte: Correio 24 horas<\/em><\/p>\n","protected":false},"excerpt":{"rendered":"<p>Parlamentar foi condenado a 36 anos de pris\u00e3o<\/p>\n","protected":false},"author":2,"featured_media":75910,"comment_status":"open","ping_status":"open","sticky":false,"template":"","format":"standard","meta":{"om_disable_all_campaigns":false,"_monsterinsights_skip_tracking":false,"_monsterinsights_sitenote_active":false,"_monsterinsights_sitenote_note":"","_monsterinsights_sitenote_category":0,"footnotes":""},"categories":[33,70,69,21],"tags":[100,71,48,75,4178,4180,129,107,4181,132,230,106,203,120,51,109,88,47,111,190],"class_list":["post-81223","post","type-post","status-publish","format-standard","has-post-thumbnail","hentry","category-bahia","category-destaques","category-noticias2","category-politica","tag-adustina","tag-antas","tag-araci","tag-cicero-dantas","tag-cipo-2","tag-crisopolis-2","tag-euclides-da-cunha","tag-fatima","tag-heliopolis-2","tag-itapicuru","tag-jeremoabo","tag-nova-soure","tag-novo-triunfo","tag-olindina","tag-paripiranga","tag-quijingue","tag-ribeira-do-amparo","tag-ribeira-do-pombal","tag-sitio-do-quinto","tag-tucano"],"aioseo_notices":[],"_links":{"self":[{"href":"https:\/\/www.portalalerta.com.br\/index.php\/wp-json\/wp\/v2\/posts\/81223","targetHints":{"allow":["GET"]}}],"collection":[{"href":"https:\/\/www.portalalerta.com.br\/index.php\/wp-json\/wp\/v2\/posts"}],"about":[{"href":"https:\/\/www.portalalerta.com.br\/index.php\/wp-json\/wp\/v2\/types\/post"}],"author":[{"embeddable":true,"href":"https:\/\/www.portalalerta.com.br\/index.php\/wp-json\/wp\/v2\/users\/2"}],"replies":[{"embeddable":true,"href":"https:\/\/www.portalalerta.com.br\/index.php\/wp-json\/wp\/v2\/comments?post=81223"}],"version-history":[{"count":1,"href":"https:\/\/www.portalalerta.com.br\/index.php\/wp-json\/wp\/v2\/posts\/81223\/revisions"}],"predecessor-version":[{"id":81224,"href":"https:\/\/www.portalalerta.com.br\/index.php\/wp-json\/wp\/v2\/posts\/81223\/revisions\/81224"}],"wp:featuredmedia":[{"embeddable":true,"href":"https:\/\/www.portalalerta.com.br\/index.php\/wp-json\/wp\/v2\/media\/75910"}],"wp:attachment":[{"href":"https:\/\/www.portalalerta.com.br\/index.php\/wp-json\/wp\/v2\/media?parent=81223"}],"wp:term":[{"taxonomy":"category","embeddable":true,"href":"https:\/\/www.portalalerta.com.br\/index.php\/wp-json\/wp\/v2\/categories?post=81223"},{"taxonomy":"post_tag","embeddable":true,"href":"https:\/\/www.portalalerta.com.br\/index.php\/wp-json\/wp\/v2\/tags?post=81223"}],"curies":[{"name":"wp","href":"https:\/\/api.w.org\/{rel}","templated":true}]}}