{"id":81225,"date":"2026-09-02T19:02:32","date_gmt":"2026-09-02T22:02:32","guid":{"rendered":"https:\/\/www.portalalerta.com.br\/?p=81225"},"modified":"2026-09-02T19:02:33","modified_gmt":"2026-09-02T22:02:33","slug":"atos-de-vandalismo-prejudicam-servicos-essenciais-em-nova-soure-ba-prefeitura-repudia-acao-criminosa","status":"publish","type":"post","link":"https:\/\/www.portalalerta.com.br\/index.php\/2026\/09\/02\/atos-de-vandalismo-prejudicam-servicos-essenciais-em-nova-soure-ba-prefeitura-repudia-acao-criminosa\/","title":{"rendered":"Atos de vandalismo prejudicam servi\u00e7os essenciais em Nova Soure-BA. Prefeitura repudia a\u00e7\u00e3o criminosa!"},"content":{"rendered":"\n<p>A prefeitura de Nova Soure-BA emitiu uma nota de rep\u00fadio contra atos de vandalismo registrados na madrugada da \u00faltima segunda-feira (31) na zona rural da cidade.<\/p>\n\n\n\n<!--more-->\n\n\n\n<p>Um dos casos foi registrado no povoado Raso, quando uma pe\u00e7a da bomba do po\u00e7o que abastece a regi\u00e3o, foi danificada. J\u00e1 no povoado Santana, houve depreda\u00e7\u00e3o da Unidade B\u00e1sica de Sa\u00fade. No primeiro caso, a pe\u00e7a da bomba j\u00e1 foi substitu\u00edda, por\u00e9m em rela\u00e7\u00e3o \u00e0 UBS do povoado Santana, os servi\u00e7os est\u00e3o suspensos temporariamente.<\/p>\n\n\n<div class=\"wp-block-image\">\n<figure class=\"aligncenter size-full\"><img fetchpriority=\"high\" decoding=\"async\" width=\"666\" height=\"512\" src=\"https:\/\/www.portalalerta.com.br\/wp-content\/uploads\/2026\/09\/vandalismo-em-Nova-Soure-2026.1.jpg\" alt=\"\" class=\"wp-image-81221\" srcset=\"https:\/\/www.portalalerta.com.br\/wp-content\/uploads\/2026\/09\/vandalismo-em-Nova-Soure-2026.1.jpg 666w, https:\/\/www.portalalerta.com.br\/wp-content\/uploads\/2026\/09\/vandalismo-em-Nova-Soure-2026.1-312x240.jpg 312w\" sizes=\"(max-width: 666px) 100vw, 666px\" \/><\/figure><\/div>\n\n<div class=\"wp-block-image\">\n<figure class=\"alignleft size-large is-resized\"><img decoding=\"async\" width=\"819\" height=\"1024\" src=\"https:\/\/www.portalalerta.com.br\/wp-content\/uploads\/2026\/08\/Setembro-Amarelo-Real-2026-819x1024.jpg\" alt=\"\" class=\"wp-image-81187\" style=\"width:435px\" srcset=\"https:\/\/www.portalalerta.com.br\/wp-content\/uploads\/2026\/08\/Setembro-Amarelo-Real-2026-819x1024.jpg 819w, https:\/\/www.portalalerta.com.br\/wp-content\/uploads\/2026\/08\/Setembro-Amarelo-Real-2026-192x240.jpg 192w, https:\/\/www.portalalerta.com.br\/wp-content\/uploads\/2026\/08\/Setembro-Amarelo-Real-2026-768x960.jpg 768w, https:\/\/www.portalalerta.com.br\/wp-content\/uploads\/2026\/08\/Setembro-Amarelo-Real-2026.jpg 1024w\" sizes=\"(max-width: 819px) 100vw, 819px\" \/><\/figure><\/div>\n\n\n<p><strong>Confira a nota:<\/strong><\/p>\n\n\n\n<p><strong><em>A Prefeitura de Nova Soure repudia veementemente os atos de vandalismo registrados durante a madrugada desta segunda-feira (31), que atingiram dois equipamentos p\u00fablicos do munic\u00edpio.<\/em><\/strong><\/p>\n\n\n\n<p><strong><em>No povoado Raso, uma pe\u00e7a da bomba do po\u00e7o foi danificada, mas o equipamento j\u00e1 foi reparado. J\u00e1 no povoado Santana, a porta da UBS foi depredada, unidade funcionamento at\u00e9 que seja substitu\u00edda.<\/em><\/strong><\/p>\n\n\n\n<p><strong><em>Atos como esses n\u00e3o atingem apenas o patrim\u00f4nio p\u00fablico: prejudicam diretamente a popula\u00e7\u00e3o e comprometem servi\u00e7os essenciais. A Prefeitura lamenta profundamente o ocorrido e refor\u00e7a seu compromisso com a preserva\u00e7\u00e3o dos espa\u00e7os p\u00fablicos e com a continuidade dos servi\u00e7os oferecidos \u00e0 comunidade.<\/em><\/strong><\/p>\n\n\n\n<p><em>Reda\u00e7\u00e3o: Portal Alerta<\/em><\/p>\n","protected":false},"excerpt":{"rendered":"<p>A prefeitura de Nova Soure-BA emitiu uma nota de rep\u00fadio contra atos de vandalismo registrados na madrugada da \u00faltima segunda-feira (31) na zona rural da cidade.<\/p>\n","protected":false},"author":2,"featured_media":81220,"comment_status":"open","ping_status":"open","sticky":false,"template":"","format":"standard","meta":{"om_disable_all_campaigns":false,"_monsterinsights_skip_tracking":false,"_monsterinsights_sitenote_active":false,"_monsterinsights_sitenote_note":"","_monsterinsights_sitenote_category":0,"footnotes":""},"categories":[70,69,14,32,22],"tags":[100,71,48,75,4178,4180,129,107,4181,132,230,106,203,120,51,109,88,47,111,190,171],"class_list":["post-81225","post","type-post","status-publish","format-standard","has-post-thumbnail","hentry","category-destaques","category-noticias2","category-nova-soure","category-regiao","category-seguranca","tag-adustina","tag-antas","tag-araci","tag-cicero-dantas","tag-cipo-2","tag-crisopolis-2","tag-euclides-da-cunha","tag-fatima","tag-heliopolis-2","tag-itapicuru","tag-jeremoabo","tag-nova-soure","tag-novo-triunfo","tag-olindina","tag-paripiranga","tag-quijingue","tag-ribeira-do-amparo","tag-ribeira-do-pombal","tag-sitio-do-quinto","tag-tucano","tag-vandalismo"],"aioseo_notices":[],"_links":{"self":[{"href":"https:\/\/www.portalalerta.com.br\/index.php\/wp-json\/wp\/v2\/posts\/81225","targetHints":{"allow":["GET"]}}],"collection":[{"href":"https:\/\/www.portalalerta.com.br\/index.php\/wp-json\/wp\/v2\/posts"}],"about":[{"href":"https:\/\/www.portalalerta.com.br\/index.php\/wp-json\/wp\/v2\/types\/post"}],"author":[{"embeddable":true,"href":"https:\/\/www.portalalerta.com.br\/index.php\/wp-json\/wp\/v2\/users\/2"}],"replies":[{"embeddable":true,"href":"https:\/\/www.portalalerta.com.br\/index.php\/wp-json\/wp\/v2\/comments?post=81225"}],"version-history":[{"count":1,"href":"https:\/\/www.portalalerta.com.br\/index.php\/wp-json\/wp\/v2\/posts\/81225\/revisions"}],"predecessor-version":[{"id":81226,"href":"https:\/\/www.portalalerta.com.br\/index.php\/wp-json\/wp\/v2\/posts\/81225\/revisions\/81226"}],"wp:featuredmedia":[{"embeddable":true,"href":"https:\/\/www.portalalerta.com.br\/index.php\/wp-json\/wp\/v2\/media\/81220"}],"wp:attachment":[{"href":"https:\/\/www.portalalerta.com.br\/index.php\/wp-json\/wp\/v2\/media?parent=81225"}],"wp:term":[{"taxonomy":"category","embeddable":true,"href":"https:\/\/www.portalalerta.com.br\/index.php\/wp-json\/wp\/v2\/categories?post=81225"},{"taxonomy":"post_tag","embeddable":true,"href":"https:\/\/www.portalalerta.com.br\/index.php\/wp-json\/wp\/v2\/tags?post=81225"}],"curies":[{"name":"wp","href":"https:\/\/api.w.org\/{rel}","templated":true}]}}