{"id":81227,"date":"2026-09-02T19:08:10","date_gmt":"2026-09-02T22:08:10","guid":{"rendered":"https:\/\/www.portalalerta.com.br\/?p=81227"},"modified":"2026-09-02T19:08:12","modified_gmt":"2026-09-02T22:08:12","slug":"pgr-pede-nulidade-de-provas-na-acao-que-investiga-vorcaro-e-moraes","status":"publish","type":"post","link":"https:\/\/www.portalalerta.com.br\/index.php\/2026\/09\/02\/pgr-pede-nulidade-de-provas-na-acao-que-investiga-vorcaro-e-moraes\/","title":{"rendered":"PGR pede nulidade de provas na a\u00e7\u00e3o que investiga Vorcaro e Moraes"},"content":{"rendered":"\n<p><strong>Manifesta\u00e7\u00e3o aponta que nem a PGR nem a PF haviam solicitado inicialmente investiga\u00e7\u00f5es sobre pessoas espec\u00edficas<\/strong><\/p>\n\n\n\n<!--more-->\n\n\n\n<p><strong>A Procuradoria-Geral da Rep\u00fablica (PGR) apresentou um pedido de nulidade das provas colhidas no processo que investiga a rede de rela\u00e7\u00f5es do banqueiro Daniel Vorcaro. Segundo o \u00f3rg\u00e3o, a manifesta\u00e7\u00e3o aponta que nem a PGR nem a Pol\u00edcia Federal haviam solicitado inicialmente investiga\u00e7\u00f5es sobre pessoas espec\u00edficas nos moldes que vieram a p\u00fablico.<\/strong><\/p>\n\n\n\n<p><strong>Continua depois da publicidade<\/strong><\/p>\n\n\n\n<p><strong>O desdobramento ocorre em meio \u00e0 movimenta\u00e7\u00e3o do ministro Andr\u00e9 Mendon\u00e7a, do Supremo Tribunal Federal (STF), que despachou solicitando uma manifesta\u00e7\u00e3o da PGR com prazo de cinco dias, embora defenda que a an\u00e1lise pelos ministros do Supremo ocorra independentemente dessa resposta. Mendon\u00e7a tamb\u00e9m sinalizou o interesse de levar o caso a uma sess\u00e3o p\u00fablica, transparente e presencial com os demais integrantes da Corte.<\/strong><\/p>\n\n\n<div class=\"wp-block-image\">\n<figure class=\"alignleft size-large is-resized\"><img fetchpriority=\"high\" decoding=\"async\" width=\"819\" height=\"1024\" src=\"https:\/\/www.portalalerta.com.br\/wp-content\/uploads\/2026\/08\/Setembro-Amarelo-Real-2026-819x1024.jpg\" alt=\"\" class=\"wp-image-81187\" style=\"width:435px\" srcset=\"https:\/\/www.portalalerta.com.br\/wp-content\/uploads\/2026\/08\/Setembro-Amarelo-Real-2026-819x1024.jpg 819w, https:\/\/www.portalalerta.com.br\/wp-content\/uploads\/2026\/08\/Setembro-Amarelo-Real-2026-192x240.jpg 192w, https:\/\/www.portalalerta.com.br\/wp-content\/uploads\/2026\/08\/Setembro-Amarelo-Real-2026-768x960.jpg 768w, https:\/\/www.portalalerta.com.br\/wp-content\/uploads\/2026\/08\/Setembro-Amarelo-Real-2026.jpg 1024w\" sizes=\"(max-width: 819px) 100vw, 819px\" \/><\/figure><\/div>\n\n\n<p><strong>Para que isso ocorra, o ministro relator ainda precisar\u00e1 solicitar formalmente ao presidente do STF, Luiz Edson Fachin, a inclus\u00e3o do tema na pauta do plen\u00e1rio &#8211; etapa que ainda n\u00e3o tem prazo definido para acontecer.<\/strong><\/p>\n\n\n\n<p><strong>Apesar de citar novos elementos apresentados pela Pol\u00edcia Federal, o despacho de Mendon\u00e7a n\u00e3o menciona diretamente os di\u00e1logos entre o ministro Alexandre de Moraes e Daniel Vorcaro. Nos bastidores, o magistrado j\u00e1 iniciou o mapeamento de poss\u00edveis votos de colegas caso o tema avance para uma apura\u00e7\u00e3o formal.<\/strong><\/p>\n\n\n\n<p><strong>Continua depois da publicidade<\/strong><\/p>\n\n\n\n<p><strong>Internamente, o clima \u00e9 de alta tens\u00e3o no STF. H\u00e1 questionamentos jur\u00eddicos expressivos devido \u00e0 falta de precedentes para investiga\u00e7\u00f5es diretas contra ministros da pr\u00f3pria Corte, al\u00e9m de resist\u00eancias quanto \u00e0 exposi\u00e7\u00e3o institucional que uma sess\u00e3o aberta e in\u00e9dita desse porte geraria, indicando que uma defini\u00e7\u00e3o c\u00e9lere \u00e9 improv\u00e1vel.<\/strong><\/p>\n\n\n\n<p><strong>Troca de mensagens entre Vorcaro e Moraes<\/strong><\/p>\n\n\n\n<p><strong>Uma troca de mensagens entre o ministro&nbsp;Alexandre de Moraes, do Supremo Tribunal Federal (STF), e Daniel Vorcaro, dono do Banco Master,&nbsp;<a href=\"https:\/\/www.band.com.br\/politica\/vorcaro-a-moraes-dias-antes-da-prisao-acha-que-2a-tenho-que-estar-fora\">sugere que eles discutiam a possibilidade da Pol\u00edcia Federal deflagrar uma opera\u00e7\u00e3o<\/a>&nbsp;que teria o banqueiro como alvo.<\/strong><\/p>\n\n\n\n<p><strong>O conte\u00fado das mensagens foi revelado pelo jornal&nbsp;<em>Estado de S. Paulo<\/em>&nbsp;e confirmado pela reportagem da Band.<\/strong><\/p>\n\n\n\n<p><strong>Continua depois da publicidade<\/strong><\/p>\n\n\n\n<p><strong>Conforme o relat\u00f3rio da Pol\u00edcia Federal,&nbsp;<a href=\"https:\/\/www.band.com.br\/politica\/mendonca-derruba-sigilo-de-acao-qumensagens-entre-vorcaro-e-moraes\">tornado p\u00fablico pelo ministro Andr\u00e9 Mendon\u00e7a<\/a>, relator do caso Master na Suprema Corte, eles trocaram mensagens em 15 de novembro de 2025, ou seja, dois dias antes de&nbsp;<a href=\"https:\/\/www.band.com.br\/nacional\/brasil\/daniel-vorcaro-dono-do-banco-master-e-preso-em-operacao-da-pf\">Vorcaro ser preso pela Pol\u00edcia Federal<\/a>.<\/strong><\/p>\n\n\n\n<p><strong>Em 17 de novembro do ano passado, Daniel Vorcaro foi preso pela Pol\u00edcia Federal enquanto&nbsp;<a href=\"https:\/\/www.band.com.br\/nacional\/brasil\/banco-master-daniel-vorcaro-foi-preso-em-guarulhos-sp-pf-suspeita-de-tentativa-de-fuga\">tentava embarcar para o exterior em seu jatinho particular no Aeroporto de Guarulhos, em S\u00e3o Paulo<\/a>.<\/strong><\/p>\n\n\n\n<p><strong>\u201cQue loucura, bem na semana que estou resolvendo tudo. Aquele mesmo juiz Ricardo? E o Gal\u00edpolo t\u00e1 sabendo? Conseguimos fazer algo? Acha que segunda j\u00e1 tenho que estar fora?\u201d, diz o conte\u00fado das mensagens.<\/strong><\/p>\n\n\n\n<p><strong>Continua depois da publicidade<\/strong><\/p>\n\n\n\n<p><strong>Bate-boca entre Moraes e Mendon\u00e7a<\/strong><\/p>\n\n\n\n<p><strong>O clima esquentou nos corredores do STF ap\u00f3s Andr\u00e9 Mendon\u00e7a derrubar sigilo da a\u00e7\u00e3o que mostra mensagens entre Vorcaro e Moraes. Os&nbsp;<a href=\"https:\/\/www.band.com.br\/politica\/moraes-e-mendonca-batem-boca-na-chegada-ao-stf-seguranca-intervem\">dois ministros protagonizaram uma discuss\u00e3o acalorada<\/a>&nbsp;na chegada para a sess\u00e3o da Corte, exigindo inclusive a interven\u00e7\u00e3o da equipe de seguran\u00e7a.<\/strong><\/p>\n\n\n\n<p><strong>O atrito come\u00e7ou quando Moraes se aproximou de Mendon\u00e7a no in\u00edcio da sess\u00e3o para pedir uma conversa r\u00e1pida. O magistrado parou para ouvi-lo, mas o di\u00e1logo evoluiu rapidamente para bate-boca, com ambos elevando o tom de voz e se exaltando diante dos presentes.<\/strong><\/p>\n\n\n\n<p><strong>Diante da tens\u00e3o e do risco de escalada na abordagem, os seguran\u00e7as que atuam no local precisaram intervir prontamente para apartar a discuss\u00e3o entre os ministros. O epis\u00f3dio surpreendeu quem acompanhava a movimenta\u00e7\u00e3o pr\u00e9via da sess\u00e3o desta ter\u00e7a-feira.<\/strong><\/p>\n\n\n\n<p><em>Fonte: Band<\/em><\/p>\n","protected":false},"excerpt":{"rendered":"<p>Manifesta\u00e7\u00e3o aponta que nem a PGR nem a PF haviam solicitado inicialmente investiga\u00e7\u00f5es sobre pessoas espec\u00edficas<\/p>\n","protected":false},"author":2,"featured_media":57770,"comment_status":"open","ping_status":"open","sticky":false,"template":"","format":"standard","meta":{"om_disable_all_campaigns":false,"_monsterinsights_skip_tracking":false,"_monsterinsights_sitenote_active":false,"_monsterinsights_sitenote_note":"","_monsterinsights_sitenote_category":0,"footnotes":""},"categories":[34,70,69],"tags":[100,1173,71,48,8472,93,75,4178,4180,129,107,4181,132,230,106,203,120,51,7064,109,88,47,111,190],"class_list":["post-81227","post","type-post","status-publish","format-standard","has-post-thumbnail","hentry","category-brasil","category-destaques","category-noticias2","tag-adustina","tag-alexandre-de-moraes","tag-antas","tag-araci","tag-banco-master","tag-brasil","tag-cicero-dantas","tag-cipo-2","tag-crisopolis-2","tag-euclides-da-cunha","tag-fatima","tag-heliopolis-2","tag-itapicuru","tag-jeremoabo","tag-nova-soure","tag-novo-triunfo","tag-olindina","tag-paripiranga","tag-paulo-gonet","tag-quijingue","tag-ribeira-do-amparo","tag-ribeira-do-pombal","tag-sitio-do-quinto","tag-tucano"],"aioseo_notices":[],"_links":{"self":[{"href":"https:\/\/www.portalalerta.com.br\/index.php\/wp-json\/wp\/v2\/posts\/81227","targetHints":{"allow":["GET"]}}],"collection":[{"href":"https:\/\/www.portalalerta.com.br\/index.php\/wp-json\/wp\/v2\/posts"}],"about":[{"href":"https:\/\/www.portalalerta.com.br\/index.php\/wp-json\/wp\/v2\/types\/post"}],"author":[{"embeddable":true,"href":"https:\/\/www.portalalerta.com.br\/index.php\/wp-json\/wp\/v2\/users\/2"}],"replies":[{"embeddable":true,"href":"https:\/\/www.portalalerta.com.br\/index.php\/wp-json\/wp\/v2\/comments?post=81227"}],"version-history":[{"count":1,"href":"https:\/\/www.portalalerta.com.br\/index.php\/wp-json\/wp\/v2\/posts\/81227\/revisions"}],"predecessor-version":[{"id":81228,"href":"https:\/\/www.portalalerta.com.br\/index.php\/wp-json\/wp\/v2\/posts\/81227\/revisions\/81228"}],"wp:featuredmedia":[{"embeddable":true,"href":"https:\/\/www.portalalerta.com.br\/index.php\/wp-json\/wp\/v2\/media\/57770"}],"wp:attachment":[{"href":"https:\/\/www.portalalerta.com.br\/index.php\/wp-json\/wp\/v2\/media?parent=81227"}],"wp:term":[{"taxonomy":"category","embeddable":true,"href":"https:\/\/www.portalalerta.com.br\/index.php\/wp-json\/wp\/v2\/categories?post=81227"},{"taxonomy":"post_tag","embeddable":true,"href":"https:\/\/www.portalalerta.com.br\/index.php\/wp-json\/wp\/v2\/tags?post=81227"}],"curies":[{"name":"wp","href":"https:\/\/api.w.org\/{rel}","templated":true}]}}