{"id":81238,"date":"2026-09-03T23:37:33","date_gmt":"2026-09-04T02:37:33","guid":{"rendered":"https:\/\/www.portalalerta.com.br\/?p=81238"},"modified":"2026-09-03T23:37:34","modified_gmt":"2026-09-04T02:37:34","slug":"fachin-da-5-dias-para-manifestacao-de-moraes-mendonca-andrei-e-gonet","status":"publish","type":"post","link":"https:\/\/www.portalalerta.com.br\/index.php\/2026\/09\/03\/fachin-da-5-dias-para-manifestacao-de-moraes-mendonca-andrei-e-gonet\/","title":{"rendered":"Fachin d\u00e1 5 dias para manifesta\u00e7\u00e3o de Moraes, Mendon\u00e7a, Andrei e Gonet"},"content":{"rendered":"\n<p>Presidente do STF vai aguardar informa\u00e7\u00f5es antes de decidir sobre levar pedido de investiga\u00e7\u00e3o ao Plen\u00e1rio<\/p>\n\n\n\n<!--more-->\n\n\n\n<p>O presidente do&nbsp;<a href=\"https:\/\/www.cnnbrasil.com.br\/tudo-sobre\/supremo-tribunal-federal-stf\/\" target=\"_blank\" rel=\"noreferrer noopener\">STF (Supremo Tribunal Federal)<\/a>,&nbsp;Edson Fachin, determinou nesta quinta-feira (3) que os ministros&nbsp;<a href=\"https:\/\/www.cnnbrasil.com.br\/tudo-sobre\/alexandre-de-moraes\/\" target=\"_blank\" rel=\"noreferrer noopener\">Alexandre de Moraes<\/a>&nbsp;e&nbsp;<a href=\"https:\/\/www.cnnbrasil.com.br\/tudo-sobre\/andre-mendonca\/\" target=\"_blank\" rel=\"noreferrer noopener\">Andr\u00e9 Mendon\u00e7a<\/a>, o procurador-geral da Rep\u00fablica,&nbsp;Paulo Gonet, e o diretor-geral da Pol\u00edcia Federal,&nbsp;Andrei Rodrigues, se manifestem em at\u00e9 cinco dias sobre a crise envolvendo o caso Master.<\/p>\n\n\n\n<p>Fachin abriu um procedimento para esclarecer quest\u00f5es levantadas pela PGR em parecer que pediu a extin\u00e7\u00e3o da apura\u00e7\u00e3o conduzida por Mendon\u00e7a.<\/p>\n\n\n\n<p>O presidente do STF afirmou ser necess\u00e1rio colher informa\u00e7\u00f5es sobre:<\/p>\n\n\n\n<ul class=\"wp-block-list\">\n<li>o cumprimento, pela PF, das regras previstas na Lei Org\u00e2nica da Magistratura para casos envolvendo autoridades com foro no Supremo;<\/li>\n\n\n\n<li>eventuais ind\u00edcios de uso de credenciais institucionais para acessar documento particular e de repasse de informa\u00e7\u00f5es protegidas por sigilo judicial a pessoa investigada;<\/li>\n\n\n\n<li>as circunst\u00e2ncias em que Mendon\u00e7a determinou a identifica\u00e7\u00e3o de pessoas mencionadas nas investiga\u00e7\u00f5es do caso Master; e<\/li>\n\n\n\n<li>as medidas adotadas pela PGR, no exerc\u00edcio do controle externo da atividade policial, para fiscalizar o cumprimento dessas regras.<\/li>\n<\/ul>\n\n\n<div class=\"wp-block-image\">\n<figure class=\"alignleft size-large is-resized\"><img fetchpriority=\"high\" decoding=\"async\" width=\"819\" height=\"1024\" src=\"https:\/\/www.portalalerta.com.br\/wp-content\/uploads\/2026\/08\/Setembro-Amarelo-Real-2026-819x1024.jpg\" alt=\"\" class=\"wp-image-81187\" style=\"width:435px\" srcset=\"https:\/\/www.portalalerta.com.br\/wp-content\/uploads\/2026\/08\/Setembro-Amarelo-Real-2026-819x1024.jpg 819w, https:\/\/www.portalalerta.com.br\/wp-content\/uploads\/2026\/08\/Setembro-Amarelo-Real-2026-192x240.jpg 192w, https:\/\/www.portalalerta.com.br\/wp-content\/uploads\/2026\/08\/Setembro-Amarelo-Real-2026-768x960.jpg 768w, https:\/\/www.portalalerta.com.br\/wp-content\/uploads\/2026\/08\/Setembro-Amarelo-Real-2026.jpg 1024w\" sizes=\"(max-width: 819px) 100vw, 819px\" \/><\/figure><\/div>\n\n\n<p>&#8220;Cabe \u00e0 Presid\u00eancia do tribunal zelar para que a poss\u00edvel aprecia\u00e7\u00e3o colegiada seja feita, a tempo e modo, com o elevado senso de responsabilidade que os fatos reclamam&#8221;, afirmou Fachin.<\/p>\n\n\n\n<p>A decis\u00e3o foi tomada depois de Mendon\u00e7a retirar, na ter\u00e7a-feira (1\u00ba), o sigilo de um relat\u00f3rio da Pol\u00edcia Federal que traz mensagens e registros de contato entre o fundador do Banco Master,&nbsp;Daniel Vorcaro, e o ministro Alexandre de Moraes. Com a divulga\u00e7\u00e3o do material, Mendon\u00e7a pediu manifesta\u00e7\u00e3o da PGR \u2014 e Gonet respondeu defendendo a nulidade da apura\u00e7\u00e3o e pedindo o arquivamento do procedimento.<\/p>\n\n\n\n<p>Segundo o procurador-geral, a investiga\u00e7\u00e3o n\u00e3o poderia ter avan\u00e7ado da forma como foi conduzida sem provoca\u00e7\u00e3o do Minist\u00e9rio P\u00fablico. A PGR tamb\u00e9m questionou o tratamento dado a informa\u00e7\u00f5es envolvendo autoridades com foro no Supremo.<\/p>\n\n\n\n<p>Na decis\u00e3o desta quinta, Fachin afirmou que esses poss\u00edveis&nbsp;&#8220;v\u00edcios de forma&#8221;&nbsp;ainda ser\u00e3o analisados. Antes disso, por\u00e9m, determinou a coleta de informa\u00e7\u00f5es de Moraes, Mendon\u00e7a, Gonet e Andrei Rodrigues para esclarecer os fatos e decidir os pr\u00f3ximos passos do caso.<\/p>\n\n\n\n<p>STF em crise<\/p>\n\n\n\n<p>A decis\u00e3o de Fachin \u00e9 desdobramento direto de um movimento de Mendon\u00e7a dois dias antes: a retirada do sigilo do relat\u00f3rio da PF sobre Moraes e Vorcaro, com a determina\u00e7\u00e3o de que o plen\u00e1rio analisasse os novos elementos.<\/p>\n\n\n\n<p>A divulga\u00e7\u00e3o do relat\u00f3rio acirrou a rela\u00e7\u00e3o entre os dois ministros. Na segunda-feira (31), antes de o material se tornar p\u00fablico, Moraes e Mendon\u00e7a tiveram uma conversa descrita por fontes \u00e0&nbsp;CNN&nbsp;como&nbsp;&#8220;direta, dura e r\u00edspida&#8221;, depois de Mendon\u00e7a informar que encaminharia as informa\u00e7\u00f5es \u00e0 PGR.<\/p>\n\n\n\n<p>Nesta quinta, Moraes reagiu usando relat\u00f3rios de intelig\u00eancia da pr\u00f3pria PF para questionar a atua\u00e7\u00e3o de Mendon\u00e7a nas opera\u00e7\u00f5es&nbsp;Compliance Zero&nbsp;e&nbsp;Sem Desconto. Na decis\u00e3o, afirmou haver&nbsp;&#8220;fortes ind\u00edcios&#8221;&nbsp;de improbidade administrativa, abuso de autoridade e crime de responsabilidade, e disse que o colega teria direcionado investiga\u00e7\u00f5es contra ele e contra&nbsp;Davi Alcolumbre (Uni\u00e3o-AP)&nbsp;por motivos pessoais e pol\u00edticos.<\/p>\n\n\n\n<p>Moraes encaminhou o material a Fachin para as provid\u00eancias que ele entendesse necess\u00e1rias.<\/p>\n\n\n\n<p><em>Fonte: CNN<\/em><\/p>\n","protected":false},"excerpt":{"rendered":"<p>Presidente do STF vai aguardar informa\u00e7\u00f5es antes de decidir sobre levar pedido de investiga\u00e7\u00e3o ao Plen\u00e1rio<\/p>\n","protected":false},"author":2,"featured_media":75781,"comment_status":"open","ping_status":"open","sticky":false,"template":"","format":"standard","meta":{"om_disable_all_campaigns":false,"_monsterinsights_skip_tracking":false,"_monsterinsights_sitenote_active":false,"_monsterinsights_sitenote_note":"","_monsterinsights_sitenote_category":0,"footnotes":""},"categories":[34,70,69],"tags":[100,1173,3610,8880,71,48,75,4178,4180,3538,129,107,4181,132,230,106,203,120,51,7064,109,88,47,111,216,190],"class_list":["post-81238","post","type-post","status-publish","format-standard","has-post-thumbnail","hentry","category-brasil","category-destaques","category-noticias2","tag-adustina","tag-alexandre-de-moraes","tag-andre-mendonca","tag-andrei-rodrigues","tag-antas","tag-araci","tag-cicero-dantas","tag-cipo-2","tag-crisopolis-2","tag-edson-fachin","tag-euclides-da-cunha","tag-fatima","tag-heliopolis-2","tag-itapicuru","tag-jeremoabo","tag-nova-soure","tag-novo-triunfo","tag-olindina","tag-paripiranga","tag-paulo-gonet","tag-quijingue","tag-ribeira-do-amparo","tag-ribeira-do-pombal","tag-sitio-do-quinto","tag-stf","tag-tucano"],"aioseo_notices":[],"_links":{"self":[{"href":"https:\/\/www.portalalerta.com.br\/index.php\/wp-json\/wp\/v2\/posts\/81238","targetHints":{"allow":["GET"]}}],"collection":[{"href":"https:\/\/www.portalalerta.com.br\/index.php\/wp-json\/wp\/v2\/posts"}],"about":[{"href":"https:\/\/www.portalalerta.com.br\/index.php\/wp-json\/wp\/v2\/types\/post"}],"author":[{"embeddable":true,"href":"https:\/\/www.portalalerta.com.br\/index.php\/wp-json\/wp\/v2\/users\/2"}],"replies":[{"embeddable":true,"href":"https:\/\/www.portalalerta.com.br\/index.php\/wp-json\/wp\/v2\/comments?post=81238"}],"version-history":[{"count":1,"href":"https:\/\/www.portalalerta.com.br\/index.php\/wp-json\/wp\/v2\/posts\/81238\/revisions"}],"predecessor-version":[{"id":81239,"href":"https:\/\/www.portalalerta.com.br\/index.php\/wp-json\/wp\/v2\/posts\/81238\/revisions\/81239"}],"wp:featuredmedia":[{"embeddable":true,"href":"https:\/\/www.portalalerta.com.br\/index.php\/wp-json\/wp\/v2\/media\/75781"}],"wp:attachment":[{"href":"https:\/\/www.portalalerta.com.br\/index.php\/wp-json\/wp\/v2\/media?parent=81238"}],"wp:term":[{"taxonomy":"category","embeddable":true,"href":"https:\/\/www.portalalerta.com.br\/index.php\/wp-json\/wp\/v2\/categories?post=81238"},{"taxonomy":"post_tag","embeddable":true,"href":"https:\/\/www.portalalerta.com.br\/index.php\/wp-json\/wp\/v2\/tags?post=81238"}],"curies":[{"name":"wp","href":"https:\/\/api.w.org\/{rel}","templated":true}]}}