{"id":81243,"date":"2026-09-03T23:58:09","date_gmt":"2026-09-04T02:58:09","guid":{"rendered":"https:\/\/www.portalalerta.com.br\/?p=81243"},"modified":"2026-09-03T23:58:11","modified_gmt":"2026-09-04T02:58:11","slug":"moraes-usa-inquerito-das-fake-news-para-acusar-mendonca-de-crimes","status":"publish","type":"post","link":"https:\/\/www.portalalerta.com.br\/index.php\/2026\/09\/03\/moraes-usa-inquerito-das-fake-news-para-acusar-mendonca-de-crimes\/","title":{"rendered":"Moraes usa inqu\u00e9rito das fake news para acusar Mendon\u00e7a de crimes"},"content":{"rendered":"\n<p><strong>Ministro cita improbidade administrativa, abuso de autoridade, e pede a Fachin abertura de a\u00e7\u00e3o contra colega da corte<\/strong><\/p>\n\n\n\n<!--more-->\n\n\n\n<p><strong>O ministro&nbsp;<a href=\"https:\/\/www.cnnbrasil.com.br\/tudo-sobre\/alexandre-de-moraes\/\" target=\"_blank\" rel=\"noreferrer noopener\">Alexandre de Moraes<\/a>, do&nbsp;<a href=\"https:\/\/www.cnnbrasil.com.br\/tudo-sobre\/supremo-tribunal-federal-stf\/\" target=\"_blank\" rel=\"noreferrer noopener\">STF (Supremo Tribunal Federal)<\/a>, usou o inqu\u00e9rito das Fake News para acusar o ministro&nbsp;Andr\u00e9 Mendon\u00e7a&nbsp;de crimes. O magistrado tamb\u00e9m pede ao presidente da corte, Edson Fachin, que abra a\u00e7\u00e3o contra o colega.<\/strong><\/p>\n\n\n\n<p><strong>Em decis\u00e3o, assinada na noite desta quinta-feira (3), Moraes enumera suspeitas contra Mendon\u00e7a por usurpa\u00e7\u00e3o da dire\u00e7\u00e3o das investiga\u00e7\u00f5es, condu\u00e7\u00e3o irregular das tratativas de dela\u00e7\u00e3o premiada e direcionamento de investiga\u00e7\u00e3o contra o magistrado.<\/strong><\/p>\n\n\n\n<p><strong>As suspeitas t\u00eam como base relat\u00f3rios de intelig\u00eancia da Pol\u00edcia Federal sobre a atua\u00e7\u00e3o de Mendon\u00e7a nas opera\u00e7\u00f5es&nbsp;Sem Desconto, que investiga fraudes relacionadas ao INSS, e&nbsp;Compliance Zero, ligada ao Banco Master.<\/strong><\/p>\n\n\n<div class=\"wp-block-image\">\n<figure class=\"alignleft size-large is-resized\"><img fetchpriority=\"high\" decoding=\"async\" width=\"819\" height=\"1024\" src=\"https:\/\/www.portalalerta.com.br\/wp-content\/uploads\/2026\/08\/Setembro-Amarelo-Real-2026-819x1024.jpg\" alt=\"\" class=\"wp-image-81187\" style=\"width:435px\" srcset=\"https:\/\/www.portalalerta.com.br\/wp-content\/uploads\/2026\/08\/Setembro-Amarelo-Real-2026-819x1024.jpg 819w, https:\/\/www.portalalerta.com.br\/wp-content\/uploads\/2026\/08\/Setembro-Amarelo-Real-2026-192x240.jpg 192w, https:\/\/www.portalalerta.com.br\/wp-content\/uploads\/2026\/08\/Setembro-Amarelo-Real-2026-768x960.jpg 768w, https:\/\/www.portalalerta.com.br\/wp-content\/uploads\/2026\/08\/Setembro-Amarelo-Real-2026.jpg 1024w\" sizes=\"(max-width: 819px) 100vw, 819px\" \/><\/figure><\/div>\n\n\n<p><strong>Segundo Moraes, os documentos apontam tr\u00eas principais condutas: interfer\u00eancia na condu\u00e7\u00e3o das investiga\u00e7\u00f5es pela PF, participa\u00e7\u00e3o irregular em tratativas de colabora\u00e7\u00e3o premiada e direcionamento de alvos por&nbsp;\u201cmotivos pessoais e pol\u00edticos\u201d.<\/strong><\/p>\n\n\n\n<p><strong>Entre os alvos citados&nbsp;<a href=\"https:\/\/www.cnnbrasil.com.br\/politica\/moraes-acusa-mendonca-de-perseguir-alcolumbre-e-outros-ministros-do-stf\/\" target=\"_blank\" rel=\"noreferrer noopener\">est\u00e3o o pr\u00f3prio Moraes e o presidente do Senado, Davi Alcolumbre (Uni\u00e3o-AP)<\/a>.<\/strong><\/p>\n\n\n\n<p><strong>Um dos relat\u00f3rios afirma que Mendon\u00e7a demonstrava \u201cinteresse no in\u00edcio de investiga\u00e7\u00e3o formal\u201d contra Moraes e teria pedido mais de uma vez que investigadores apresentassem alguma provoca\u00e7\u00e3o para que uma apura\u00e7\u00e3o contra o colega avan\u00e7asse.<\/strong><\/p>\n\n\n\n<p><strong>No caso de Alcolumbre, o documento levanta a hip\u00f3tese de que o senador seria um&nbsp;\u201cprov\u00e1vel alvo estrat\u00e9gico\u201d&nbsp;por sua for\u00e7a pol\u00edtica e pelo controle da pauta do Senado, especialmente em rela\u00e7\u00e3o ao processamento de pedidos de impeachment contra ministros do Supremo.<\/strong><\/p>\n\n\n\n<p><strong>Tratamento diferente entre ministros<\/strong><\/p>\n\n\n\n<p><strong>Moraes sustenta ainda que Mendon\u00e7a teria adotado posturas diferentes diante de informa\u00e7\u00f5es envolvendo integrantes do pr\u00f3prio Supremo.<\/strong><\/p>\n\n\n\n<p><strong>Segundo um dos relat\u00f3rios, Mendon\u00e7a apresentava uma posi\u00e7\u00e3o de&nbsp;\u201cdefesa\u201d&nbsp;em rela\u00e7\u00e3o a Dias Toffoli e&nbsp;<a href=\"https:\/\/www.cnnbrasil.com.br\/tudo-sobre\/kassio-nunes-marques\/\" target=\"_blank\" rel=\"noreferrer noopener\">Kassio Nunes Marques<\/a>, enquanto demonstrava interesse em fazer avan\u00e7ar uma investiga\u00e7\u00e3o envolvendo Moraes.<\/strong><\/p>\n\n\n\n<p><strong>A decis\u00e3o tamb\u00e9m cita relat\u00f3rios de intelig\u00eancia que mencionam Gilmar Mendes, Luiz Fux e outros ministros em meio a poss\u00edveis atos voltados a direcionar a produ\u00e7\u00e3o de provas para falsas imputa\u00e7\u00f5es de crimes.<\/strong><\/p>\n\n\n\n<p><strong>Gonet e diretor da PF<\/strong><\/p>\n\n\n\n<p><strong>Outro trecho envolve o procurador-geral da Rep\u00fablica,&nbsp;Paulo Gonet. Segundo um relat\u00f3rio da PF citado por Moraes, Mendon\u00e7a teria demonstrado desconfian\u00e7a em rela\u00e7\u00e3o ao chefe da PGR por causa de sua proximidade com Gilmar Mendes.<\/strong><\/p>\n\n\n\n<p><strong>O documento afirma que essa rela\u00e7\u00e3o tornaria Gonet&nbsp;\u201cindigno de confian\u00e7a\u201d, na avalia\u00e7\u00e3o atribu\u00edda a Mendon\u00e7a, e registra que o ministro cogitou arrolar o procurador-geral como testemunha em processos derivados das opera\u00e7\u00f5es.<\/strong><\/p>\n\n\n\n<p><strong>Em rela\u00e7\u00e3o ao diretor-geral da PF,&nbsp;Andrei Rodrigues, o relat\u00f3rio diz que Mendon\u00e7a teria afirmado em reuni\u00f5es que a proximidade dele com o presidente&nbsp;<a href=\"https:\/\/www.cnnbrasil.com.br\/tudo-sobre\/luiz-inacio-lula-da-silva-lula\/\" target=\"_blank\" rel=\"noreferrer noopener\">Luiz In\u00e1cio Lula da Silva (PT)<\/a>&nbsp;impediria que confiasse em sua atua\u00e7\u00e3o.<\/strong><\/p>\n\n\n\n<p><strong>Decis\u00e3o sem assinatura<\/strong><\/p>\n\n\n\n<p><strong>Moraes tamb\u00e9m questiona a forma como Mendon\u00e7a determinou dilig\u00eancias no caso Master contra ele.<\/strong><\/p>\n\n\n\n<p><strong>Segundo a decis\u00e3o, o ministro convocou investigadores da PF para uma reuni\u00e3o presencial em seu gabinete e entregou uma c\u00f3pia f\u00edsica de uma decis\u00e3o ainda sem assinatura.&nbsp;\u201cO relator convocou os investigadores para reuni\u00e3o presencial em seu gabinete e entregou-lhes exemplar f\u00edsico da decis\u00e3o, sem assinatura\u201d, diz o relat\u00f3rio citado por Moraes.<\/strong><\/p>\n\n\n\n<p><strong>A PF classificou o procedimento como&nbsp;\u201cat\u00edpico\u201d. O relat\u00f3rio afirma que o documento assinado s\u00f3 ficou dispon\u00edvel posteriormente e registra ainda que a PGR n\u00e3o havia recebido vista pr\u00e9via da decis\u00e3o.<\/strong><\/p>\n\n\n\n<p><strong>Crise no STF<\/strong><\/p>\n\n\n\n<p><strong>A decis\u00e3o \u00e9 mais um cap\u00edtulo do embate entre Moraes e Mendon\u00e7a, intensificado nesta semana.<\/strong><\/p>\n\n\n\n<p><strong>Na ter\u00e7a-feira (1\u00ba), Mendon\u00e7a retirou o sigilo de um relat\u00f3rio da PF com mensagens e registros de contatos entre Moraes e o ex-banqueiro Daniel Vorcaro, fundador do Banco Master. Na mesma decis\u00e3o, Mendon\u00e7a afirmou que os novos elementos deveriam ser analisados pelo plen\u00e1rio do Supremo.<\/strong><\/p>\n\n\n\n<p><em>Fonte: CNN<\/em><\/p>\n","protected":false},"excerpt":{"rendered":"<p>Ministro cita improbidade administrativa, abuso de autoridade, e pede a Fachin abertura de a\u00e7\u00e3o contra colega da corte<\/p>\n","protected":false},"author":2,"featured_media":81218,"comment_status":"open","ping_status":"open","sticky":false,"template":"","format":"standard","meta":{"om_disable_all_campaigns":false,"_monsterinsights_skip_tracking":false,"_monsterinsights_sitenote_active":false,"_monsterinsights_sitenote_note":"","_monsterinsights_sitenote_category":0,"footnotes":""},"categories":[34,70,69],"tags":[100,1173,3610,71,48,8472,75,4178,4180,129,3399,107,4181,132,230,106,203,120,51,109,88,47,111,216,190],"class_list":["post-81243","post","type-post","status-publish","format-standard","has-post-thumbnail","hentry","category-brasil","category-destaques","category-noticias2","tag-adustina","tag-alexandre-de-moraes","tag-andre-mendonca","tag-antas","tag-araci","tag-banco-master","tag-cicero-dantas","tag-cipo-2","tag-crisopolis-2","tag-euclides-da-cunha","tag-fake-news","tag-fatima","tag-heliopolis-2","tag-itapicuru","tag-jeremoabo","tag-nova-soure","tag-novo-triunfo","tag-olindina","tag-paripiranga","tag-quijingue","tag-ribeira-do-amparo","tag-ribeira-do-pombal","tag-sitio-do-quinto","tag-stf","tag-tucano"],"aioseo_notices":[],"_links":{"self":[{"href":"https:\/\/www.portalalerta.com.br\/index.php\/wp-json\/wp\/v2\/posts\/81243","targetHints":{"allow":["GET"]}}],"collection":[{"href":"https:\/\/www.portalalerta.com.br\/index.php\/wp-json\/wp\/v2\/posts"}],"about":[{"href":"https:\/\/www.portalalerta.com.br\/index.php\/wp-json\/wp\/v2\/types\/post"}],"author":[{"embeddable":true,"href":"https:\/\/www.portalalerta.com.br\/index.php\/wp-json\/wp\/v2\/users\/2"}],"replies":[{"embeddable":true,"href":"https:\/\/www.portalalerta.com.br\/index.php\/wp-json\/wp\/v2\/comments?post=81243"}],"version-history":[{"count":1,"href":"https:\/\/www.portalalerta.com.br\/index.php\/wp-json\/wp\/v2\/posts\/81243\/revisions"}],"predecessor-version":[{"id":81244,"href":"https:\/\/www.portalalerta.com.br\/index.php\/wp-json\/wp\/v2\/posts\/81243\/revisions\/81244"}],"wp:featuredmedia":[{"embeddable":true,"href":"https:\/\/www.portalalerta.com.br\/index.php\/wp-json\/wp\/v2\/media\/81218"}],"wp:attachment":[{"href":"https:\/\/www.portalalerta.com.br\/index.php\/wp-json\/wp\/v2\/media?parent=81243"}],"wp:term":[{"taxonomy":"category","embeddable":true,"href":"https:\/\/www.portalalerta.com.br\/index.php\/wp-json\/wp\/v2\/categories?post=81243"},{"taxonomy":"post_tag","embeddable":true,"href":"https:\/\/www.portalalerta.com.br\/index.php\/wp-json\/wp\/v2\/tags?post=81243"}],"curies":[{"name":"wp","href":"https:\/\/api.w.org\/{rel}","templated":true}]}}