{"id":81253,"date":"2026-09-06T13:57:19","date_gmt":"2026-09-06T16:57:19","guid":{"rendered":"https:\/\/www.portalalerta.com.br\/?p=81253"},"modified":"2026-09-06T13:57:21","modified_gmt":"2026-09-06T16:57:21","slug":"jovem-de-21-anos-fica-gravemente-ferido-em-acidente-na-br-116-em-euclides-da-cunha-mulher-morre","status":"publish","type":"post","link":"https:\/\/www.portalalerta.com.br\/index.php\/2026\/09\/06\/jovem-de-21-anos-fica-gravemente-ferido-em-acidente-na-br-116-em-euclides-da-cunha-mulher-morre\/","title":{"rendered":"Jovem de 21 anos fica gravemente ferido em acidente na BR-116 em Euclides da Cunha; mulher morre"},"content":{"rendered":"\n<p>Acidente ocorreu durante a madrugada e envolveu uma motocicleta. Jovem precisou ser transferido para uma unidade hospitalar de maior porte.<\/p>\n\n\n\n<!--more-->\n\n\n<div class=\"wp-block-image\">\n<figure class=\"alignleft size-large is-resized\"><img fetchpriority=\"high\" decoding=\"async\" width=\"819\" height=\"1024\" src=\"https:\/\/www.portalalerta.com.br\/wp-content\/uploads\/2026\/08\/Setembro-Amarelo-Real-2026-819x1024.jpg\" alt=\"\" class=\"wp-image-81187\" style=\"width:392px;height:auto\" srcset=\"https:\/\/www.portalalerta.com.br\/wp-content\/uploads\/2026\/08\/Setembro-Amarelo-Real-2026-819x1024.jpg 819w, https:\/\/www.portalalerta.com.br\/wp-content\/uploads\/2026\/08\/Setembro-Amarelo-Real-2026-192x240.jpg 192w, https:\/\/www.portalalerta.com.br\/wp-content\/uploads\/2026\/08\/Setembro-Amarelo-Real-2026-768x960.jpg 768w, https:\/\/www.portalalerta.com.br\/wp-content\/uploads\/2026\/08\/Setembro-Amarelo-Real-2026.jpg 1024w\" sizes=\"(max-width: 819px) 100vw, 819px\" \/><\/figure><\/div>\n\n\n<p>Um grave acidente envolvendo uma motocicleta deixou um jovem de 21 anos gravemente ferido e resultou na morte de uma mulher na madrugada deste s\u00e1bado, na BR-116, em Euclides da Cunha, no nordeste da Bahia.<\/p>\n\n\n\n<p>A ocorr\u00eancia foi registrada por volta das 3h20, nas proximidades da Oficina Z\u00e9 P\u00e3o. As v\u00edtimas foram encontradas desacordadas perto de uma motocicleta Honda CG, de cor preta.<\/p>\n\n\n\n<p>Equipes do Servi\u00e7o de Atendimento M\u00f3vel de Urg\u00eancia (SAMU) foram acionadas e realizaram os primeiros atendimentos no local, com apoio das equipes de emerg\u00eancia.<\/p>\n\n\n\n<p>A mulher foi identificada como&nbsp;<strong>Camila Santos Reis<\/strong>. Ela sofreu ferimentos graves e, apesar das tentativas de socorro, n\u00e3o resistiu e morreu.<\/p>\n\n\n\n<p>O jovem foi identificado por populares como&nbsp;<strong>Ednaldo Santos de Souza<\/strong>, de 21 anos, conhecido como&nbsp;<strong>\u201cGato Azul\u201d<\/strong>, morador do povoado Lagoa da Ilha.<\/p>\n\n\n\n<p>Ap\u00f3s receber atendimento inicial, Ednaldo foi encaminhado para uma unidade hospitalar. Devido \u00e0 gravidade do quadro, posteriormente foi necess\u00e1ria a transfer\u00eancia para uma unidade de maior porte.<\/p>\n\n\n\n<p>At\u00e9 o momento, n\u00e3o foram divulgadas novas informa\u00e7\u00f5es oficiais sobre o estado de sa\u00fade do jovem ap\u00f3s a transfer\u00eancia.<\/p>\n\n\n\n<p>As circunst\u00e2ncias que provocaram o acidente ainda n\u00e3o foram esclarecidas e dever\u00e3o ser apuradas pelas autoridades respons\u00e1veis.<\/p>\n\n\n\n<p><em>Fonte: Chico Sabe Tudo<\/em><\/p>\n","protected":false},"excerpt":{"rendered":"<p>Acidente ocorreu durante a madrugada e envolveu uma motocicleta. Jovem precisou ser transferido para uma unidade hospitalar de maior porte.<\/p>\n","protected":false},"author":2,"featured_media":81254,"comment_status":"open","ping_status":"open","sticky":false,"template":"","format":"standard","meta":{"om_disable_all_campaigns":false,"_monsterinsights_skip_tracking":false,"_monsterinsights_sitenote_active":false,"_monsterinsights_sitenote_note":"","_monsterinsights_sitenote_category":0,"footnotes":""},"categories":[8473,17,69,32],"tags":[5463,100,71,48,289,75,4178,4180,129,107,4181,132,230,169,106,203,120,51,109,88,47,111,190],"class_list":["post-81253","post","type-post","status-publish","format-standard","has-post-thumbnail","hentry","category-destaque","category-euclides-da-cunha","category-noticias2","category-regiao","tag-acidente-de-transito","tag-adustina","tag-antas","tag-araci","tag-br-116","tag-cicero-dantas","tag-cipo-2","tag-crisopolis-2","tag-euclides-da-cunha","tag-fatima","tag-heliopolis-2","tag-itapicuru","tag-jeremoabo","tag-morte","tag-nova-soure","tag-novo-triunfo","tag-olindina","tag-paripiranga","tag-quijingue","tag-ribeira-do-amparo","tag-ribeira-do-pombal","tag-sitio-do-quinto","tag-tucano"],"aioseo_notices":[],"_links":{"self":[{"href":"https:\/\/www.portalalerta.com.br\/index.php\/wp-json\/wp\/v2\/posts\/81253","targetHints":{"allow":["GET"]}}],"collection":[{"href":"https:\/\/www.portalalerta.com.br\/index.php\/wp-json\/wp\/v2\/posts"}],"about":[{"href":"https:\/\/www.portalalerta.com.br\/index.php\/wp-json\/wp\/v2\/types\/post"}],"author":[{"embeddable":true,"href":"https:\/\/www.portalalerta.com.br\/index.php\/wp-json\/wp\/v2\/users\/2"}],"replies":[{"embeddable":true,"href":"https:\/\/www.portalalerta.com.br\/index.php\/wp-json\/wp\/v2\/comments?post=81253"}],"version-history":[{"count":1,"href":"https:\/\/www.portalalerta.com.br\/index.php\/wp-json\/wp\/v2\/posts\/81253\/revisions"}],"predecessor-version":[{"id":81255,"href":"https:\/\/www.portalalerta.com.br\/index.php\/wp-json\/wp\/v2\/posts\/81253\/revisions\/81255"}],"wp:featuredmedia":[{"embeddable":true,"href":"https:\/\/www.portalalerta.com.br\/index.php\/wp-json\/wp\/v2\/media\/81254"}],"wp:attachment":[{"href":"https:\/\/www.portalalerta.com.br\/index.php\/wp-json\/wp\/v2\/media?parent=81253"}],"wp:term":[{"taxonomy":"category","embeddable":true,"href":"https:\/\/www.portalalerta.com.br\/index.php\/wp-json\/wp\/v2\/categories?post=81253"},{"taxonomy":"post_tag","embeddable":true,"href":"https:\/\/www.portalalerta.com.br\/index.php\/wp-json\/wp\/v2\/tags?post=81253"}],"curies":[{"name":"wp","href":"https:\/\/api.w.org\/{rel}","templated":true}]}}