{"id":8176,"date":"2018-06-17T23:26:02","date_gmt":"2018-06-18T02:26:02","guid":{"rendered":"http:\/\/www.portalalerta.com.br\/?p=8176"},"modified":"2018-06-17T23:26:02","modified_gmt":"2018-06-18T02:26:02","slug":"idoso-e-preso-por-posse-ilegal-de-arma-de-fogo-em-ribeira-do-pombal-ba","status":"publish","type":"post","link":"https:\/\/www.portalalerta.com.br\/index.php\/2018\/06\/17\/idoso-e-preso-por-posse-ilegal-de-arma-de-fogo-em-ribeira-do-pombal-ba\/","title":{"rendered":"Idoso \u00e9 preso por posse ilegal de arma de fogo, em Ribeira do Pombal-BA"},"content":{"rendered":"<p style=\"text-align: justify;\">No \u00faltimo s\u00e1bado, 16, policiais militares do 2\u00ba Pelot\u00e3o\/ Ribeira do Pombal, receberam uma den\u00fancia, de que um homem conhecido como \u201cJo\u00e3o Eletricista\u201d, estaria efetuando disparos de arma de fogo, na regi\u00e3o da subesta\u00e7\u00e3o da cidade.<!--more--><\/p>\n<p style=\"text-align: justify;\">Os militares se dirigiram at\u00e9 o local indicado, onde manteve contato com o suspeito, que inicialmente afirmou n\u00e3o possuir nenhum tipo de arma de fogo, por\u00e9m autorizou os militares a realizarem buscas no interior de sua resid\u00eancia, situada naquela localidade.<\/p>\n<p style=\"text-align: justify;\"><img fetchpriority=\"high\" decoding=\"async\" class=\"size-thumbnail wp-image-4869 aligncenter\" src=\"http:\/\/www.portalalerta.com.br\/wp-content\/uploads\/2018\/02\/Auto-Escola-Nobre-720x181.jpg\" alt=\"\" width=\"720\" height=\"181\" srcset=\"https:\/\/www.portalalerta.com.br\/wp-content\/uploads\/2018\/02\/Auto-Escola-Nobre.jpg 720w, https:\/\/www.portalalerta.com.br\/wp-content\/uploads\/2018\/02\/Auto-Escola-Nobre-260x65.jpg 260w, https:\/\/www.portalalerta.com.br\/wp-content\/uploads\/2018\/02\/Auto-Escola-Nobre-50x13.jpg 50w, https:\/\/www.portalalerta.com.br\/wp-content\/uploads\/2018\/02\/Auto-Escola-Nobre-150x38.jpg 150w\" sizes=\"(max-width: 720px) 100vw, 720px\" \/>Ao realizarem uma busca minuciosa, os militares encontraram um rev\u00f3lver cal. 22, al\u00e9m de nove muni\u00e7\u00f5es do mesmo calibre (seis pinadas e tr\u00eas intactas). Jo\u00e3o Ferreira da Silva (Jo\u00e3o Eletricista), 73 anos, afirmou ser o propriet\u00e1rio da arma de fogo, alegando possuir a mesma h\u00e1 mais de cinquenta anos, e que seria para defesa pessoal.<\/p>\n<p style=\"text-align: justify;\">Tanto o idoso, quanto a arma de fogo e muni\u00e7\u00f5es, foram conduzidos para a Delegacia de Pol\u00edcia Civil local, onde foram apresentados em flagrante por Posse Ilegal de Arma de Fogo.<\/p>\n<figure id=\"attachment_8177\" aria-describedby=\"caption-attachment-8177\" style=\"width: 500px\" class=\"wp-caption aligncenter\"><img decoding=\"async\" class=\"wp-image-8177 size-full\" src=\"http:\/\/www.portalalerta.com.br\/wp-content\/uploads\/2018\/06\/Jo\u00e3o-Ferreira-da-Silva-Jo\u00e3o-Eletricista.jpg\" alt=\"\" width=\"500\" height=\"350\" srcset=\"https:\/\/www.portalalerta.com.br\/wp-content\/uploads\/2018\/06\/Jo\u00e3o-Ferreira-da-Silva-Jo\u00e3o-Eletricista.jpg 500w, https:\/\/www.portalalerta.com.br\/wp-content\/uploads\/2018\/06\/Jo\u00e3o-Ferreira-da-Silva-Jo\u00e3o-Eletricista-343x240.jpg 343w, https:\/\/www.portalalerta.com.br\/wp-content\/uploads\/2018\/06\/Jo\u00e3o-Ferreira-da-Silva-Jo\u00e3o-Eletricista-209x146.jpg 209w, https:\/\/www.portalalerta.com.br\/wp-content\/uploads\/2018\/06\/Jo\u00e3o-Ferreira-da-Silva-Jo\u00e3o-Eletricista-50x35.jpg 50w, https:\/\/www.portalalerta.com.br\/wp-content\/uploads\/2018\/06\/Jo\u00e3o-Ferreira-da-Silva-Jo\u00e3o-Eletricista-107x75.jpg 107w\" sizes=\"(max-width: 500px) 100vw, 500px\" \/><figcaption id=\"caption-attachment-8177\" class=\"wp-caption-text\">Idoso foi preso em flagrante por posse ilegal de arma de fogo<\/figcaption><\/figure>\n<p style=\"text-align: justify;\"><a href=\"http:\/\/www.facebook.com.br\/pombalalerta\"><strong>Curta nossa p\u00e1gina no facebook, e continue atualizado sobre tudo o que acontece em sua cidade!<\/strong><\/a><\/p>\n<p style=\"text-align: justify;\"><a href=\"https:\/\/play.google.com\/store\/apps\/details?id=com.globalstore.pombalalerta&amp;hl=pt_BR\"><strong>Baixe o nosso aplicativo, e fique de olho na not\u00edcia!<\/strong><\/a><\/p>\n<p style=\"text-align: justify;\"><em>Reda\u00e7\u00e3o: Portal Alerta<\/em><\/p>\n","protected":false},"excerpt":{"rendered":"<p>No \u00faltimo s\u00e1bado, 16, policiais militares do 2\u00ba Pelot\u00e3o\/ Ribeira do Pombal, receberam uma den\u00fancia, de que um homem conhecido como \u201cJo\u00e3o Eletricista\u201d, estaria efetuando disparos de arma de fogo, na regi\u00e3o da subesta\u00e7\u00e3o da cidade.<\/p>\n","protected":false},"author":2,"featured_media":8178,"comment_status":"closed","ping_status":"open","sticky":false,"template":"","format":"standard","meta":{"om_disable_all_campaigns":false,"_monsterinsights_skip_tracking":false,"_monsterinsights_sitenote_active":false,"_monsterinsights_sitenote_note":"","_monsterinsights_sitenote_category":0,"footnotes":""},"categories":[70,69,32,3,22],"tags":[127,355,79,1249,354,77,47],"class_list":["post-8176","post","type-post","status-publish","format-standard","has-post-thumbnail","hentry","category-destaques","category-noticias2","category-regiao","category-ribeira-do-pombal","category-seguranca","tag-2o-pelotao","tag-idoso","tag-policia-militar","tag-posse-ilegal-de-arma-de-fogo","tag-posse-ilegal-de-municao","tag-preso","tag-ribeira-do-pombal"],"aioseo_notices":[],"_links":{"self":[{"href":"https:\/\/www.portalalerta.com.br\/index.php\/wp-json\/wp\/v2\/posts\/8176","targetHints":{"allow":["GET"]}}],"collection":[{"href":"https:\/\/www.portalalerta.com.br\/index.php\/wp-json\/wp\/v2\/posts"}],"about":[{"href":"https:\/\/www.portalalerta.com.br\/index.php\/wp-json\/wp\/v2\/types\/post"}],"author":[{"embeddable":true,"href":"https:\/\/www.portalalerta.com.br\/index.php\/wp-json\/wp\/v2\/users\/2"}],"replies":[{"embeddable":true,"href":"https:\/\/www.portalalerta.com.br\/index.php\/wp-json\/wp\/v2\/comments?post=8176"}],"version-history":[{"count":0,"href":"https:\/\/www.portalalerta.com.br\/index.php\/wp-json\/wp\/v2\/posts\/8176\/revisions"}],"wp:featuredmedia":[{"embeddable":true,"href":"https:\/\/www.portalalerta.com.br\/index.php\/wp-json\/wp\/v2\/media\/8178"}],"wp:attachment":[{"href":"https:\/\/www.portalalerta.com.br\/index.php\/wp-json\/wp\/v2\/media?parent=8176"}],"wp:term":[{"taxonomy":"category","embeddable":true,"href":"https:\/\/www.portalalerta.com.br\/index.php\/wp-json\/wp\/v2\/categories?post=8176"},{"taxonomy":"post_tag","embeddable":true,"href":"https:\/\/www.portalalerta.com.br\/index.php\/wp-json\/wp\/v2\/tags?post=8176"}],"curies":[{"name":"wp","href":"https:\/\/api.w.org\/{rel}","templated":true}]}}