{"id":8481,"date":"2018-06-23T17:07:16","date_gmt":"2018-06-23T20:07:16","guid":{"rendered":"http:\/\/www.portalalerta.com.br\/?p=8481"},"modified":"2018-06-23T17:07:16","modified_gmt":"2018-06-23T20:07:16","slug":"briga-entre-adolescentes-termina-com-um-baleado-em-nova-soure-ba","status":"publish","type":"post","link":"https:\/\/www.portalalerta.com.br\/index.php\/2018\/06\/23\/briga-entre-adolescentes-termina-com-um-baleado-em-nova-soure-ba\/","title":{"rendered":"Briga entre adolescentes termina com um baleado, em Nova Soure-BA"},"content":{"rendered":"<p style=\"text-align: justify;\">Na manh\u00e3 da \u00faltima quinta-feira, 21, um jovem de apenas 16 anos, deu entrada no Hospital Municipal Cora\u00e7\u00e3o de Jesus, em Nova Soure-Ba, v\u00edtima de um disparo de arma de fogo que o atingiu numa das m\u00e3os.<!--more--><\/p>\n<p style=\"text-align: justify;\"><img fetchpriority=\"high\" decoding=\"async\" class=\"size-thumbnail wp-image-7684 alignleft\" src=\"http:\/\/www.portalalerta.com.br\/wp-content\/uploads\/2018\/05\/Real-Cal\u00e7ados-S\u00e3o-Jo\u00e3o-317x240.jpg\" alt=\"\" width=\"317\" height=\"240\" \/>Assim que souberam do ocorrido, policiais militares da cidade, se dirigiram at\u00e9 a Unidade Hospitalar, onde mantiveram contato com o pai da v\u00edtima. De acordo com Antonio Ventura dos Santos, genitor do adolescente baleado, o seu filho teria discutido com outro adolescente identificado pelas iniciais A de C.A, 17 anos, fato ocorrido na noite anterior no povoado Cabeleiro, no referido munic\u00edpio.<\/p>\n<p style=\"text-align: justify;\">J\u00e1 na manh\u00e3 da quinta-feira, 21, pai e filho foram at\u00e9 o povoado Melancia, onde o autor se encontrava, sendo que este passou a proferir amea\u00e7as, sacando um rev\u00f3lver cal. 32, efetuando dois tiros, sendo que um deles atingiu a v\u00edtima.<\/p>\n<p style=\"text-align: justify;\">Os militares orientaram a Antonio Ventura a procurar a Delegacia, para o devido registro da ocorr\u00eancia, e em seguida realizaram buscas pelo suspeito, por\u00e9m o mesmo n\u00e3o foi encontrado.<\/p>\n<p style=\"text-align: justify;\"><a href=\"http:\/\/www.facebook.com.br\/pombalalerta\"><strong>Curta nossa p\u00e1gina no facebook, e continue atualizado sobre tudo o que acontece em sua cidade!<\/strong><\/a><\/p>\n<p style=\"text-align: justify;\"><a href=\"https:\/\/play.google.com\/store\/apps\/details?id=com.globalstore.pombalalerta&amp;hl=pt_BR\"><strong>Baixe o nosso aplicativo, e fique de olho na not\u00edcia!<\/strong><\/a><\/p>\n<p style=\"text-align: justify;\"><em>Reda\u00e7\u00e3o: Portal Alerta<\/em><\/p>\n","protected":false},"excerpt":{"rendered":"<p>Na manh\u00e3 da \u00faltima quinta-feira, 21, um jovem de apenas 16 anos, deu entrada no Hospital Municipal Cora\u00e7\u00e3o de Jesus, em Nova Soure-Ba, v\u00edtima de um disparo de arma de fogo que o atingiu numa das m\u00e3os.<\/p>\n","protected":false},"author":2,"featured_media":5698,"comment_status":"closed","ping_status":"open","sticky":false,"template":"","format":"standard","meta":{"om_disable_all_campaigns":false,"_monsterinsights_skip_tracking":false,"_monsterinsights_sitenote_active":false,"_monsterinsights_sitenote_note":"","_monsterinsights_sitenote_category":0,"footnotes":""},"categories":[70,69,14,32,22],"tags":[1222,128,299,995,106,229],"class_list":["post-8481","post","type-post","status-publish","format-standard","has-post-thumbnail","hentry","category-destaques","category-noticias2","category-nova-soure","category-regiao","category-seguranca","tag-adolescente","tag-disparo-de-arma-de-fogo","tag-ferido","tag-hospital-municipal-coracao-de-jesus","tag-nova-soure","tag-povoado"],"aioseo_notices":[],"_links":{"self":[{"href":"https:\/\/www.portalalerta.com.br\/index.php\/wp-json\/wp\/v2\/posts\/8481","targetHints":{"allow":["GET"]}}],"collection":[{"href":"https:\/\/www.portalalerta.com.br\/index.php\/wp-json\/wp\/v2\/posts"}],"about":[{"href":"https:\/\/www.portalalerta.com.br\/index.php\/wp-json\/wp\/v2\/types\/post"}],"author":[{"embeddable":true,"href":"https:\/\/www.portalalerta.com.br\/index.php\/wp-json\/wp\/v2\/users\/2"}],"replies":[{"embeddable":true,"href":"https:\/\/www.portalalerta.com.br\/index.php\/wp-json\/wp\/v2\/comments?post=8481"}],"version-history":[{"count":0,"href":"https:\/\/www.portalalerta.com.br\/index.php\/wp-json\/wp\/v2\/posts\/8481\/revisions"}],"wp:featuredmedia":[{"embeddable":true,"href":"https:\/\/www.portalalerta.com.br\/index.php\/wp-json\/wp\/v2\/media\/5698"}],"wp:attachment":[{"href":"https:\/\/www.portalalerta.com.br\/index.php\/wp-json\/wp\/v2\/media?parent=8481"}],"wp:term":[{"taxonomy":"category","embeddable":true,"href":"https:\/\/www.portalalerta.com.br\/index.php\/wp-json\/wp\/v2\/categories?post=8481"},{"taxonomy":"post_tag","embeddable":true,"href":"https:\/\/www.portalalerta.com.br\/index.php\/wp-json\/wp\/v2\/tags?post=8481"}],"curies":[{"name":"wp","href":"https:\/\/api.w.org\/{rel}","templated":true}]}}