{"id":8489,"date":"2018-06-23T18:48:39","date_gmt":"2018-06-23T21:48:39","guid":{"rendered":"http:\/\/www.portalalerta.com.br\/?p=8489"},"modified":"2018-06-23T18:48:39","modified_gmt":"2018-06-23T21:48:39","slug":"pombalenses-sao-presos-em-feira-de-santana-ba-com-2kg-de-cocaina-que-tinham-como-destino-ribeira-do-pombal-ba","status":"publish","type":"post","link":"https:\/\/www.portalalerta.com.br\/index.php\/2018\/06\/23\/pombalenses-sao-presos-em-feira-de-santana-ba-com-2kg-de-cocaina-que-tinham-como-destino-ribeira-do-pombal-ba\/","title":{"rendered":"Pombalenses s\u00e3o presos em Feira de Santana-BA, com 2Kg de Coca\u00edna, que tinham como destino Ribeira do Pombal-BA"},"content":{"rendered":"<p style=\"text-align: justify;\">Por volta das 21:00hs de sexta-feira, 22, Policiais Rodovi\u00e1rios Federais em conjunto com\u00a0 Policiais Militares do Grupamento de Opera\u00e7\u00f5es com C\u00e3es da Rondesp\/ Leste, apreenderam 2Kg de Coca\u00edna, que tinham como destino o munic\u00edpio de Ribeira do Pombal-BA.<!--more--><\/p>\n<p style=\"text-align: justify;\">A abordagem aconteceu na BR 116, na Sede da Delegacia de Pol\u00edcia Rodovi\u00e1ria Federal, em Feira de Santana-BA. A droga foi encontrada no interior de um ve\u00edculo Volkswagen Gol de cor prata, placa policial PJA 4405, com licen\u00e7a de Ribeira do Pombal-BA. O ve\u00edculo era conduzido por Douglas dos Santos Silva, tendo a companhia de Jos\u00e9 Antonio Rodrigues da Silva, sendo que este \u00faltimo assumiu a propriedade da droga.<\/p>\n<p style=\"text-align: justify;\"><img fetchpriority=\"high\" decoding=\"async\" class=\"size-thumbnail wp-image-4869 aligncenter\" src=\"http:\/\/www.portalalerta.com.br\/wp-content\/uploads\/2018\/02\/Auto-Escola-Nobre-720x181.jpg\" alt=\"\" width=\"720\" height=\"181\" srcset=\"https:\/\/www.portalalerta.com.br\/wp-content\/uploads\/2018\/02\/Auto-Escola-Nobre.jpg 720w, https:\/\/www.portalalerta.com.br\/wp-content\/uploads\/2018\/02\/Auto-Escola-Nobre-260x65.jpg 260w, https:\/\/www.portalalerta.com.br\/wp-content\/uploads\/2018\/02\/Auto-Escola-Nobre-50x13.jpg 50w, https:\/\/www.portalalerta.com.br\/wp-content\/uploads\/2018\/02\/Auto-Escola-Nobre-150x38.jpg 150w\" sizes=\"(max-width: 720px) 100vw, 720px\" \/>De acordo com a dupla pombalense, o entorpecente foi adquirido em Santo Estev\u00e3o-BA, e tinha como destino Ribeira do Pombal-BA. Ambos foram conduzidos para a Delegacia de Pol\u00edcia Civil, onde foi lavrado o flagrante por Tr\u00e1fico de Drogas.<\/p>\n<figure id=\"attachment_8490\" aria-describedby=\"caption-attachment-8490\" style=\"width: 500px\" class=\"wp-caption aligncenter\"><img decoding=\"async\" class=\"wp-image-8490 size-full\" src=\"http:\/\/www.portalalerta.com.br\/wp-content\/uploads\/2018\/06\/traficantes-presos-2018.1.jpg\" alt=\"\" width=\"500\" height=\"400\" srcset=\"https:\/\/www.portalalerta.com.br\/wp-content\/uploads\/2018\/06\/traficantes-presos-2018.1.jpg 500w, https:\/\/www.portalalerta.com.br\/wp-content\/uploads\/2018\/06\/traficantes-presos-2018.1-300x240.jpg 300w, https:\/\/www.portalalerta.com.br\/wp-content\/uploads\/2018\/06\/traficantes-presos-2018.1-183x146.jpg 183w, https:\/\/www.portalalerta.com.br\/wp-content\/uploads\/2018\/06\/traficantes-presos-2018.1-50x40.jpg 50w, https:\/\/www.portalalerta.com.br\/wp-content\/uploads\/2018\/06\/traficantes-presos-2018.1-94x75.jpg 94w\" sizes=\"(max-width: 500px) 100vw, 500px\" \/><figcaption id=\"caption-attachment-8490\" class=\"wp-caption-text\">Douglas (esquerda), e Corrozinho (direita)<\/figcaption><\/figure>\n<p style=\"text-align: justify;\"><strong>Reincidentes<\/strong><\/p>\n<p style=\"text-align: justify;\">De acordo com a pol\u00edcia, tanto Douglas quanto Jos\u00e9 Antonio possuem passagem policial. Douglas, atualmente conhecido em Ribeira do Pombal-BA por promover eventos (cavalgadas), j\u00e1 foi preso em outra ocasi\u00e3o, acusado de tr\u00e1fico de drogas. J\u00e1 Jos\u00e9 Antonio, mais conhecido na cidade como \u201cCorrozinho\u201d, acumula passagens por participa\u00e7\u00e3o em Assaltos a Ag\u00eancias Banc\u00e1rias, inclusive em outros Estados.<\/p>\n<p style=\"text-align: justify;\"><a href=\"http:\/\/www.facebook.com.br\/pombalalerta\"><strong>Curta nossa p\u00e1gina no facebook, e continue atualizado sobre tudo o que acontece em sua cidade!<\/strong><\/a><\/p>\n<p style=\"text-align: justify;\"><a href=\"https:\/\/play.google.com\/store\/apps\/details?id=com.globalstore.pombalalerta&amp;hl=pt_BR\"><strong>Baixe o nosso aplicativo, e fique de olho na not\u00edcia!<\/strong><\/a><\/p>\n<p style=\"text-align: justify;\"><em>Reda\u00e7\u00e3o: Portal Alerta<\/em><\/p>\n","protected":false},"excerpt":{"rendered":"<p>Por volta das 21:00hs de sexta-feira, 22, Policiais Rodovi\u00e1rios Federais em conjunto com\u00a0 Policiais Militares do Grupamento de Opera\u00e7\u00f5es com C\u00e3es da Rondesp\/ Leste, apreenderam 2Kg de Coca\u00edna, que tinham como destino o munic\u00edpio de Ribeira do Pombal-BA.<\/p>\n","protected":false},"author":2,"featured_media":8491,"comment_status":"closed","ping_status":"open","sticky":false,"template":"","format":"standard","meta":{"om_disable_all_campaigns":false,"_monsterinsights_skip_tracking":false,"_monsterinsights_sitenote_active":false,"_monsterinsights_sitenote_note":"","_monsterinsights_sitenote_category":0,"footnotes":""},"categories":[33,70,69,32,3,22],"tags":[54,377,110,47,1285,76],"class_list":["post-8489","post","type-post","status-publish","format-standard","has-post-thumbnail","hentry","category-bahia","category-destaques","category-noticias2","category-regiao","category-ribeira-do-pombal","category-seguranca","tag-bahia","tag-feira-de-santana","tag-presos","tag-ribeira-do-pombal","tag-santo-estevao","tag-trafico-de-drogas"],"aioseo_notices":[],"_links":{"self":[{"href":"https:\/\/www.portalalerta.com.br\/index.php\/wp-json\/wp\/v2\/posts\/8489","targetHints":{"allow":["GET"]}}],"collection":[{"href":"https:\/\/www.portalalerta.com.br\/index.php\/wp-json\/wp\/v2\/posts"}],"about":[{"href":"https:\/\/www.portalalerta.com.br\/index.php\/wp-json\/wp\/v2\/types\/post"}],"author":[{"embeddable":true,"href":"https:\/\/www.portalalerta.com.br\/index.php\/wp-json\/wp\/v2\/users\/2"}],"replies":[{"embeddable":true,"href":"https:\/\/www.portalalerta.com.br\/index.php\/wp-json\/wp\/v2\/comments?post=8489"}],"version-history":[{"count":0,"href":"https:\/\/www.portalalerta.com.br\/index.php\/wp-json\/wp\/v2\/posts\/8489\/revisions"}],"wp:featuredmedia":[{"embeddable":true,"href":"https:\/\/www.portalalerta.com.br\/index.php\/wp-json\/wp\/v2\/media\/8491"}],"wp:attachment":[{"href":"https:\/\/www.portalalerta.com.br\/index.php\/wp-json\/wp\/v2\/media?parent=8489"}],"wp:term":[{"taxonomy":"category","embeddable":true,"href":"https:\/\/www.portalalerta.com.br\/index.php\/wp-json\/wp\/v2\/categories?post=8489"},{"taxonomy":"post_tag","embeddable":true,"href":"https:\/\/www.portalalerta.com.br\/index.php\/wp-json\/wp\/v2\/tags?post=8489"}],"curies":[{"name":"wp","href":"https:\/\/api.w.org\/{rel}","templated":true}]}}