{"id":8559,"date":"2018-06-26T01:26:35","date_gmt":"2018-06-26T04:26:35","guid":{"rendered":"http:\/\/www.portalalerta.com.br\/?p=8559"},"modified":"2018-06-26T01:26:35","modified_gmt":"2018-06-26T04:26:35","slug":"seis-presos-fogem-da-carceragem-de-euclides-da-cunha-ba","status":"publish","type":"post","link":"https:\/\/www.portalalerta.com.br\/index.php\/2018\/06\/26\/seis-presos-fogem-da-carceragem-de-euclides-da-cunha-ba\/","title":{"rendered":"Seis presos fogem da carceragem de Euclides da Cunha-BA"},"content":{"rendered":"<p style=\"text-align: justify;\">No in\u00edcio da noite do \u00faltimo domingo, 24, seis presos que estavam custodiados na carceragem da 1\u00aa Delegacia Territorial de Euclides da Cunha-BA fugiram por um buraco na parede da cela 01.<!--more--><\/p>\n<p style=\"text-align: justify;\">A fuga s\u00f3 foi percebida pelos policiais na tarde desta segunda-feira, 25, e a partir de ent\u00e3o, o caso foi compartilhado com policiais da regi\u00e3o.<\/p>\n<p style=\"text-align: justify;\"><strong>Confira a Lista com nomes e fotos dos foragidos:<\/strong><\/p>\n<p style=\"text-align: justify;\"><img fetchpriority=\"high\" decoding=\"async\" class=\"aligncenter wp-image-8560 size-full\" src=\"http:\/\/www.portalalerta.com.br\/wp-content\/uploads\/2018\/06\/Fuga-DP-Euclides-da-Cunha-2018.1.jpg\" alt=\"\" width=\"550\" height=\"550\" srcset=\"https:\/\/www.portalalerta.com.br\/wp-content\/uploads\/2018\/06\/Fuga-DP-Euclides-da-Cunha-2018.1.jpg 550w, https:\/\/www.portalalerta.com.br\/wp-content\/uploads\/2018\/06\/Fuga-DP-Euclides-da-Cunha-2018.1-240x240.jpg 240w, https:\/\/www.portalalerta.com.br\/wp-content\/uploads\/2018\/06\/Fuga-DP-Euclides-da-Cunha-2018.1-146x146.jpg 146w, https:\/\/www.portalalerta.com.br\/wp-content\/uploads\/2018\/06\/Fuga-DP-Euclides-da-Cunha-2018.1-50x50.jpg 50w, https:\/\/www.portalalerta.com.br\/wp-content\/uploads\/2018\/06\/Fuga-DP-Euclides-da-Cunha-2018.1-75x75.jpg 75w, https:\/\/www.portalalerta.com.br\/wp-content\/uploads\/2018\/06\/Fuga-DP-Euclides-da-Cunha-2018.1-85x85.jpg 85w, https:\/\/www.portalalerta.com.br\/wp-content\/uploads\/2018\/06\/Fuga-DP-Euclides-da-Cunha-2018.1-80x80.jpg 80w\" sizes=\"(max-width: 550px) 100vw, 550px\" \/>1 &#8211; Adenilton Brito Silva (Pintado)<\/p>\n<p style=\"text-align: justify;\">2 &#8211; Ailton Santana dos Passos Reis (Paulista)<\/p>\n<p style=\"text-align: justify;\">3 &#8211; Alberto Ruan Silveira dos Santos<\/p>\n<p style=\"text-align: justify;\">4 &#8211; Alexsandro de Santos Reis (Neg\u00e3o do Muriti)<\/p>\n<p style=\"text-align: justify;\">5 &#8211; <a href=\"http:\/\/www.portalalerta.com.br\/index.php\/2018\/05\/04\/apos-cometer-diversos-crimes-em-ribeira-do-pombal-homem-e-agredido-e-preso-durante-tentativa-de-roubo-em-tucano-ba\/\"><strong>Clebson Sena Reis (Baby)<\/strong><\/a><\/p>\n<p style=\"text-align: justify;\">6 &#8211; Henrique de Macedo (Z\u00e9 Henrique)<\/p>\n<p style=\"text-align: justify;\"><img decoding=\"async\" class=\"size-full wp-image-2867 aligncenter\" src=\"http:\/\/www.portalalerta.com.br\/wp-content\/uploads\/2017\/11\/protege-1.jpg\" alt=\"\" width=\"600\" height=\"140\" \/>A a\u00e7\u00e3o ocorreu justamente treze dias ap\u00f3s haver uma busca no interior da carceragem, j\u00e1 que policiais daquela unidade desconfiaram de um poss\u00edvel plano de fuga. Na ocasi\u00e3o foram encontrados: 12 por\u00e7\u00f5es de entorpecente an\u00e1logo \u00e0 maconha; 04 aparelhos de telefone celular e 08 carregadores, duas facas grandes e duas pequenas, 01 espelho retrovisor de motocicleta, uma soqueira, 3 colheres, uma caneca de vidro e 15 chu\u00e7os, estes, objetos fabricados artesanalmente por detentos, a partir da retirada de vergalh\u00e3o das camas de concreto das celas e usados como ferramenta para escavar parede e abrir buraco por onde empreendem fuga e assim como o chu\u00e7o, tamb\u00e9m como arma. <a href=\"http:\/\/www.portalalerta.com.br\/index.php\/2018\/06\/13\/drogas-armas-brancas-e-celulares-sao-apreendidos-na-carceragem-de-euclides-da-cunha-ba\/\"><strong>Relembre<\/strong><\/a><\/p>\n<p style=\"text-align: justify;\">At\u00e9 o fechamento desta mat\u00e9ria, nenhum dos foragidos tinha sido capturado. Quem souber do paradeiro dos mesmos, poder\u00e1 entrar em contato com as pol\u00edcias civil e militar da cidade em quest\u00e3o.<\/p>\n<p style=\"text-align: justify;\"><a href=\"http:\/\/www.facebook.com.br\/pombalalerta\"><strong>Curta nossa p\u00e1gina no facebook, e continue atualizado sobre tudo o que acontece em sua cidade!<\/strong><\/a><\/p>\n<p style=\"text-align: justify;\"><a href=\"https:\/\/play.google.com\/store\/apps\/details?id=com.globalstore.pombalalerta&amp;hl=pt_BR\"><strong>Baixe o nosso aplicativo, e fique de olho na not\u00edcia!<\/strong><\/a><\/p>\n<p style=\"text-align: justify;\"><em>Reda\u00e7\u00e3o: Portal Alerta<\/em><\/p>\n","protected":false},"excerpt":{"rendered":"<p>No in\u00edcio da noite do \u00faltimo domingo, 24, seis presos que estavam custodiados na carceragem da 1\u00aa Delegacia Territorial de Euclides da Cunha-BA fugiram por um buraco na parede da cela 01.<\/p>\n","protected":false},"author":2,"featured_media":8561,"comment_status":"closed","ping_status":"open","sticky":false,"template":"","format":"standard","meta":{"om_disable_all_campaigns":false,"_monsterinsights_skip_tracking":false,"_monsterinsights_sitenote_active":false,"_monsterinsights_sitenote_note":"","_monsterinsights_sitenote_category":0,"footnotes":""},"categories":[70,17,69,32,22],"tags":[131,138,129,137,110],"class_list":["post-8559","post","type-post","status-publish","format-standard","has-post-thumbnail","hentry","category-destaques","category-euclides-da-cunha","category-noticias2","category-regiao","category-seguranca","tag-carceragem","tag-delegacia-de-policia-civil","tag-euclides-da-cunha","tag-fuga","tag-presos"],"aioseo_notices":[],"_links":{"self":[{"href":"https:\/\/www.portalalerta.com.br\/index.php\/wp-json\/wp\/v2\/posts\/8559","targetHints":{"allow":["GET"]}}],"collection":[{"href":"https:\/\/www.portalalerta.com.br\/index.php\/wp-json\/wp\/v2\/posts"}],"about":[{"href":"https:\/\/www.portalalerta.com.br\/index.php\/wp-json\/wp\/v2\/types\/post"}],"author":[{"embeddable":true,"href":"https:\/\/www.portalalerta.com.br\/index.php\/wp-json\/wp\/v2\/users\/2"}],"replies":[{"embeddable":true,"href":"https:\/\/www.portalalerta.com.br\/index.php\/wp-json\/wp\/v2\/comments?post=8559"}],"version-history":[{"count":0,"href":"https:\/\/www.portalalerta.com.br\/index.php\/wp-json\/wp\/v2\/posts\/8559\/revisions"}],"wp:featuredmedia":[{"embeddable":true,"href":"https:\/\/www.portalalerta.com.br\/index.php\/wp-json\/wp\/v2\/media\/8561"}],"wp:attachment":[{"href":"https:\/\/www.portalalerta.com.br\/index.php\/wp-json\/wp\/v2\/media?parent=8559"}],"wp:term":[{"taxonomy":"category","embeddable":true,"href":"https:\/\/www.portalalerta.com.br\/index.php\/wp-json\/wp\/v2\/categories?post=8559"},{"taxonomy":"post_tag","embeddable":true,"href":"https:\/\/www.portalalerta.com.br\/index.php\/wp-json\/wp\/v2\/tags?post=8559"}],"curies":[{"name":"wp","href":"https:\/\/api.w.org\/{rel}","templated":true}]}}