{"id":9227,"date":"2018-07-21T14:11:54","date_gmt":"2018-07-21T17:11:54","guid":{"rendered":"http:\/\/www.portalalerta.com.br\/?p=9227"},"modified":"2018-07-21T14:11:54","modified_gmt":"2018-07-21T17:11:54","slug":"psol-confirma-guilherme-boulos-como-candidato-a-presidencia","status":"publish","type":"post","link":"https:\/\/www.portalalerta.com.br\/index.php\/2018\/07\/21\/psol-confirma-guilherme-boulos-como-candidato-a-presidencia\/","title":{"rendered":"PSOL confirma Guilherme Boulos como candidato \u00e0 Presid\u00eancia"},"content":{"rendered":"<p style=\"text-align: justify;\">C\u00fapula do partido do l\u00edder do Movimento dos Trabalhadores Sem Teto MTST tamb\u00e9m escolher\u00e1 a ind\u00edgena S\u00f4nia Guajajara para integrar vice-presid\u00eancia na chapa<!--more--><\/p>\n<p style=\"text-align: justify;\">O PSOL confirmou neste s\u00e1bado, 21, em S\u00e3o Paulo, o nome do l\u00edder do Movimento dos Trabalhadores Sem Teto (MTST), Guilherme Boulos, como candidato \u00e0 Presid\u00eancia da Rep\u00fablica, para as elei\u00e7\u00f5es 2018. A chapa ser\u00e1 composta pela l\u00edder ind\u00edgena, S\u00f4nia Guajajara, que foi escolhida como vice.<\/p>\n<p style=\"text-align: justify;\"><img fetchpriority=\"high\" decoding=\"async\" class=\"size-full wp-image-2902 alignleft\" src=\"http:\/\/www.portalalerta.com.br\/wp-content\/uploads\/2017\/11\/elab-2.jpg\" alt=\"\" width=\"310\" height=\"200\" srcset=\"https:\/\/www.portalalerta.com.br\/wp-content\/uploads\/2017\/11\/elab-2.jpg 310w, https:\/\/www.portalalerta.com.br\/wp-content\/uploads\/2017\/11\/elab-2-226x146.jpg 226w, https:\/\/www.portalalerta.com.br\/wp-content\/uploads\/2017\/11\/elab-2-50x32.jpg 50w, https:\/\/www.portalalerta.com.br\/wp-content\/uploads\/2017\/11\/elab-2-116x75.jpg 116w\" sizes=\"(max-width: 310px) 100vw, 310px\" \/>Nas \u00faltimas semanas, Boulos se aproximou do PT em busca de apoio. PSOL estaria de olho no apoio do partido caso o ex-presidente Luiz In\u00e1cio Lula da Silva seja impugnado pela Justi\u00e7a Eleitoral.<\/p>\n<p style=\"text-align: justify;\">No dia 9, Boulos e o presidente nacional do PSOL, Juliano Medeiros, participaram de um col\u00f3quio promovido pelo Instituto Novos Paradigmas, em Porto Alegre (RS), cujo presidente do conselho \u00e9 o ex-ministro Tarso Genro, uma das poucas lideran\u00e7as petistas a romper o sil\u00eancio imposto pela dire\u00e7\u00e3o partid\u00e1ria e falar publicamente sobre as alternativas do partido na disputa presidencial caso Lula seja barrado.<\/p>\n<p style=\"text-align: justify;\">Al\u00e9m de Tarso, participaram do col\u00f3quio os deputados Maria do Ros\u00e1rio e Henrique Fontana, al\u00e9m do ex-prefeito de Porto Alegre Raul Pont. Segundo participantes, Boulos e Medeiros deixaram uma boa impress\u00e3o entre os petistas. A repercuss\u00e3o favor\u00e1vel do encontro animou a c\u00fapula da campanha de Boulos, que j\u00e1 fala em receber apoio de medalh\u00f5es petistas caso Lula seja, de fato, impugnado.<\/p>\n<p style=\"text-align: justify;\">Conven\u00e7\u00e3o. Participam da conven\u00e7\u00e3o deste s\u00e1bado 61 membros do diret\u00f3rio nacional al\u00e9m de parlamentares do partido, de pr\u00e9-candidatos aos governos estaduais, \u00e0 C\u00e2mara dos Deputados, ao Senado Federal e \u00e0s assembleias legislativas. A assessoria do PSOL tamb\u00e9m divulga a presen\u00e7a de militantes do MTST e de organiza\u00e7\u00f5es ind\u00edgenas.<\/p>\n<p style=\"text-align: justify;\"><em>Fonte: A Tarde<\/em><\/p>\n","protected":false},"excerpt":{"rendered":"<p>C\u00fapula do partido do l\u00edder do Movimento dos Trabalhadores Sem Teto MTST tamb\u00e9m escolher\u00e1 a ind\u00edgena S\u00f4nia Guajajara para integrar vice-presid\u00eancia na chapa<\/p>\n","protected":false},"author":2,"featured_media":9228,"comment_status":"closed","ping_status":"open","sticky":false,"template":"","format":"standard","meta":{"om_disable_all_campaigns":false,"_monsterinsights_skip_tracking":false,"_monsterinsights_sitenote_active":false,"_monsterinsights_sitenote_note":"","_monsterinsights_sitenote_category":0,"footnotes":""},"categories":[34,70,69,21],"tags":[124,782,381,1387,94,1386],"class_list":["post-9227","post","type-post","status-publish","format-standard","has-post-thumbnail","hentry","category-brasil","category-destaques","category-noticias2","category-politica","tag-124","tag-candidatos","tag-eleicoes","tag-guilherme-boulos","tag-presidente","tag-psol"],"aioseo_notices":[],"_links":{"self":[{"href":"https:\/\/www.portalalerta.com.br\/index.php\/wp-json\/wp\/v2\/posts\/9227","targetHints":{"allow":["GET"]}}],"collection":[{"href":"https:\/\/www.portalalerta.com.br\/index.php\/wp-json\/wp\/v2\/posts"}],"about":[{"href":"https:\/\/www.portalalerta.com.br\/index.php\/wp-json\/wp\/v2\/types\/post"}],"author":[{"embeddable":true,"href":"https:\/\/www.portalalerta.com.br\/index.php\/wp-json\/wp\/v2\/users\/2"}],"replies":[{"embeddable":true,"href":"https:\/\/www.portalalerta.com.br\/index.php\/wp-json\/wp\/v2\/comments?post=9227"}],"version-history":[{"count":0,"href":"https:\/\/www.portalalerta.com.br\/index.php\/wp-json\/wp\/v2\/posts\/9227\/revisions"}],"wp:featuredmedia":[{"embeddable":true,"href":"https:\/\/www.portalalerta.com.br\/index.php\/wp-json\/wp\/v2\/media\/9228"}],"wp:attachment":[{"href":"https:\/\/www.portalalerta.com.br\/index.php\/wp-json\/wp\/v2\/media?parent=9227"}],"wp:term":[{"taxonomy":"category","embeddable":true,"href":"https:\/\/www.portalalerta.com.br\/index.php\/wp-json\/wp\/v2\/categories?post=9227"},{"taxonomy":"post_tag","embeddable":true,"href":"https:\/\/www.portalalerta.com.br\/index.php\/wp-json\/wp\/v2\/tags?post=9227"}],"curies":[{"name":"wp","href":"https:\/\/api.w.org\/{rel}","templated":true}]}}