{"id":9233,"date":"2018-07-21T14:42:09","date_gmt":"2018-07-21T17:42:09","guid":{"rendered":"http:\/\/www.portalalerta.com.br\/?p=9233"},"modified":"2018-07-21T14:42:09","modified_gmt":"2018-07-21T17:42:09","slug":"adolescente-e-assassinado-a-tiros-em-tucano-ba","status":"publish","type":"post","link":"https:\/\/www.portalalerta.com.br\/index.php\/2018\/07\/21\/adolescente-e-assassinado-a-tiros-em-tucano-ba\/","title":{"rendered":"Adolescente \u00e9 assassinado a tiros em Tucano-BA"},"content":{"rendered":"<p style=\"text-align: justify;\">Na noite da \u00faltima sexta-feira, 20, um adolescente foi v\u00edtima de homic\u00eddio, quando transitava a bordo de uma bicicleta, na Rua Domingos Carlos dos Reis, em Caldas do Jorro, distrito de Tucano-BA.<!--more--><\/p>\n<p style=\"text-align: justify;\"><img fetchpriority=\"high\" decoding=\"async\" class=\"size-thumbnail wp-image-4869 aligncenter\" src=\"http:\/\/www.portalalerta.com.br\/wp-content\/uploads\/2018\/02\/Auto-Escola-Nobre-720x181.jpg\" alt=\"\" width=\"720\" height=\"181\" srcset=\"https:\/\/www.portalalerta.com.br\/wp-content\/uploads\/2018\/02\/Auto-Escola-Nobre.jpg 720w, https:\/\/www.portalalerta.com.br\/wp-content\/uploads\/2018\/02\/Auto-Escola-Nobre-260x65.jpg 260w, https:\/\/www.portalalerta.com.br\/wp-content\/uploads\/2018\/02\/Auto-Escola-Nobre-50x13.jpg 50w, https:\/\/www.portalalerta.com.br\/wp-content\/uploads\/2018\/02\/Auto-Escola-Nobre-150x38.jpg 150w\" sizes=\"(max-width: 720px) 100vw, 720px\" \/>De acordo com informa\u00e7\u00f5es, os criminosos estavam a bordo de um carro, cujos dados n\u00e3o foram anotados. Policiais militares do munic\u00edpio foram informados do crime, e imediatamente se dirigiram at\u00e9 o local, onde constataram a veracidade da informa\u00e7\u00e3o. A v\u00edtima foi identificada como o adolescente Jo\u00e3o Paulo Lima Santos (Tet\u00e9), 14 anos. Ainda segundo relatos, a v\u00edtima tinha envolvimento em diversos atos infracionais na regi\u00e3o, onde era bastante conhecido por arrombamentos residenciais, e roubos.<\/p>\n<p style=\"text-align: justify;\">O crime foi informado aos policiais civis, bem como ao Departamento de Pol\u00edcia T\u00e9cnica (DPT-Euclides da Cunha-BA), para a realiza\u00e7\u00e3o da per\u00edcia, bem como a remo\u00e7\u00e3o do corpo para ser autopsiado.<\/p>\n<figure id=\"attachment_9234\" aria-describedby=\"caption-attachment-9234\" style=\"width: 500px\" class=\"wp-caption aligncenter\"><img decoding=\"async\" class=\"wp-image-9234 size-full\" src=\"http:\/\/www.portalalerta.com.br\/wp-content\/uploads\/2018\/07\/homicidio-em-tucano-2018.9.jpg\" alt=\"\" width=\"500\" height=\"400\" srcset=\"https:\/\/www.portalalerta.com.br\/wp-content\/uploads\/2018\/07\/homicidio-em-tucano-2018.9.jpg 500w, https:\/\/www.portalalerta.com.br\/wp-content\/uploads\/2018\/07\/homicidio-em-tucano-2018.9-300x240.jpg 300w, https:\/\/www.portalalerta.com.br\/wp-content\/uploads\/2018\/07\/homicidio-em-tucano-2018.9-183x146.jpg 183w, https:\/\/www.portalalerta.com.br\/wp-content\/uploads\/2018\/07\/homicidio-em-tucano-2018.9-50x40.jpg 50w, https:\/\/www.portalalerta.com.br\/wp-content\/uploads\/2018\/07\/homicidio-em-tucano-2018.9-94x75.jpg 94w\" sizes=\"(max-width: 500px) 100vw, 500px\" \/><figcaption id=\"caption-attachment-9234\" class=\"wp-caption-text\">Adolescente foi alvejado por diversos disparos de arma de fogo, enquanto pedalava numa bicicleta<\/figcaption><\/figure>\n<p style=\"text-align: justify;\">Este \u00e9 o terceiro homic\u00eddio registrado num intervalo de quatro dias, e o d\u00e9cimo primeiro do ano, em Tucano-BA.<\/p>\n<p style=\"text-align: justify;\"><a href=\"http:\/\/www.facebook.com.br\/pombalalerta\"><strong>Curta nossa p\u00e1gina no facebook, e continue atualizado sobre tudo o que acontece em sua cidade!<\/strong><\/a><\/p>\n<p style=\"text-align: justify;\"><a href=\"https:\/\/play.google.com\/store\/apps\/details?id=com.globalstore.pombalalerta&amp;hl=pt_BR\"><strong>Baixe o nosso aplicativo, e fique de olho na not\u00edcia!<\/strong><\/a><\/p>\n<p style=\"text-align: justify;\"><em>Reda\u00e7\u00e3o: Portal Alerta<\/em><\/p>\n","protected":false},"excerpt":{"rendered":"<p>Na noite da \u00faltima sexta-feira, 20, um adolescente foi v\u00edtima de homic\u00eddio, quando transitava a bordo de uma bicicleta, na Rua Domingos Carlos dos Reis, em Caldas do Jorro, distrito de Tucano-BA.<\/p>\n","protected":false},"author":2,"featured_media":3160,"comment_status":"closed","ping_status":"open","sticky":false,"template":"","format":"standard","meta":{"om_disable_all_campaigns":false,"_monsterinsights_skip_tracking":false,"_monsterinsights_sitenote_active":false,"_monsterinsights_sitenote_note":"","_monsterinsights_sitenote_category":0,"footnotes":""},"categories":[70,69,32,22,12],"tags":[1222,389,128,206,190],"class_list":["post-9233","post","type-post","status-publish","format-standard","has-post-thumbnail","hentry","category-destaques","category-noticias2","category-regiao","category-seguranca","category-tucano","tag-adolescente","tag-caldas-do-jorro","tag-disparo-de-arma-de-fogo","tag-homicidio","tag-tucano"],"aioseo_notices":[],"_links":{"self":[{"href":"https:\/\/www.portalalerta.com.br\/index.php\/wp-json\/wp\/v2\/posts\/9233","targetHints":{"allow":["GET"]}}],"collection":[{"href":"https:\/\/www.portalalerta.com.br\/index.php\/wp-json\/wp\/v2\/posts"}],"about":[{"href":"https:\/\/www.portalalerta.com.br\/index.php\/wp-json\/wp\/v2\/types\/post"}],"author":[{"embeddable":true,"href":"https:\/\/www.portalalerta.com.br\/index.php\/wp-json\/wp\/v2\/users\/2"}],"replies":[{"embeddable":true,"href":"https:\/\/www.portalalerta.com.br\/index.php\/wp-json\/wp\/v2\/comments?post=9233"}],"version-history":[{"count":0,"href":"https:\/\/www.portalalerta.com.br\/index.php\/wp-json\/wp\/v2\/posts\/9233\/revisions"}],"wp:featuredmedia":[{"embeddable":true,"href":"https:\/\/www.portalalerta.com.br\/index.php\/wp-json\/wp\/v2\/media\/3160"}],"wp:attachment":[{"href":"https:\/\/www.portalalerta.com.br\/index.php\/wp-json\/wp\/v2\/media?parent=9233"}],"wp:term":[{"taxonomy":"category","embeddable":true,"href":"https:\/\/www.portalalerta.com.br\/index.php\/wp-json\/wp\/v2\/categories?post=9233"},{"taxonomy":"post_tag","embeddable":true,"href":"https:\/\/www.portalalerta.com.br\/index.php\/wp-json\/wp\/v2\/tags?post=9233"}],"curies":[{"name":"wp","href":"https:\/\/api.w.org\/{rel}","templated":true}]}}