{"id":9240,"date":"2018-07-22T13:12:28","date_gmt":"2018-07-22T16:12:28","guid":{"rendered":"http:\/\/www.portalalerta.com.br\/?p=9240"},"modified":"2018-07-22T13:12:28","modified_gmt":"2018-07-22T16:12:28","slug":"inscricoes-para-o-fies-terminam-neste-domingo-22","status":"publish","type":"post","link":"https:\/\/www.portalalerta.com.br\/index.php\/2018\/07\/22\/inscricoes-para-o-fies-terminam-neste-domingo-22\/","title":{"rendered":"Inscri\u00e7\u00f5es para o Fies terminam neste domingo (22)"},"content":{"rendered":"<p style=\"text-align: justify;\">Ser\u00e3o ofertadas pelo menos 155 mil vagas, das quais 50 mil com juro zero<!--more--><\/p>\n<p style=\"text-align: justify;\">O Fundo de Financiamento Estudantil (Fies) encerra, neste domingo (22), as inscri\u00e7\u00f5es para os candidatos ao cr\u00e9dito no segundo semestre deste ano. Ser\u00e3o ofertadas pelo menos 155 mil vagas, das quais 50 mil com juro zero. Os interessados podem se inscrever no<a href=\"http:\/\/sisfiesportal.mec.gov.br\/\"><strong>\u00a0site do programa na internet.<\/strong><\/a><\/p>\n<p>Pode concorrer \u00e0s vagas do Fies quem fez uma das edi\u00e7\u00f5es do Exame Nacional do Ensino M\u00e9dio (Enem) a partir de 2010 e teve m\u00e9dia igual ou superior a 450 pontos, al\u00e9m de nota maior que zero na reda\u00e7\u00e3o.<\/p>\n<p><img fetchpriority=\"high\" decoding=\"async\" class=\"size-full wp-image-2902 alignleft\" src=\"http:\/\/www.portalalerta.com.br\/wp-content\/uploads\/2017\/11\/elab-2.jpg\" alt=\"\" width=\"310\" height=\"200\" srcset=\"https:\/\/www.portalalerta.com.br\/wp-content\/uploads\/2017\/11\/elab-2.jpg 310w, https:\/\/www.portalalerta.com.br\/wp-content\/uploads\/2017\/11\/elab-2-226x146.jpg 226w, https:\/\/www.portalalerta.com.br\/wp-content\/uploads\/2017\/11\/elab-2-50x32.jpg 50w, https:\/\/www.portalalerta.com.br\/wp-content\/uploads\/2017\/11\/elab-2-116x75.jpg 116w\" sizes=\"(max-width: 310px) 100vw, 310px\" \/>O novo Fies tem modalidades de acordo com a renda familiar do candidato. A modalidade que tem juro zero destina-se a candidatos com renda mensal familiar per capita de at\u00e9 tr\u00eas sal\u00e1rios m\u00ednimos. Nesse caso, o financiamento m\u00ednimo \u00e9 50% do curso, enquanto o limite m\u00e1ximo semestral \u00e9 R$ 42 mil.<\/p>\n<p>A modalidade chamada de P-Fies \u00e9 para candidatos com renda familiar per capita entre tr\u00eas e cinco sal\u00e1rios m\u00ednimos. Nesse caso, o financiamento \u00e9 feito por condi\u00e7\u00f5es definidas pelo agente financeiro operador de cr\u00e9dito, que pode ser um banco privado ou fundos constitucionais e de desenvolvimento.<\/p>\n<p>O resultado da sele\u00e7\u00e3o do Fies ser\u00e1 divulgado no dia 27 deste m\u00eas, em chamada \u00fanica. Os candidatos pr\u00e9-selecionados dever\u00e3o complementar as informa\u00e7\u00f5es da inscri\u00e7\u00e3o no per\u00edodo de 27 a 31 deste m\u00eas e, em seguida, fechar a contrata\u00e7\u00e3o do financiamento.<\/p>\n<p>No caso dos estudantes inscritos no P-Fies, n\u00e3o haver\u00e1 lista de espera. Os demais candidatos poder\u00e3o manifestar interesse entre os dias 1\u00ba e 24 de agosto.<\/p>\n<p>O Fies concede financiamento a estudantes em cursos superiores de institui\u00e7\u00f5es privadas que tenham avalia\u00e7\u00e3o positiva do Minist\u00e9rio da Educa\u00e7\u00e3o.<\/p>\n<p style=\"text-align: justify;\"><em>Fonte: iBahia<\/em><\/p>\n","protected":false},"excerpt":{"rendered":"<p>Ser\u00e3o ofertadas pelo menos 155 mil vagas, das quais 50 mil com juro zero<\/p>\n","protected":false},"author":2,"featured_media":9241,"comment_status":"closed","ping_status":"open","sticky":false,"template":"","format":"standard","meta":{"om_disable_all_campaigns":false,"_monsterinsights_skip_tracking":false,"_monsterinsights_sitenote_active":false,"_monsterinsights_sitenote_note":"","_monsterinsights_sitenote_category":0,"footnotes":""},"categories":[34,70,20,69],"tags":[93,140,1388],"class_list":["post-9240","post","type-post","status-publish","format-standard","has-post-thumbnail","hentry","category-brasil","category-destaques","category-educacao","category-noticias2","tag-brasil","tag-educacao","tag-fies"],"aioseo_notices":[],"_links":{"self":[{"href":"https:\/\/www.portalalerta.com.br\/index.php\/wp-json\/wp\/v2\/posts\/9240","targetHints":{"allow":["GET"]}}],"collection":[{"href":"https:\/\/www.portalalerta.com.br\/index.php\/wp-json\/wp\/v2\/posts"}],"about":[{"href":"https:\/\/www.portalalerta.com.br\/index.php\/wp-json\/wp\/v2\/types\/post"}],"author":[{"embeddable":true,"href":"https:\/\/www.portalalerta.com.br\/index.php\/wp-json\/wp\/v2\/users\/2"}],"replies":[{"embeddable":true,"href":"https:\/\/www.portalalerta.com.br\/index.php\/wp-json\/wp\/v2\/comments?post=9240"}],"version-history":[{"count":0,"href":"https:\/\/www.portalalerta.com.br\/index.php\/wp-json\/wp\/v2\/posts\/9240\/revisions"}],"wp:featuredmedia":[{"embeddable":true,"href":"https:\/\/www.portalalerta.com.br\/index.php\/wp-json\/wp\/v2\/media\/9241"}],"wp:attachment":[{"href":"https:\/\/www.portalalerta.com.br\/index.php\/wp-json\/wp\/v2\/media?parent=9240"}],"wp:term":[{"taxonomy":"category","embeddable":true,"href":"https:\/\/www.portalalerta.com.br\/index.php\/wp-json\/wp\/v2\/categories?post=9240"},{"taxonomy":"post_tag","embeddable":true,"href":"https:\/\/www.portalalerta.com.br\/index.php\/wp-json\/wp\/v2\/tags?post=9240"}],"curies":[{"name":"wp","href":"https:\/\/api.w.org\/{rel}","templated":true}]}}