{"id":9243,"date":"2018-07-22T13:29:45","date_gmt":"2018-07-22T16:29:45","guid":{"rendered":"http:\/\/www.portalalerta.com.br\/?p=9243"},"modified":"2018-07-22T14:46:34","modified_gmt":"2018-07-22T17:46:34","slug":"suspeitos-sao-flagrados-com-municoes-de-fuzil-no-suburbio-ferroviario-em-salvador-ba","status":"publish","type":"post","link":"https:\/\/www.portalalerta.com.br\/index.php\/2018\/07\/22\/suspeitos-sao-flagrados-com-municoes-de-fuzil-no-suburbio-ferroviario-em-salvador-ba\/","title":{"rendered":"Suspeitos s\u00e3o flagrados com muni\u00e7\u00f5es de fuzil no sub\u00farbio ferrovi\u00e1rio, em Salvador-BA"},"content":{"rendered":"<p style=\"text-align: justify;\">Material apreendido pelo pol\u00edcia com os suspeitos<!--more--><\/p>\n<p style=\"text-align: justify;\">Tr\u00eas jovens\u00a0foram presos e um adolescente foi apreendido na sexta-feira, 20, com 96 muni\u00e7\u00f5es para fuzil no bairro de\u00a0Coutos, no Sub\u00farbio Ferrovi\u00e1rio de Salvador. Eles\u00a0s\u00e3o\u00a0suspeitos de tr\u00e1fico de drogas, homic\u00eddios e roubos.<\/p>\n<p style=\"text-align: justify;\"><img fetchpriority=\"high\" decoding=\"async\" class=\"size-thumbnail wp-image-4869 aligncenter\" src=\"http:\/\/www.portalalerta.com.br\/wp-content\/uploads\/2018\/02\/Auto-Escola-Nobre-720x181.jpg\" alt=\"\" width=\"720\" height=\"181\" srcset=\"https:\/\/www.portalalerta.com.br\/wp-content\/uploads\/2018\/02\/Auto-Escola-Nobre.jpg 720w, https:\/\/www.portalalerta.com.br\/wp-content\/uploads\/2018\/02\/Auto-Escola-Nobre-260x65.jpg 260w, https:\/\/www.portalalerta.com.br\/wp-content\/uploads\/2018\/02\/Auto-Escola-Nobre-50x13.jpg 50w, https:\/\/www.portalalerta.com.br\/wp-content\/uploads\/2018\/02\/Auto-Escola-Nobre-150x38.jpg 150w\" sizes=\"(max-width: 720px) 100vw, 720px\" \/>De acordo com informa\u00e7\u00f5es da\u00a0Secretaria de Seguran\u00e7a P\u00fablica da Bahia (SSP-BA), o\u00a0quarteto foi detido\u00a0na rua Mo\u00e7ambique, quando leva dentro de sacolas, 96 muni\u00e7\u00f5es de calibre 7,62, al\u00e9m de oito pinos de coca\u00edna e celulares.foram detidos<\/p>\n<p style=\"text-align: justify;\">Ant\u00f4nio Vin\u00edcius do Carmo Vidal, de 20 anos, o &#8216;Rato&#8217;, Islan Ribeiro Cardoso, 19, Marcos Bispo dos Santos, 18, foram levados para 5\u00aa Delegacia Territorial (DT) de Periperi. O adolescente foi encaminhado para Delegacia para o Adolescente Infrator (DAI), no bairro de Brotas.<\/p>\n<figure id=\"attachment_9244\" aria-describedby=\"caption-attachment-9244\" style=\"width: 500px\" class=\"wp-caption aligncenter\"><img decoding=\"async\" class=\"wp-image-9244 size-full\" src=\"http:\/\/www.portalalerta.com.br\/wp-content\/uploads\/2018\/07\/posse-ilegal-de-muni\u00e7\u00e3o-em-Salvador-2018.1.jpg\" alt=\"\" width=\"500\" height=\"270\" srcset=\"https:\/\/www.portalalerta.com.br\/wp-content\/uploads\/2018\/07\/posse-ilegal-de-muni\u00e7\u00e3o-em-Salvador-2018.1.jpg 500w, https:\/\/www.portalalerta.com.br\/wp-content\/uploads\/2018\/07\/posse-ilegal-de-muni\u00e7\u00e3o-em-Salvador-2018.1-444x240.jpg 444w, https:\/\/www.portalalerta.com.br\/wp-content\/uploads\/2018\/07\/posse-ilegal-de-muni\u00e7\u00e3o-em-Salvador-2018.1-260x140.jpg 260w, https:\/\/www.portalalerta.com.br\/wp-content\/uploads\/2018\/07\/posse-ilegal-de-muni\u00e7\u00e3o-em-Salvador-2018.1-50x27.jpg 50w, https:\/\/www.portalalerta.com.br\/wp-content\/uploads\/2018\/07\/posse-ilegal-de-muni\u00e7\u00e3o-em-Salvador-2018.1-139x75.jpg 139w\" sizes=\"(max-width: 500px) 100vw, 500px\" \/><figcaption id=\"caption-attachment-9244\" class=\"wp-caption-text\">Suspeitos foram flagrados na rua Mo\u00e7ambique, em Coutos<\/figcaption><\/figure>\n<p style=\"text-align: justify;\"><em>Fonte: A Tarde<\/em><\/p>\n","protected":false},"excerpt":{"rendered":"<p>Material apreendido pelo pol\u00edcia com os suspeitos<\/p>\n","protected":false},"author":2,"featured_media":9246,"comment_status":"closed","ping_status":"open","sticky":false,"template":"","format":"standard","meta":{"om_disable_all_campaigns":false,"_monsterinsights_skip_tracking":false,"_monsterinsights_sitenote_active":false,"_monsterinsights_sitenote_note":"","_monsterinsights_sitenote_category":0,"footnotes":""},"categories":[33,70,69,22],"tags":[54,1389,104,354,110,330,76],"class_list":["post-9243","post","type-post","status-publish","format-standard","has-post-thumbnail","hentry","category-bahia","category-destaques","category-noticias2","category-seguranca","tag-bahia","tag-fuzil","tag-policia","tag-posse-ilegal-de-municao","tag-presos","tag-salvador","tag-trafico-de-drogas"],"aioseo_notices":[],"_links":{"self":[{"href":"https:\/\/www.portalalerta.com.br\/index.php\/wp-json\/wp\/v2\/posts\/9243","targetHints":{"allow":["GET"]}}],"collection":[{"href":"https:\/\/www.portalalerta.com.br\/index.php\/wp-json\/wp\/v2\/posts"}],"about":[{"href":"https:\/\/www.portalalerta.com.br\/index.php\/wp-json\/wp\/v2\/types\/post"}],"author":[{"embeddable":true,"href":"https:\/\/www.portalalerta.com.br\/index.php\/wp-json\/wp\/v2\/users\/2"}],"replies":[{"embeddable":true,"href":"https:\/\/www.portalalerta.com.br\/index.php\/wp-json\/wp\/v2\/comments?post=9243"}],"version-history":[{"count":0,"href":"https:\/\/www.portalalerta.com.br\/index.php\/wp-json\/wp\/v2\/posts\/9243\/revisions"}],"wp:featuredmedia":[{"embeddable":true,"href":"https:\/\/www.portalalerta.com.br\/index.php\/wp-json\/wp\/v2\/media\/9246"}],"wp:attachment":[{"href":"https:\/\/www.portalalerta.com.br\/index.php\/wp-json\/wp\/v2\/media?parent=9243"}],"wp:term":[{"taxonomy":"category","embeddable":true,"href":"https:\/\/www.portalalerta.com.br\/index.php\/wp-json\/wp\/v2\/categories?post=9243"},{"taxonomy":"post_tag","embeddable":true,"href":"https:\/\/www.portalalerta.com.br\/index.php\/wp-json\/wp\/v2\/tags?post=9243"}],"curies":[{"name":"wp","href":"https:\/\/api.w.org\/{rel}","templated":true}]}}